{"id":255354,"date":"2026-05-22T18:41:16","date_gmt":"2026-05-22T18:41:16","guid":{"rendered":"https:\/\/www.europesays.com\/fi\/255354\/"},"modified":"2026-05-22T18:41:16","modified_gmt":"2026-05-22T18:41:16","slug":"ella-hakkinen-nuori-moottoriurheilulupaus-ja-mika-hakkisen-tytar","status":"publish","type":"post","link":"https:\/\/www.europesays.com\/fi\/255354\/","title":{"rendered":"Ella H\u00e4kkinen: Nuori Moottoriurheilulupaus ja Mika H\u00e4kkisen Tyt\u00e4r"},"content":{"rendered":"<p class=\"article-content article-content-width !bg-background\">Formula 1 -t\u00e4hti <a alt=\"Haku\" class=\"text-primary-red font-extrabold\" href=\"https:\/\/www.seiska.fi\/haku?q=Mika H\u00e4kkisen\" rel=\"nofollow noopener\" target=\"_blank\">Mika H\u00e4kkisen<\/a> tyt\u00e4r <a alt=\"Haku\" class=\"text-primary-red font-extrabold\" href=\"https:\/\/www.seiska.fi\/haku?q=Ella H\u00e4kkinen\" rel=\"nofollow noopener\" target=\"_blank\">Ella H\u00e4kkinen<\/a>, 15, on moottoriurheilun nuori lupaus.<\/p>\n<p class=\"font-weight-bold m-font-weight-bold article-content article-content-width !bg-background\">Katso my\u00f6s! Seiska Mika H\u00e4kkisen kanssa Tallinnassa (2023):<\/p>\n<p class=\"article-content article-content-width !bg-background\">Pitk\u00e4\u00e4n kartingia harrastanut Ella on aloittanut t\u00e4n\u00e4 kev\u00e4\u00e4n\u00e4 h\u00e4nen\u00a0 ensimm\u00e4isen kautensa\u00a0formula-autoissa.\u00a0<\/p>\n<p>&#8221;Ilmapiiri on parempi ilman h\u00e4nt\u00e4&#8221;<\/p>\n<p class=\"article-content article-content-width !bg-background\">Keski- ja It\u00e4-Euroopan F4 CEZ -sarjassa kisaava Ella kertoo Britannian yleisradioyhti\u00f6<a href=\"https:\/\/www.instagram.com\/reels\/DYml2n3E7k1\/\" target=\"_blank\" rel=\"nofollow noopener\"> BBC:n <\/a>haastattelussa j\u00e4tt\u00e4v\u00e4ns\u00e4 is\u00e4ns\u00e4 omista varikkojoukoistaan mielummin kokonaan pois.<\/p>\n<p class=\"article-content article-content-width !bg-background\">\u2013 H\u00e4n on eritt\u00e4in avulias ja tiet\u00e4\u00e4 selv\u00e4sti, millaista ajattelutapaa t\u00e4ss\u00e4 lajissa tarvitaan. Mutta yleens\u00e4 menen kisoihin ilman h\u00e4nt\u00e4, Ella aloittaa.<\/p>\n<p class=\"article-content article-content-width !bg-background\"> \u2013 Ilmapiiri on vain parempi ilman h\u00e4nt\u00e4, koska h\u00e4n on aika tunteellinen. Mutta h\u00e4n on todella hyv\u00e4 antamaan neuvoja ja ymm\u00e4rt\u00e4\u00e4, mit\u00e4 pit\u00e4\u00e4 tehd\u00e4 ennen kilpailua ja sen j\u00e4lkeen palautumisen kannalta, h\u00e4n jatkaa.<\/p>\n<p>                <img decoding=\"async\" src=\"https:\/\/www.europesays.com\/fi\/wp-content\/uploads\/2026\/05\/2160139.webp\" width=\"576\" height=\"274\" alt=\"Ella kilpailee sarjassa sveitsil\u00e4isell\u00e4 Jenzer-tallin autolla.\" loading=\"lazy\" \/>            <\/p>\n<p>\n            Ella kilpailee sarjassa sveitsil\u00e4isell\u00e4 Jenzer-tallin autolla.<br \/>\n            AOP\n        <\/p>\n<p class=\"article-content article-content-width !bg-background\">Ellan mukaan h\u00e4nen is\u00e4ns\u00e4 urallinen menestys on kuitenkin h\u00e4nelle valtava etu. Mika voitti urallaan kaksi Formula 1 -maailmanmestaruutta, vuosina 1998 ja 1999.<\/p>\n<p>Uusperhearkea Monacossa<\/p>\n<p class=\"article-content article-content-width !bg-background\">Ella on Mikan ja h\u00e4nen vaimonsa <a alt=\"Haku\" class=\"text-primary-red font-extrabold\" href=\"https:\/\/www.seiska.fi\/haku?q=Marketa H\u00e4kkisen\" rel=\"nofollow noopener\" target=\"_blank\">Marketa H\u00e4kkisen<\/a> esikoistyt\u00e4r. Pariskunnalla on my\u00f6s vuonna 2014 syntyneet kaksoset <a alt=\"Haku\" class=\"text-primary-red font-extrabold\" href=\"https:\/\/www.seiska.fi\/haku?q=Daniel\" rel=\"nofollow noopener\" target=\"_blank\">Daniel<\/a> ja <a alt=\"Haku\" class=\"text-primary-red font-extrabold\" href=\"https:\/\/www.seiska.fi\/haku?q=Lynn\" rel=\"nofollow noopener\" target=\"_blank\">Lynn<\/a>.<\/p>\n<p>                <img decoding=\"async\" src=\"https:\/\/www.europesays.com\/fi\/wp-content\/uploads\/2026\/05\/2160137.webp\" width=\"576\" height=\"720\" alt=\"Mika ja Marketa avioituivat Monacossa siviilimenion vuonna 2016. H\u00e4it\u00e4 tanssittiin Rovaniemell\u00e4 vuonna 2017.\" loading=\"lazy\" \/>            <\/p>\n<p>\n            Mika ja Marketa avioituivat Monacossa siviilimenion vuonna 2016. H\u00e4it\u00e4 tanssittiin Rovaniemell\u00e4 vuonna 2017.<br \/>\n            Ari Lahti\n        <\/p>\n<p class=\"article-content article-content-width !bg-background\">Ellan, Lynnin ja Danielin lis\u00e4ksi Mikalla on jo kaksi aikuista lasta yhdess\u00e4 ex-vaimonsa <a alt=\"Haku\" class=\"text-primary-red font-extrabold\" href=\"https:\/\/www.seiska.fi\/haku?q=Erja H\u00e4kkisen\" rel=\"nofollow noopener\" target=\"_blank\">Erja H\u00e4kkisen<\/a> kanssa. Perhe on asunut Monacossa 90-luvulta l\u00e4htien.<\/p>\n<p><script async src=\"\/\/www.instagram.com\/embed.js\"><\/script><\/p>\n","protected":false},"excerpt":{"rendered":"Formula 1 -t\u00e4hti Mika H\u00e4kkisen tyt\u00e4r Ella H\u00e4kkinen, 15, on moottoriurheilun nuori lupaus. Katso my\u00f6s! Seiska Mika H\u00e4kkisen&hellip;\n","protected":false},"author":2,"featured_media":255355,"comment_status":"","ping_status":"","sticky":false,"template":"","format":"standard","meta":{"footnotes":"","_share_on_mastodon":"0"},"categories":[158],"tags":[26876,33,31,30,3437,212,7099,2637,83,159,32,160],"class_list":["post-255354","post","type-post","status-publish","format-standard","has-post-thumbnail","category-urheilu","tag-ella-hakkinen","tag-fi","tag-finland","tag-finnish","tag-formula-1","tag-lifestyle","tag-mika-hakkinen","tag-monaco","tag-moottoriurheilu","tag-sports","tag-suomi","tag-urheilu"],"share_on_mastodon":{"url":"https:\/\/pubeurope.com\/@fi\/116619699087681863","error":""},"_links":{"self":[{"href":"https:\/\/www.europesays.com\/fi\/wp-json\/wp\/v2\/posts\/255354","targetHints":{"allow":["GET"]}}],"collection":[{"href":"https:\/\/www.europesays.com\/fi\/wp-json\/wp\/v2\/posts"}],"about":[{"href":"https:\/\/www.europesays.com\/fi\/wp-json\/wp\/v2\/types\/post"}],"author":[{"embeddable":true,"href":"https:\/\/www.europesays.com\/fi\/wp-json\/wp\/v2\/users\/2"}],"replies":[{"embeddable":true,"href":"https:\/\/www.europesays.com\/fi\/wp-json\/wp\/v2\/comments?post=255354"}],"version-history":[{"count":0,"href":"https:\/\/www.europesays.com\/fi\/wp-json\/wp\/v2\/posts\/255354\/revisions"}],"wp:featuredmedia":[{"embeddable":true,"href":"https:\/\/www.europesays.com\/fi\/wp-json\/wp\/v2\/media\/255355"}],"wp:attachment":[{"href":"https:\/\/www.europesays.com\/fi\/wp-json\/wp\/v2\/media?parent=255354"}],"wp:term":[{"taxonomy":"category","embeddable":true,"href":"https:\/\/www.europesays.com\/fi\/wp-json\/wp\/v2\/categories?post=255354"},{"taxonomy":"post_tag","embeddable":true,"href":"https:\/\/www.europesays.com\/fi\/wp-json\/wp\/v2\/tags?post=255354"}],"curies":[{"name":"wp","href":"https:\/\/api.w.org\/{rel}","templated":true}]}}