{"id":255810,"date":"2026-05-23T07:11:12","date_gmt":"2026-05-23T07:11:12","guid":{"rendered":"https:\/\/www.europesays.com\/fi\/255810\/"},"modified":"2026-05-23T07:11:12","modified_gmt":"2026-05-23T07:11:12","slug":"juhani-palmun-leskella-leila-palmulla-on-seuralainen-joka-esitellaan-nyt-seiskan-lukijoille","status":"publish","type":"post","link":"https:\/\/www.europesays.com\/fi\/255810\/","title":{"rendered":"Juhani Palmun leskell\u00e4 Leila Palmulla on seuralainen, joka esitell\u00e4\u00e4n nyt Seiskan lukijoille."},"content":{"rendered":"<p>            Timo Korhonen\n        <\/p>\n<p class=\"subtitle \">Edesmenneen taidemaalarin lesken seurassa viihtyy vaasalainen yst\u00e4v\u00e4.<\/p>\n<p class=\"article-content article-content-width !bg-background\">Seiska k\u00e4vi hiljattain H\u00e4rm\u00e4ss\u00e4 tapaamassa .<\/p>\n<p class=\"font-weight-bold m-font-weight-bold article-content article-content-width !bg-background\">Videolla Leila Palmu kertoo Tinderist\u00e4:<\/p>\n<p class=\"article-content article-content-width !bg-background\">Tapaamispaikaksi oli sovittu Leilan ja t\u00e4m\u00e4n edesmenneen aviomiehen, taiteilijasuuruus , kotigalleria Alah\u00e4rm\u00e4ss\u00e4.<\/p>\n<p class=\"article-content article-content-width !bg-background\">Leila ei kuitenkaan ollut kodissaan yksin. Ensimm\u00e4inen henkil\u00f6, jonka Seiskan reportteri ja kuvaaja tapasivat, oli entuudestaan tuntematon tummaverikk\u00f6.<\/p>\n<p class=\"article-content article-content-width !bg-background\">Lehtimiehi\u00e4 riensi vastaan kohtelias ja syv\u00e4lle silmiin katsonut daami.<\/p>\n<p class=\"article-content article-content-width !bg-background\">\u2013 Hei vain! Olen . Leilan yst\u00e4v\u00e4, h\u00e4n esitt\u00e4ytyy lukijoillemme.<\/p>\n<p>        <a itemprop=\"url\" href=\"https:\/\/www.seiska.fi\/kotimaa\/tsiisus-talta-leila-palmu-nayttaa-nyt-mieleton-muodonmuutos\/2115831\" rel=\"nofollow noopener\" target=\"_blank\"><\/p>\n<p>\nT\u00e4lt\u00e4 h\u00e4n n\u00e4ytt\u00e4\u00e4 nyt!\n<\/p>\n<p class=\"section-date\">\n        <strong class=\"article-section\" data-section=\"kotimaa\"><br \/>\n            kotimaa<br \/>\n        <\/strong><br \/>\n        1.4. 07:00\n    <\/p>\n<p>Tsiisus! T\u00e4lt\u00e4 Leila Palmu n\u00e4ytt\u00e4\u00e4 nyt \u2013 mielet\u00f6n muodonmuutos\n    <\/p>\n<p itemprop=\"description\" class=\"subtitle \">\n    Piristynyt Leila Palmu k\u00e4y tavernassa tanssimassa mutta huhuilee silti yh\u00e4 edesmennytt\u00e4 Juhani Palmua.\n<\/p>\n<p>        <\/a><\/p>\n<p>                <img decoding=\"async\" src=\"https:\/\/www.europesays.com\/fi\/wp-content\/uploads\/2026\/05\/2147856.webp\" width=\"576\" height=\"720\" alt=\"Leila Palmu esittelee Seiskan lukijoille syd\u00e4nyst\u00e4v\u00e4ns\u00e4: t\u00e4ss\u00e4 h\u00e4n on, Maarit Jakobsson.\" loading=\"lazy\" \/>            <\/p>\n<p>\n            Leila Palmu esittelee Seiskan lukijoille syd\u00e4nyst\u00e4v\u00e4ns\u00e4: t\u00e4ss\u00e4 h\u00e4n on, Maarit Jakobsson.<br \/>\n            Timo Korhonen\n        <\/p>\n<p>Hyvin t\u00e4rke\u00e4 yst\u00e4v\u00e4<\/p>\n<p class=\"article-content article-content-width !bg-background\">Maaritin jututtaminen on journalistisesti perusteltua, sill\u00e4 h\u00e4n on hyvin t\u00e4rke\u00e4 ihminen leskeksi j\u00e4\u00e4neelle Leilalle.<\/p>\n<p class=\"article-content article-content-width !bg-background\">Haastatteluun ilomielin suostunut Jakobsson kertoo olevansa pesunkest\u00e4v\u00e4 pohjalainen. H\u00e4n on kotoisin Vaasasta.<\/p>\n<p>        <a itemprop=\"url\" href=\"https:\/\/www.seiska.fi\/vain-seiskassa\/ohhoh-piristynyt-leila-palmu-60-asensi-tinderin-miehella-pitaa-olla-paksu-lompakko\/2116048\" rel=\"nofollow noopener\" target=\"_blank\"><\/p>\n<p>\nLeski asensi Tinderin\n<\/p>\n<p class=\"section-date\">\n        <strong class=\"article-section\" data-section=\"vain seiskassa\"><br \/>\n            vain seiskassa<br \/>\n        <\/strong><br \/>\n        2.4. 07:00\n    <\/p>\n<p>Ohhoh! Piristynyt Leila Palmu, 60, asensi Tinderin: &#8221;Miehell\u00e4 pit\u00e4\u00e4 olla paksu lompakko&#8221;\n    <\/p>\n<p itemprop=\"description\" class=\"subtitle \">\n    Juhani Palmua ik\u00e4v\u00f6iv\u00e4ll\u00e4 leskirouvalla on tarkat mieskriteerit \u2013 ja puhelimessa deittisovellus.\n<\/p>\n<p>        <\/a><\/p>\n<p class=\"article-content article-content-width !bg-background\">\u2013 Siell\u00e4 olen asunut koko el\u00e4m\u00e4ni. Tai nyt viimeiset nelj\u00e4 vuotta t\u00e4\u00e4ll\u00e4 H\u00e4rm\u00e4ss\u00e4, iloinen nainen selostaa Seiskalle.<\/p>\n<p class=\"article-content article-content-width !bg-background\">\u2013 Mummoni m\u00f6kki sijaitsee t\u00e4\u00e4ll\u00e4, ja sit\u00e4 kautta olen aikoinaan tutustunut my\u00f6s Leilaan ja Juhaniin.<\/p>\n<p>                <img decoding=\"async\" src=\"https:\/\/www.europesays.com\/fi\/wp-content\/uploads\/2026\/05\/2147858.webp\" width=\"576\" height=\"322\" alt=\"Leila kuuntelee tarkalla korvalla iloisen ja puheliaan Maaritin mielipiteit\u00e4.\" loading=\"lazy\" \/>            <\/p>\n<p>\n            Leila kuuntelee tarkalla korvalla iloisen ja puheliaan Maaritin mielipiteit\u00e4.<br \/>\n            Timo Korhonen\n        <\/p>\n<p>N\u00e4kev\u00e4t l\u00e4hes p\u00e4ivitt\u00e4in<\/p>\n<p class=\"article-content article-content-width !bg-background\">Kyseess\u00e4 ei siis ole mik\u00e4\u00e4n uusi yst\u00e4v\u00e4, mutta aiemmin h\u00e4nest\u00e4 ei ole hiiskuttu mit\u00e4\u00e4n. Maarit muistelee tutustuneensa Palmuihin jo 13 vuotta sitten.<\/p>\n<p>\n            Pyh! Kyll\u00e4 me kinastellaankin.\n            <\/p>\n<p class=\"article-content article-content-width !bg-background\">Siihen n\u00e4hden on l\u00e4hes ihme, ettei Maarit ole aiemmin eksynyt lehtijuttuihin. H\u00e4nen siteens\u00e4 taiteilijapariskuntaan oli vahva \u2013 ja on yh\u00e4 Leilaankin.<\/p>\n<p>        <a itemprop=\"url\" href=\"https:\/\/www.seiska.fi\/vain-seiskassa\/leila-palmulta-pysayttava-paljastus-taloudellisesta-tilanteesta-rahaa-on-mutta\/2116101\" rel=\"nofollow noopener\" target=\"_blank\"><\/p>\n<p>\nLeila Palmu\n<\/p>\n<p class=\"section-date\">\n        <strong class=\"article-section\" data-section=\"vain seiskassa\"><br \/>\n            vain seiskassa<br \/>\n        <\/strong><br \/>\n        4.4. 17:00\n    <\/p>\n<p>Leila Palmulta pys\u00e4ytt\u00e4v\u00e4 paljastus taloudellisesta tilanteesta: &#8221;Rahaa on, mutta&#8230;&#8221;\n    <\/p>\n<p itemprop=\"description\" class=\"subtitle \">\n    Juhani Palmun leski h\u00e4mm\u00e4stelee suomalaisten ostok\u00e4ytt\u00e4ytymist\u00e4.\n<\/p>\n<p>        <\/a><\/p>\n<p class=\"article-content article-content-width !bg-background\">\u2013 N\u00e4emme l\u00e4hes p\u00e4ivitt\u00e4in. Jollemme n\u00e4e, kutsun h\u00e4nt\u00e4 petturiksi, Leila murjaisee.<\/p>\n<p class=\"article-content article-content-width !bg-background\">\u2013 Se on ihan totta. Leila on kiukkuinen, jollen k\u00e4y t\u00e4\u00e4ll\u00e4 joka p\u00e4iv\u00e4, Maarit nauraa.<\/p>\n<p>                <img decoding=\"async\" src=\"https:\/\/www.europesays.com\/fi\/wp-content\/uploads\/2026\/05\/2147860.webp\" width=\"576\" height=\"322\" alt=\"Tulta ja tappuraa. Leski kiukustuu, jollei Maarit k\u00e4y p\u00e4ivitt\u00e4in kyl\u00e4ss\u00e4.\" loading=\"lazy\" \/>            <\/p>\n<p>\n            Tulta ja tappuraa. Leski kiukustuu, jollei Maarit k\u00e4y p\u00e4ivitt\u00e4in kyl\u00e4ss\u00e4.<br \/>\n            Timo Korhonen\n        <\/p>\n<p>Juhani puuttui kinasteluun<\/p>\n<p class=\"article-content article-content-width !bg-background\">Seiska ei ollut pikaviisitill\u00e4 H\u00e4rm\u00e4ss\u00e4. Vierailimme Leilan luona ajan kanssa, ja yst\u00e4vysten hyv\u00e4t v\u00e4lit k\u00e4viv\u00e4t selv\u00e4ksi.<\/p>\n<p>\n            Leila on kiukkuinen, jollen k\u00e4y t\u00e4\u00e4ll\u00e4 joka p\u00e4iv\u00e4.\n            <\/p>\n<p class=\"article-content article-content-width !bg-background\">K\u00e4y ilmi, ett\u00e4 my\u00f6s Maarit tiet\u00e4\u00e4 laajasti edesmenneen Juhanin tuotannosta. T\u00e4rkeint\u00e4 on silti rauhallinen persoona: h\u00e4nen l\u00e4sn\u00e4olonsa miellytt\u00e4\u00e4 Leilaa kovin.<\/p>\n<p class=\"article-content article-content-width !bg-background\">Lieneek\u00f6 Maaritin tyyneys Leilaa tasapainottava tekij\u00e4?<\/p>\n<p class=\"article-content article-content-width !bg-background\">\u2013 Pyh! Kyll\u00e4 me kinastellaankin. Juhanikin aina sanoi, ett\u00e4 lopettakaa jo, Leila korjaa.<\/p>\n<p>        <a itemprop=\"url\" href=\"https:\/\/www.seiska.fi\/vain-seiskassa\/kappas-leila-palmu-60-kaipaa-palavasti-monte-carlon-kasinolle-olen-muistojeni-vanki\/2116142\" rel=\"nofollow noopener\" target=\"_blank\"><\/p>\n<p>\nLeila Palmu tilitt\u00e4\u00e4 Seiskalle:\n<\/p>\n<p class=\"section-date\">\n        <strong class=\"article-section\" data-section=\"vain seiskassa\"><br \/>\n            vain seiskassa<br \/>\n        <\/strong><br \/>\n        5.4. 16:00\n    <\/p>\n<p>Kappas! Leila Palmu, 60, kaipaa palavasti Monte Carlon kasinolle: &#8221;Olen muistojeni vanki&#8221;\n    <\/p>\n<p itemprop=\"description\" class=\"subtitle \">\n    Juhani Palmun leski muistelee l\u00e4mm\u00f6ll\u00e4 kansainv\u00e4list\u00e4 Nizzaa ja seurapiiriel\u00e4m\u00e4\u00e4.\n<\/p>\n<p>        <\/a><\/p>\n<p>                <img decoding=\"async\" src=\"https:\/\/www.europesays.com\/fi\/wp-content\/uploads\/2026\/05\/2147864.webp\" width=\"576\" height=\"720\" alt=\"Juhani Palmu (1944\u20132024) puhalsi v\u00e4lill\u00e4 pelin poikki, jos yst\u00e4vykset alkoivat kinastella.\" loading=\"lazy\" \/>            <\/p>\n<p>\n            Juhani Palmu (1944\u20132024) puhalsi v\u00e4lill\u00e4 pelin poikki, jos yst\u00e4vykset alkoivat kinastella.<br \/>\n            Atte Kajova\n        <\/p>\n<p>Myrsky kasteli Nizzassa<\/p>\n<p class=\"article-content article-content-width !bg-background\">Maaritista on mukava paitsi rupatella Leilan kanssa, my\u00f6s auttaa t\u00e4t\u00e4 p\u00e4iv\u00e4npolttavissa asioissa. Toisinaan my\u00f6s myyntin\u00e4yttelyiden kanssa.<\/p>\n<p class=\"article-content article-content-width !bg-background\">\u2013 Viimeksi olin Leilan kanssa Oulussa auttelemassa n\u00e4yttelyn kanssa. Roudasin tavaraa, toimin autokuskina ja sen sellaista, Maarit kertoo.<\/p>\n<p>        <a itemprop=\"url\" href=\"https:\/\/www.seiska.fi\/kotimaa\/juhani-palmun-haudalle-ilmestyi-yllattava-naky-mista-on-kyse\/1478749\" rel=\"nofollow noopener\" target=\"_blank\"><\/p>\n<p class=\"section-date\">\n        <strong class=\"article-section\" data-section=\"kotimaa\"><br \/>\n            kotimaa<br \/>\n        <\/strong><br \/>\n        5.10.2024 08:00\n    <\/p>\n<p>Juhani Palmun haudalle ilmestyi yll\u00e4tt\u00e4v\u00e4 n\u00e4ky \u2013 mist\u00e4 on kyse?\n    <\/p>\n<p itemprop=\"description\" class=\"subtitle \">\n    Taidemaalarin haudalle on ilmestynyt yll\u00e4tt\u00e4vi\u00e4 yksityiskohtia, joiden j\u00e4tt\u00e4j\u00e4st\u00e4 ei ole tietoa.\n<\/p>\n<p>        <\/a><\/p>\n<p class=\"article-content article-content-width !bg-background\">Kaksikko esittelee reportterille valokuvakirjaa. Se on t\u00e4ynn\u00e4 hersyvi\u00e4 muistoja yhteiselt\u00e4 Nizzan-lomalta.<\/p>\n<p class=\"article-content article-content-width !bg-background\">\u2013 Se oli hauska reissu. Mutta siell\u00e4 nousi niin hirve\u00e4 myrsky, ett\u00e4 kastuimme molemmat l\u00e4pim\u00e4riksi, Leila nauraa.<\/p>\n<p>                <img decoding=\"async\" src=\"https:\/\/www.europesays.com\/fi\/wp-content\/uploads\/2026\/05\/2147862.webp\" width=\"576\" height=\"322\" alt=\"Leila ja Maarit odottavat H\u00e4rm\u00e4ss\u00e4 jo kovasti kes\u00e4\u00e4 ja tulevia n\u00e4yttelyit\u00e4.\" loading=\"lazy\" \/>            <\/p>\n<p>\n            Leila ja Maarit odottavat H\u00e4rm\u00e4ss\u00e4 jo kovasti kes\u00e4\u00e4 ja tulevia n\u00e4yttelyit\u00e4.<br \/>\n            Timo Korhonen\n        <\/p>\n","protected":false},"excerpt":{"rendered":"Timo Korhonen Edesmenneen taidemaalarin lesken seurassa viihtyy vaasalainen yst\u00e4v\u00e4. Seiska k\u00e4vi hiljattain H\u00e4rm\u00e4ss\u00e4 tapaamassa . Videolla Leila Palmu&hellip;\n","protected":false},"author":2,"featured_media":255811,"comment_status":"","ping_status":"","sticky":false,"template":"","format":"standard","meta":{"footnotes":"","_share_on_mastodon":"0"},"categories":[136],"tags":[9844,407,137,33,31,30,5292,7055,408,7056,35344,21901,651,32,859,109,5315,4857],"class_list":["post-255810","post","type-post","status-publish","format-standard","has-post-thumbnail","category-julkkikset","tag-alaharma","tag-celebrities","tag-entertainment","tag-fi","tag-finland","tag-finnish","tag-harma","tag-juhani-palmu","tag-julkkikset","tag-leila-palmu","tag-maarit-jakobsson","tag-seuralainen","tag-suhteet","tag-suomi","tag-vaasa","tag-viihde","tag-ystava","tag-ystavyys"],"share_on_mastodon":{"url":"https:\/\/pubeurope.com\/@fi\/116622648374340867","error":""},"_links":{"self":[{"href":"https:\/\/www.europesays.com\/fi\/wp-json\/wp\/v2\/posts\/255810","targetHints":{"allow":["GET"]}}],"collection":[{"href":"https:\/\/www.europesays.com\/fi\/wp-json\/wp\/v2\/posts"}],"about":[{"href":"https:\/\/www.europesays.com\/fi\/wp-json\/wp\/v2\/types\/post"}],"author":[{"embeddable":true,"href":"https:\/\/www.europesays.com\/fi\/wp-json\/wp\/v2\/users\/2"}],"replies":[{"embeddable":true,"href":"https:\/\/www.europesays.com\/fi\/wp-json\/wp\/v2\/comments?post=255810"}],"version-history":[{"count":0,"href":"https:\/\/www.europesays.com\/fi\/wp-json\/wp\/v2\/posts\/255810\/revisions"}],"wp:featuredmedia":[{"embeddable":true,"href":"https:\/\/www.europesays.com\/fi\/wp-json\/wp\/v2\/media\/255811"}],"wp:attachment":[{"href":"https:\/\/www.europesays.com\/fi\/wp-json\/wp\/v2\/media?parent=255810"}],"wp:term":[{"taxonomy":"category","embeddable":true,"href":"https:\/\/www.europesays.com\/fi\/wp-json\/wp\/v2\/categories?post=255810"},{"taxonomy":"post_tag","embeddable":true,"href":"https:\/\/www.europesays.com\/fi\/wp-json\/wp\/v2\/tags?post=255810"}],"curies":[{"name":"wp","href":"https:\/\/api.w.org\/{rel}","templated":true}]}}