{"id":255966,"date":"2026-05-23T11:15:14","date_gmt":"2026-05-23T11:15:14","guid":{"rendered":"https:\/\/www.europesays.com\/fi\/255966\/"},"modified":"2026-05-23T11:15:14","modified_gmt":"2026-05-23T11:15:14","slug":"hjallis-harkimon-paljastukset-joelin-asumisjarjestelyt-sipoossa-ja-harkimoiden-perhesiteet","status":"publish","type":"post","link":"https:\/\/www.europesays.com\/fi\/255966\/","title":{"rendered":"Hjallis Harkimon paljastukset: Joelin asumisj\u00e4rjestelyt Sipoossa ja Harkimoiden perhesiteet"},"content":{"rendered":"<p>            ATTE KAJOVA\n        <\/p>\n<p class=\"subtitle \">Harkimoilla on sanallinen sopimus kyl\u00e4ilyasioista.<\/p>\n<p class=\"article-content article-content-width !bg-background\">Sipooseen asettautunut Harkimoiden sukuhaara asuttaa kotejaan toinen toistaan l\u00e4hemp\u00e4n\u00e4 ymp\u00e4ri kaupunkia.<\/p>\n<p class=\"font-weight-bold m-font-weight-bold article-content article-content-width !bg-background\">Katso my\u00f6s! T\u00e4ll\u00e4 ehdolla Janni Hussi suostui muuttamaan Sipooseen (2021):<\/p>\n<p class=\"font-weight-normal m-font-weight-normal article-content article-content-width !bg-background\">My\u00f6s l\u00e4hestulkoon koko el\u00e4m\u00e4ns\u00e4 Sipoossa asunut poliitikko ja liikemis , 72, asuttaa yhteist\u00e4 kotia puolisonsa , 38, kanssa. Hjallis paljataa <a href=\"https:\/\/www.eeva.fi\/jutut\/hjallis-harkimo-ja-jasmine-pajari\" target=\"_blank\" rel=\"nofollow noopener\">Eeva-lehden<\/a> tuoreessa artikkelissa h\u00e4nen poikansa , 36, asunnon sijaitsevan aivan liki h\u00e4nen omaansa.<\/p>\n<p>Kyl\u00e4ilylle s\u00e4\u00e4nn\u00f6t!<\/p>\n<p class=\"article-content article-content-width !bg-background\">Joel ja h\u00e4nen ex-puolisonsa  rakennuttivat yhteisen omakotitalon Sipoon merellisiin maisemiin vuonna 2022. Vuonna 2025 pariskunta ilmoitti l\u00e4hteneens\u00e4 eri teille, mutta Joelin matka yhteisess\u00e4 Sipoon kodissa jatkui. Hjalliksen mukaan h\u00e4nen ja Joelin asunnot ovat toisiaan niin liki, ett\u00e4 he t\u00f6rm\u00e4ilev\u00e4t toisiinsa toistuvasti pihapiiriss\u00e4. Kyl\u00e4ilylle on ollut pakko sopia s\u00e4\u00e4nn\u00f6t.<\/p>\n<p>        <a itemprop=\"url\" href=\"https:\/\/www.seiska.fi\/kotimaa\/joel-harkimo-yllattavan-seuralaisen-kanssa\/1891253\" rel=\"nofollow noopener\" target=\"_blank\"><\/p>\n<p>\nEronnut Joel Harkimo\n<\/p>\n<p class=\"section-date\">\n        <strong class=\"article-section\" data-section=\"kotimaa\"><br \/>\n            kotimaa<br \/>\n        <\/strong><br \/>\n        6.8.2025 17:00\n    <\/p>\n<p>Joel Harkimo yll\u00e4tt\u00e4v\u00e4n seuralaisen kanssa\n    <\/p>\n<p itemprop=\"description\" class=\"subtitle \">\n    Joelin seuraajat ovat seuralaisesta haltioissaan.\n<\/p>\n<p>        <\/a><\/p>\n<p class=\"article-content article-content-width !bg-background\">\u2013 Hommahan toimii periaatteessa niin, ett\u00e4 menet k\u00e4ym\u00e4\u00e4n, kun kutsutaan. Ei meill\u00e4 ihan avoimia ovia ole, mutta poiketa saa. T\u00f6rm\u00e4\u00e4mme arjessa pihalla ja l\u00e4mmit\u00e4mme yhteist\u00e4 rantasaunaa, Hjallis kertoo lehdelle.<\/p>\n<p>                <img decoding=\"async\" src=\"https:\/\/www.europesays.com\/fi\/wp-content\/uploads\/2026\/05\/2158364.webp\" width=\"576\" height=\"274\" alt=\"Joelin tummanpuhuva omakotitalo rakentui Sipoon vehreisiin merimaisemiin muutama vuosi sitten. Kyljest\u00e4 l\u00f6ytyy set\u00e4-Hjalliksen tontti.\" loading=\"lazy\" \/>            <\/p>\n<p>\n            Joelin tummanpuhuva omakotitalo rakentui Sipoon vehreisiin merimaisemiin muutama vuosi sitten. Kyljest\u00e4 l\u00f6ytyy set\u00e4-Hjalliksen tontti.<br \/>\n            Panu H\u00f6rkk\u00f6\n        <\/p>\n<p class=\"article-content article-content-width !bg-background\">Tiedett\u00e4v\u00e4sti sinkkuel\u00e4m\u00e4\u00e4 viett\u00e4 Joel asuu 200 neli\u00f6n omakotitalossaan t\u00e4t\u00e4 nyky\u00e4 yksin. Asunto sijaitsee hulppealla 5 000 neli\u00f6n tontilla, joka on Seiskan tietojen mukaan aikanaan Hjalliksen ostama. Liikemies pulitti siit\u00e4 aikanaan liki 850 000 euroa.<\/p>\n<p>        <a itemprop=\"url\" href=\"https:\/\/www.seiska.fi\/vain-seiskassa\/salakuva-joel-harkimo-ja-kerttu-rissanen-helsingin-yossa\/1889193\" rel=\"nofollow noopener\" target=\"_blank\"><\/p>\n<p>\nSalakuva!\n<\/p>\n<p class=\"section-date\">\n        <strong class=\"article-section\" data-section=\"vain seiskassa\"><br \/>\n            vain seiskassa<br \/>\n        <\/strong><br \/>\n        10.8.2025 07:00\n    <\/p>\n<p>Salakuva! Joel Harkimo ja Kerttu Rissanen Helsingin y\u00f6ss\u00e4\n    <\/p>\n<p itemprop=\"description\" class=\"subtitle \">\n    Joel ja Kerttu viihtyiv\u00e4t toistensa seurassa.\n<\/p>\n<p>        <\/a><\/p>\n<p>                <img decoding=\"async\" src=\"https:\/\/www.europesays.com\/fi\/wp-content\/uploads\/2026\/05\/2158372.webp\" width=\"576\" height=\"274\" alt=\"Joelin naapurista l\u00f6ytyy Hjallis, Jasmine ja Poika-koira.\" loading=\"lazy\" \/>            <\/p>\n<p>            Joelin naapurista l\u00f6ytyy Hjallis, Jasmine ja -koira.<br \/>\n            Timo Korhonen<\/p>\n<p>Suku samassa kyl\u00e4ss\u00e4!<\/p>\n<p class=\"article-content article-content-width !bg-background\">Hjallis kertoo lehdelle asuinalueen olevan h\u00e4nelle tuttu jo lapsuudestaan. L\u00e4hell\u00e4 sijaitsee my\u00f6s Hjalliksen 10 vuotta nuoremman pikkusiskon  koti, sek\u00e4 nyt jo edesmenneen pikkuveljen  asunto. Royn entist\u00e4 kotia asuttaa nykyisin h\u00e4nen tytt\u00e4rens\u00e4 .\u00a0<\/p>\n<p>        <a itemprop=\"url\" href=\"https:\/\/www.seiska.fi\/kotimaa\/joel-harkimo-ja-kastanja-rauhala-paljonpuhuvia-kuvia\/2037396\" rel=\"nofollow noopener\" target=\"_blank\"><\/p>\n<p>\nJoel Harkimo ja Kastanja Rauhala\n<\/p>\n<p class=\"section-date\">\n        <strong class=\"article-section\" data-section=\"kotimaa\"><br \/>\n            kotimaa<br \/>\n        <\/strong><br \/>\n        9.1. 05:00\n    <\/p>\n<p>Joel Harkimo ja Kastanja Rauhala: Paljonpuhuvia kuvia!\n    <\/p>\n<p itemprop=\"description\" class=\"subtitle \">\n    Kaksikko n\u00e4ytt\u00e4\u00e4 viett\u00e4neen joulun yhdess\u00e4, ja kumpikin l\u00e4hti Italiaan vuodenvaihteen tienoilla.\n<\/p>\n<p>        <\/a><\/p>\n<p>                <img decoding=\"async\" src=\"https:\/\/www.europesays.com\/fi\/wp-content\/uploads\/2026\/05\/2158379.webp\" width=\"576\" height=\"720\" alt=\"Hjalliksen, Royn ja Marian lapsista koostuva 12 serkuksen k\u00f6\u00f6ri pit\u00e4\u00e4 tiiviisti yhteytt\u00e4 toisiinsa. Kuvassa Joel ja h\u00e4nen serkkunsa Amanda Harkimo. Amandan is\u00e4 Roy menehtyi rankkaan sy\u00f6p\u00e4taisteluun helmikuussa 2025.\" loading=\"lazy\" \/>            <\/p>\n<p>\n            Hjalliksen, Royn ja Marian lapsista koostuva 12 serkuksen k\u00f6\u00f6ri pit\u00e4\u00e4 tiiviisti yhteytt\u00e4 toisiinsa. Kuvassa Joel ja h\u00e4nen serkkunsa Amanda Harkimo. Amandan is\u00e4 Roy menehtyi rankkaan sy\u00f6p\u00e4taisteluun helmikuussa 2025.<br \/>\n            Tomi Natri\n        <\/p>\n<p class=\"article-content article-content-width !bg-background\">Sipoossa viihtyy hyvin my\u00f6s sisaruskatraan muut lapset, ja vierailuilla k\u00e4y usein my\u00f6s Hjalliksen kaksi muuta poikaa, 25-vuotias  sek\u00e4 21-vuotias .<\/p>\n","protected":false},"excerpt":{"rendered":"ATTE KAJOVA Harkimoilla on sanallinen sopimus kyl\u00e4ilyasioista. Sipooseen asettautunut Harkimoiden sukuhaara asuttaa kotejaan toinen toistaan l\u00e4hemp\u00e4n\u00e4 ymp\u00e4ri kaupunkia.&hellip;\n","protected":false},"author":2,"featured_media":255967,"comment_status":"","ping_status":"","sticky":false,"template":"","format":"standard","meta":{"footnotes":"","_share_on_mastodon":"0"},"categories":[130],"tags":[137,33,31,30,2175,2597,6403,3520,212,2293,32,109],"class_list":["post-255966","post","type-post","status-publish","format-standard","has-post-thumbnail","category-viihde","tag-entertainment","tag-fi","tag-finland","tag-finnish","tag-hjallis-harkimo","tag-janni-hussi","tag-jasmine-pajari","tag-joel-harkimo","tag-lifestyle","tag-sipoo","tag-suomi","tag-viihde"],"share_on_mastodon":{"url":"https:\/\/pubeurope.com\/@fi\/116623607905154263","error":""},"_links":{"self":[{"href":"https:\/\/www.europesays.com\/fi\/wp-json\/wp\/v2\/posts\/255966","targetHints":{"allow":["GET"]}}],"collection":[{"href":"https:\/\/www.europesays.com\/fi\/wp-json\/wp\/v2\/posts"}],"about":[{"href":"https:\/\/www.europesays.com\/fi\/wp-json\/wp\/v2\/types\/post"}],"author":[{"embeddable":true,"href":"https:\/\/www.europesays.com\/fi\/wp-json\/wp\/v2\/users\/2"}],"replies":[{"embeddable":true,"href":"https:\/\/www.europesays.com\/fi\/wp-json\/wp\/v2\/comments?post=255966"}],"version-history":[{"count":0,"href":"https:\/\/www.europesays.com\/fi\/wp-json\/wp\/v2\/posts\/255966\/revisions"}],"wp:featuredmedia":[{"embeddable":true,"href":"https:\/\/www.europesays.com\/fi\/wp-json\/wp\/v2\/media\/255967"}],"wp:attachment":[{"href":"https:\/\/www.europesays.com\/fi\/wp-json\/wp\/v2\/media?parent=255966"}],"wp:term":[{"taxonomy":"category","embeddable":true,"href":"https:\/\/www.europesays.com\/fi\/wp-json\/wp\/v2\/categories?post=255966"},{"taxonomy":"post_tag","embeddable":true,"href":"https:\/\/www.europesays.com\/fi\/wp-json\/wp\/v2\/tags?post=255966"}],"curies":[{"name":"wp","href":"https:\/\/api.w.org\/{rel}","templated":true}]}}