{"id":25597,"date":"2025-09-04T16:11:12","date_gmt":"2025-09-04T16:11:12","guid":{"rendered":"https:\/\/www.europesays.com\/fi\/25597\/"},"modified":"2025-09-04T16:11:12","modified_gmt":"2025-09-04T16:11:12","slug":"taiteilija-miina-akkijyrkka-loysi-balilta-innostavan-materiaalin-se-on-veistajan-unelma","status":"publish","type":"post","link":"https:\/\/www.europesays.com\/fi\/25597\/","title":{"rendered":"Taiteilija Miina \u00c4kkijyrkk\u00e4 l\u00f6ysi Balilta innostavan materiaalin, \u201dSe on veist\u00e4j\u00e4n unelma\u201d"},"content":{"rendered":"<p>Taiteilija toi Tampereelle esille uusia maalauksiaan Ilo irti -n\u00e4yttelyyn.<\/p>\n<p class=\"article-body margin-bottom-24 padding-x-16\">Aamulehti<\/p>\n<p>Lue tiivistelm\u00e4<\/p>\n<p>Tiivistelm\u00e4 on teko\u00e4lyn tekem\u00e4 ja ihmisen tarkistama.<\/p>\n<p class=\"article-body margin-bottom-24 padding-x-16 sndp-summary-bullet-point-font\">Taiteilija Miina \u00c4kkijyrk\u00e4n Ilo irti -n\u00e4yttely on esill\u00e4 Tampereen Keskus-galleriassa syyskuun loppupuolelle asti.<\/p>\n<p class=\"article-body margin-bottom-24 padding-x-16 sndp-summary-bullet-point-font\">N\u00e4yttelyss\u00e4 on akryylimaalauksia ja pronssiveistoksia vasikoista.<\/p>\n<p class=\"article-body margin-bottom-24 padding-x-16 sndp-summary-bullet-point-font\">\u00c4kkijyrkk\u00e4 suunnittelee t\u00e4n\u00e4 syksyn\u00e4 lapsille kiipeilyteoksia polkupy\u00f6rien rungoista sek\u00e4 uusia veistoksia auton osista.<\/p>\n<p class=\"article-body margin-bottom-24 padding-x-16\">Tampereella p\u00e4\u00e4see tutustumaan taiteilija <a class=\"article-personlink\" href=\"https:\/\/www.aamulehti.fi\/haku\/?query=Miina%20%C3%84kkijyrk%C3%A4n\" rel=\"nofollow noopener\" target=\"_blank\">Miina \u00c4kkijyrk\u00e4n<\/a> uusiin teoksiin. Keskus-galleriassa on esill\u00e4 \u00c4kkijyrk\u00e4n Ilo irti -n\u00e4yttely syyskuun loppupuolelle saakka.<\/p>\n<p class=\"article-body margin-bottom-24 padding-x-16\">N\u00e4yttelyss\u00e4 on akryylimaalauksia ja kaksi pronssiveistosta \u00c4kkijyrk\u00e4n nimikkoaiheesta, vasikoista.<\/p>\n<p class=\"article-body margin-bottom-24 padding-x-16\">\u201dOlen kuvannut vasikan uteliaisuutta, vilkkautta ja riemua. Olisipa ihmisill\u00e4 samanlaista yhdess\u00e4olon iloa\u201d, \u00c4kkijyrkk\u00e4 kertoo puhelimessa.<\/p>\n<p class=\"article-body margin-bottom-24 padding-x-16\">Valtaosa teoksista on uusia.<\/p>\n<p class=\"article-body margin-bottom-24 padding-x-16\">\u00c4kkijyrkk\u00e4 kertoo, ett\u00e4 eniten h\u00e4nt\u00e4 kiinnostaa kolmiulotteisten veistosten ty\u00f6st\u00e4minen. Tammikuisella Balin-matkallaan h\u00e4n l\u00f6ysi uuden kiehtovan materiaalin, suar-puun.<\/p>\n<p class=\"article-body margin-bottom-24 padding-x-16\">Suar on \u00c4kkijyrk\u00e4n mielest\u00e4 veist\u00e4j\u00e4n unelma. Kun puu on tuoretta ja m\u00e4rk\u00e4\u00e4, se on pehme\u00e4\u00e4 veist\u00e4\u00e4 \u201dkuin lanttu\u201d.<\/p>\n<p class=\"article-body margin-bottom-24 padding-x-16\">\u201dKun suar kovettuu, se halkeaa helposti ja muuttuu kevyeksi kuin styroksi. Se on tosi ovela puu.\u201d<\/p>\n<p>Kiipeilyteoksia<\/p>\n<p class=\"article-body margin-bottom-24 padding-x-16\">T\u00e4n\u00e4 syksyn\u00e4 \u00c4kkijyrkk\u00e4 aikoo tehd\u00e4 lapsille kiipeilyteoksia sadasta polkupy\u00f6r\u00e4n rungosta. Taiteilijalla on odottamassa my\u00f6s auton kappaleita uusia veistoksia varten. \u201dTeen niit\u00e4 koko ajan, kun vaan saan hitsarin rahoitettua.\u201d<\/p>\n<p class=\"article-body margin-bottom-24 padding-x-16\">Kotimainen puu pit\u00e4isi \u00c4kkijyrk\u00e4n mielest\u00e4 ottaa nykyist\u00e4 enemm\u00e4n jalostusk\u00e4ytt\u00f6\u00f6n. Suomalaiset mets\u00e4yhti\u00f6t voisivat vaikka innostaa taiteilijoita etsim\u00e4\u00e4n kotimaiselle puulle uusia mahdollisuuksia.<\/p>\n<p class=\"article-body margin-bottom-24 padding-x-16\">\u00c4kkijyrkk\u00e4 on k\u00e4ytt\u00e4nyt puuta materiaalinaan kolmivuotiaasta asti. H\u00e4n tiet\u00e4\u00e4, ett\u00e4 kuusi on vaikea veistett\u00e4v\u00e4 pihkakerroksensa takia. \u201dKoivusta en tykk\u00e4\u00e4 ollenkaan, kun se on niin kovaa. Lepp\u00e4 voisi sopia.\u201d<\/p>\n<p class=\"article-body margin-bottom-24 padding-x-16\">Puun veist\u00e4minen on \u00c4kkijyrk\u00e4n mukaan kokonaan oma alansa. \u201dIntensiteetti on koko ajan l\u00e4sn\u00e4. Taltta k\u00e4dess\u00e4 ja moska toisessa.\u201d<\/p>\n<p class=\"article-body nof-ui-body-medium margin-bottom-24 padding-x-16\">Miina \u00c4kkijyrkk\u00e4: Ilo irti 27. syyskuuta saakka Tampereen Keskus-galleriassa.<\/p>\n","protected":false},"excerpt":{"rendered":"Taiteilija toi Tampereelle esille uusia maalauksiaan Ilo irti -n\u00e4yttelyyn. Aamulehti Lue tiivistelm\u00e4 Tiivistelm\u00e4 on teko\u00e4lyn tekem\u00e4 ja ihmisen&hellip;\n","protected":false},"author":2,"featured_media":25598,"comment_status":"","ping_status":"","sticky":false,"template":"","format":"standard","meta":{"footnotes":""},"categories":[135],"tags":[157,389,387,388,390,137,33,31,30,32,394,393,391,392,109],"class_list":{"0":"post-25597","1":"post","2":"type-post","3":"status-publish","4":"format-standard","5":"has-post-thumbnail","7":"category-taiteet-ja-suunnittelu","8":"tag-aamulehti","9":"tag-arts","10":"tag-arts-and-design","11":"tag-artsanddesign","12":"tag-design","13":"tag-entertainment","14":"tag-fi","15":"tag-finland","16":"tag-finnish","17":"tag-suomi","18":"tag-suunnittelu","19":"tag-taiteet","20":"tag-taiteet-ja-suunnittelu","21":"tag-taiteetsuunnittelu","22":"tag-viihde"},"share_on_mastodon":{"url":"","error":""},"_links":{"self":[{"href":"https:\/\/www.europesays.com\/fi\/wp-json\/wp\/v2\/posts\/25597","targetHints":{"allow":["GET"]}}],"collection":[{"href":"https:\/\/www.europesays.com\/fi\/wp-json\/wp\/v2\/posts"}],"about":[{"href":"https:\/\/www.europesays.com\/fi\/wp-json\/wp\/v2\/types\/post"}],"author":[{"embeddable":true,"href":"https:\/\/www.europesays.com\/fi\/wp-json\/wp\/v2\/users\/2"}],"replies":[{"embeddable":true,"href":"https:\/\/www.europesays.com\/fi\/wp-json\/wp\/v2\/comments?post=25597"}],"version-history":[{"count":0,"href":"https:\/\/www.europesays.com\/fi\/wp-json\/wp\/v2\/posts\/25597\/revisions"}],"wp:featuredmedia":[{"embeddable":true,"href":"https:\/\/www.europesays.com\/fi\/wp-json\/wp\/v2\/media\/25598"}],"wp:attachment":[{"href":"https:\/\/www.europesays.com\/fi\/wp-json\/wp\/v2\/media?parent=25597"}],"wp:term":[{"taxonomy":"category","embeddable":true,"href":"https:\/\/www.europesays.com\/fi\/wp-json\/wp\/v2\/categories?post=25597"},{"taxonomy":"post_tag","embeddable":true,"href":"https:\/\/www.europesays.com\/fi\/wp-json\/wp\/v2\/tags?post=25597"}],"curies":[{"name":"wp","href":"https:\/\/api.w.org\/{rel}","templated":true}]}}