{"id":25659,"date":"2025-09-04T17:28:08","date_gmt":"2025-09-04T17:28:08","guid":{"rendered":"https:\/\/www.europesays.com\/fi\/25659\/"},"modified":"2025-09-04T17:28:08","modified_gmt":"2025-09-04T17:28:08","slug":"rakastunut-janne-kataja-olen-katsellut-sormusesitteita","status":"publish","type":"post","link":"https:\/\/www.europesays.com\/fi\/25659\/","title":{"rendered":"Rakastunut Janne Kataja: \u201dOlen katsellut sormusesitteit\u00e4\u201d"},"content":{"rendered":"<p>Juontaja Janne Kataja el\u00e4\u00e4 t\u00e4t\u00e4 nyky\u00e4 saman katon alla Krista-rakkaansa kanssa.<\/p>\n<p class=\"paragraph\">Masked Singer Suomi -ohjelmasta tuttu <a href=\"https:\/\/www.iltalehti.fi\/henkilot\/Janne Kataja\" class=\"article-link-person-page\" rel=\"nofollow noopener\" target=\"_blank\">Janne Kataja<\/a> el\u00e4\u00e4 onnellista perhearkea. Rinnalle on l\u00f6ytynyt <strong>Krista<\/strong>-rakas, jonka kanssa juontaja asuu saman katon alla.<\/p>\n<p class=\"paragraph\">\u2013 Syv\u00e4 yst\u00e4vyys on muuttunut yh\u00e4 syvemm\u00e4ksi. Syv\u00e4 yst\u00e4vyys on jo aika l\u00e4hell\u00e4 seurustelua, mutta ehk\u00e4 se on p\u00e4\u00e4t\u00f6ksi\u00e4, Kataja kertoo Ukkola-ohjelmassa.<\/p>\n<p class=\"paragraph\">\u2013 Kyll\u00e4 me t\u00e4ll\u00e4 hetkell\u00e4 seurustelemme.<\/p>\n<p><img decoding=\"async\" class=\"image image-show image-preview\" src=\"https:\/\/www.europesays.com\/fi\/wp-content\/uploads\/2025\/09\/5e9653d1269492e1c525104be69a5eb3a4fe670ca9d42ab253c5d24cf4b0c552.jpg\" alt=\"\"\/><img decoding=\"async\" class=\"image image-show\" src=\"https:\/\/www.europesays.com\/fi\/wp-content\/uploads\/2025\/09\/1757006888_113_5e9653d1269492e1c525104be69a5eb3a4fe670ca9d42ab253c5d24cf4b0c552.jpg\" alt=\"\"\/><\/p>\n<p>Janne Kataja seurustelee Krista-rakkaansa kanssa. Inka Soveri<\/p>\n<p class=\"paragraph\">Juontajalta kysyt\u00e4\u00e4n, milloin pariskunta aikoo menn\u00e4 naimisiin.<\/p>\n<p class=\"paragraph\">\u2013 Min\u00e4h\u00e4n olen t\u00e4llainen n\u00e4yttelij\u00e4n retku enk\u00e4 ennustaja. En uskalla sanoa. Minun t\u00e4ytyisi ensin kosia. Olen min\u00e4 katsonut sormusesitteit\u00e4.<\/p>\n<p class=\"paragraph\">Parille syntyi <strong>Arvin<\/strong>-poika viime vuoden joulukuussa. Katajalla on entuudestaan kaksi tyt\u00e4rt\u00e4 edellisest\u00e4 parisuhteesta.<\/p>\n<p class=\"paragraph\">Katso, miten Janne Kataja puhuu nykyisest\u00e4 parisuhteestaan, konkurssista sek\u00e4 v\u00e4leist\u00e4\u00e4n Aku Hirviniemeen Ukkola-ohjelmassa.<\/p>\n","protected":false},"excerpt":{"rendered":"Juontaja Janne Kataja el\u00e4\u00e4 t\u00e4t\u00e4 nyky\u00e4 saman katon alla Krista-rakkaansa kanssa. Masked Singer Suomi -ohjelmasta tuttu Janne Kataja&hellip;\n","protected":false},"author":2,"featured_media":25660,"comment_status":"","ping_status":"","sticky":false,"template":"","format":"standard","meta":{"footnotes":""},"categories":[136],"tags":[35,1074,407,137,33,31,30,101,408,98,32,140,139,109],"class_list":{"0":"post-25659","1":"post","2":"type-post","3":"status-publish","4":"format-standard","5":"has-post-thumbnail","7":"category-julkkikset","8":"tag-24h","9":"tag-avioliitto-ja-parisuhde","10":"tag-celebrities","11":"tag-entertainment","12":"tag-fi","13":"tag-finland","14":"tag-finnish","15":"tag-ihmissuhteet","16":"tag-julkkikset","17":"tag-perhe","18":"tag-suomi","19":"tag-tv-ja-elokuvat","20":"tag-tv-ohjelmat","21":"tag-viihde"},"share_on_mastodon":{"url":"","error":""},"_links":{"self":[{"href":"https:\/\/www.europesays.com\/fi\/wp-json\/wp\/v2\/posts\/25659","targetHints":{"allow":["GET"]}}],"collection":[{"href":"https:\/\/www.europesays.com\/fi\/wp-json\/wp\/v2\/posts"}],"about":[{"href":"https:\/\/www.europesays.com\/fi\/wp-json\/wp\/v2\/types\/post"}],"author":[{"embeddable":true,"href":"https:\/\/www.europesays.com\/fi\/wp-json\/wp\/v2\/users\/2"}],"replies":[{"embeddable":true,"href":"https:\/\/www.europesays.com\/fi\/wp-json\/wp\/v2\/comments?post=25659"}],"version-history":[{"count":0,"href":"https:\/\/www.europesays.com\/fi\/wp-json\/wp\/v2\/posts\/25659\/revisions"}],"wp:featuredmedia":[{"embeddable":true,"href":"https:\/\/www.europesays.com\/fi\/wp-json\/wp\/v2\/media\/25660"}],"wp:attachment":[{"href":"https:\/\/www.europesays.com\/fi\/wp-json\/wp\/v2\/media?parent=25659"}],"wp:term":[{"taxonomy":"category","embeddable":true,"href":"https:\/\/www.europesays.com\/fi\/wp-json\/wp\/v2\/categories?post=25659"},{"taxonomy":"post_tag","embeddable":true,"href":"https:\/\/www.europesays.com\/fi\/wp-json\/wp\/v2\/tags?post=25659"}],"curies":[{"name":"wp","href":"https:\/\/api.w.org\/{rel}","templated":true}]}}