{"id":256623,"date":"2026-05-24T05:53:13","date_gmt":"2026-05-24T05:53:13","guid":{"rendered":"https:\/\/www.europesays.com\/fi\/256623\/"},"modified":"2026-05-24T05:53:13","modified_gmt":"2026-05-24T05:53:13","slug":"mielipide-arkkitehtuuritoimija-vetoaa-kuopion-kaupunkikuvaa-suunnitteleviin-kaunis-ei-ole-kalliimpaa-vaikka-nain-usein-luullaan-paakirjoitus-mielipide","status":"publish","type":"post","link":"https:\/\/www.europesays.com\/fi\/256623\/","title":{"rendered":"Mielipide | Arkkitehtuuritoimija vetoaa Kuopion kaupunkikuvaa suunnitteleviin: &#8221;Kaunis ei ole kalliimpaa, vaikka n\u00e4in usein luullaan&#8221; | P\u00e4\u00e4kirjoitus &#038; mielipide"},"content":{"rendered":"<p>Kuopion keskustan uusista rakennushankkeista keskusteltaessa puhutaan usein tehokkuudesta, neli\u00f6ist\u00e4, liikennej\u00e4rjestelyist\u00e4 ja investoinneista.<\/p>\n<p>Liian harvoin puhutaan siit\u00e4, milt\u00e4 kaupunki tuntuu ihmisen n\u00e4k\u00f6kulmasta.<\/p>\n<p><strong class=\"diks-storyline__impact\">Jos haluttaisiin, <\/strong>uudetkin rakennukset voisivat olla kauniita ja ihmisen silm\u00e4\u00e4n miellytt\u00e4vi\u00e4, vaikka nykyrakentamisessa t\u00e4m\u00e4 n\u00e4kyykin harvoin. Klassiset elementit, kuten symmetria ja kaunis julkisivu, kytket\u00e4\u00e4n usein vain vanhaan rakennuskantaan, vaikka nykyiset uudisrakennuksetkin voisivat ammentaa n\u00e4ist\u00e4 samoista elementeist\u00e4.<\/p>\n<p>Kaunis ei my\u00f6sk\u00e4\u00e4n ole kalliimpaa, vaikka n\u00e4in usein luullaan.<\/p>\n<p>\t\t<a class=\"diks-gallery__link\" href=\"https:\/\/i.media.fi\/incoming\/756521\/11455885.jpg\/alternates\/FREE_1440\/11455885.jpg\" data-thumbnail=\"\" data-sub-html=\"Nacka Grace -korttelia sis\u00e4pihalta p\u00e4in kuvattuna. Filip Wiljander\" aria-label=\"Katso isompi kuva\" rel=\"nofollow noopener\" target=\"_blank\"><br \/>\n\t\t\t\t<img class=\"diks-figure__image\" src=\"https:\/\/www.europesays.com\/fi\/wp-content\/uploads\/2026\/05\/11455885.jpg\" loading=\"lazy\" decoding=\"sync\" alt=\"\"\/><\/p>\n<p>\t\t\t<\/a><br \/>\n\t\t\t\t\tNacka Grace -korttelia sis\u00e4pihalta p\u00e4in kuvattuna. Filip Wiljander<\/p>\n<p><strong class=\"diks-storyline__impact\">Tutkimusten mukaan <\/strong>suurin osa ihmisist\u00e4 \u2013 sukupuolesta, koulutuksesta, ammatista tai poliittisesta taustasta riippumatta \u2013 kokee perinteisiin, kauniisiin arkkitehtuurikieliin nojaavat rakennetut ymp\u00e4rist\u00f6t miellytt\u00e4vin\u00e4 ja kauniina. Kyse ei ole nostalgiasta vaan hyvin laajasta inhimillisest\u00e4 kokemuksesta.<\/p>\n<p>Tutkimuksilla on lis\u00e4ksi osoitettu, ett\u00e4 rumiksi, tylyiksi ja ep\u00e4inhimillisiksi koetuissa ymp\u00e4rist\u00f6iss\u00e4 ihmisen stressitasot nousevat.<\/p>\n<blockquote class=\"voice-no-read rs_skip diks-blockquote\">\n<p class=\"diks-blockquote__text\">Kaunis, inhimillinen ja paikallisidentiteetti\u00e4 vahvistava ymp\u00e4rist\u00f6 on yksi kaupungin t\u00e4rkeimmist\u00e4 kilpailutekij\u00f6ist\u00e4 tulevaisuudessa.<\/p>\n<\/blockquote>\n<p>Kyse ei siis ole vain makuasioista. Kyse on viihtyvyyden ja paikkakunnan vetovoiman lis\u00e4ksi kansanterveydest\u00e4 ja lopulta my\u00f6s taloudesta.<\/p>\n<p>\t\t<a class=\"diks-gallery__link\" href=\"https:\/\/i.media.fi\/incoming\/3n9oew\/11370395.jpg\/alternates\/FREE_1440\/11370395.jpg\" data-thumbnail=\"\" data-sub-html=\"T\u00e4lt\u00e4 n\u00e4ytt\u00e4\u00e4 Kuopion keskustassa nyt. Jaakko Heiskanen\" aria-label=\"Katso isompi kuva\" rel=\"nofollow noopener\" target=\"_blank\"><br \/>\n\t\t\t\t<img class=\"diks-figure__image\" src=\"https:\/\/www.europesays.com\/fi\/wp-content\/uploads\/2026\/05\/11370395.jpg\" loading=\"lazy\" decoding=\"sync\" alt=\"\"\/><\/p>\n<p>\t\t\t<\/a><br \/>\n\t\t\t\t\tT\u00e4lt\u00e4 n\u00e4ytt\u00e4\u00e4 Kuopion keskustassa nyt. Jaakko Heiskanen<\/p>\n<p><strong class=\"diks-storyline__impact\">Kuopiossa <\/strong>muistetaan edelleen jo 1970-luvulla purettua kaunista kivikorttelia, Saastamoisen kulmaa. Kaupunkilaiset taistelivat talon purkamista vastaan, mutta turhaan. Tilalle saatiin henget\u00f6n, geneerinen moderni laatikko, joka voisi olla miss\u00e4 vain.<\/p>\n<p>Ja sen j\u00e4lkeen \u201doman aikansa tyyli\u201d on jatkunut aina uusilla laatikoilla. Mutta se ei ole luonnonlaki.<\/p>\n<p>\t\t<a class=\"diks-gallery__link\" href=\"https:\/\/i.media.fi\/incoming\/m2n1mf\/11455887.jpg\/alternates\/FREE_1440\/11455887.jpg\" data-thumbnail=\"\" data-sub-html=\"Nackalainen&quot;arkkitehtuurikapinallinen&quot; Filip Wilander toimitti kuvia Nacka Gracesta. Filip Wiljander\" aria-label=\"Katso isompi kuva\" rel=\"nofollow noopener\" target=\"_blank\"><br \/>\n\t\t\t\t<img class=\"diks-figure__image\" src=\"https:\/\/www.europesays.com\/fi\/wp-content\/uploads\/2026\/05\/11455887.jpg\" loading=\"lazy\" decoding=\"sync\" alt=\"\"\/><\/p>\n<p>\t\t\t<\/a><br \/>\n\t\t\t\t\tNackalainen&#8221;arkkitehtuurikapinallinen&#8221; Filip Wilander toimitti kuvia Nacka Gracesta. Filip Wiljander<\/p>\n<p><strong class=\"diks-storyline__impact\">Juuri nyt <\/strong>olisi Kuopiossa mahdollisuus tehd\u00e4 parempia p\u00e4\u00e4t\u00f6ksi\u00e4. Kuopio on yksi Suomen kauneimmista kaupungeista. Sen identiteetti ei synny geneerisist\u00e4 toimisto- ja asuinkortteleista vaan j\u00e4rvimaisemasta, m\u00e4kisyydest\u00e4, historiallisista kerrostumista ja inhimillisest\u00e4 mittakaavasta. Juuri siksi keskustan uudisrakentamisen pit\u00e4isi olla erityisen kunnianhimoista, ei vain tehokkuuden vaan kaupunkikuvan osalta.<\/p>\n<p>\t\t<a class=\"diks-gallery__link\" href=\"https:\/\/i.media.fi\/incoming\/yekcf3\/10694559.jpg\/alternates\/FREE_1440\/10694559.jpg\" data-thumbnail=\"\" data-sub-html=\"Kuopion Puijonkadulle on rakennettu viime vuosina uutta. Jussi Pohjavirta\" aria-label=\"Katso isompi kuva\" rel=\"nofollow noopener\" target=\"_blank\"><br \/>\n\t\t\t\t<img class=\"diks-figure__image\" src=\"https:\/\/www.europesays.com\/fi\/wp-content\/uploads\/2026\/05\/10694559.jpg\" loading=\"lazy\" decoding=\"sync\" alt=\"\"\/><\/p>\n<p>\t\t\t<\/a><br \/>\n\t\t\t\t\tKuopion Puijonkadulle on rakennettu viime vuosina uutta. Jussi Pohjavirta<\/p>\n<p><strong class=\"diks-storyline__impact\">Monessa <\/strong>Euroopan maassa suunta on jo muuttumassa. Ruotsissa useat kaupungit ovat j\u00e4rjest\u00e4neet tontinluovutuskilpailuja, joissa painotetaan sit\u00e4, millaista arkkitehtuuria kaupunkilaiset oikeasti haluavat. Tulokset ovat olleet kiinnostavia: kun ihmisille tarjotaan vaihtoehtoja, he valitsevat usein ymp\u00e4rist\u00f6\u00e4\u00e4n kaunistavaa, omaan rakennusperinteeseen kytkeytyv\u00e4\u00e4 ja pitk\u00e4ik\u00e4iseksi tarkoitettua arkkitehtuuria.<\/p>\n<p>T\u00e4llaisia uudisrakentamisia kaupunkilaiset eiv\u00e4t vastusta vaan kannattavat. Asia, jonka kannattaisi olla my\u00f6s poliittisille p\u00e4\u00e4tt\u00e4jille hyv\u00e4 uutinen.<\/p>\n<p>\t\t<a class=\"diks-gallery__link\" href=\"https:\/\/i.media.fi\/incoming\/6w9z5b\/11455886.jpg\/alternates\/FREE_1440\/11455886.jpg\" data-thumbnail=\"\" data-sub-html=\"Kuvaa Nacka Grace -kohteesta. Filip Wiljander\" aria-label=\"Katso isompi kuva\" rel=\"nofollow noopener\" target=\"_blank\"><br \/>\n\t\t\t\t<img class=\"diks-figure__image\" src=\"https:\/\/www.europesays.com\/fi\/wp-content\/uploads\/2026\/05\/11455886.jpg\" loading=\"lazy\" decoding=\"sync\" alt=\"\"\/><\/p>\n<p>\t\t\t<\/a><br \/>\n\t\t\t\t\tKuvaa Nacka Grace -kohteesta. Filip Wiljander<\/p>\n<p><strong class=\"diks-storyline__impact\">Olisi tervett\u00e4<\/strong> kysy\u00e4 my\u00f6s Kuopiossa: miksi emme rakentaisi uusia rakennuksia, joista ihmiset aidosti pit\u00e4v\u00e4t? Miksi emme sallisi keskustaan uudisrakennuksia, jotka t\u00e4ydent\u00e4v\u00e4t kaupunkikuvaa arvokkaasti, kest\u00e4v\u00e4t aikaa ja joita tullaan katsomaan kauneuden, ei kauheuden takia?<\/p>\n<p><strong class=\"diks-storyline__impact\">Kauneus ei ole <\/strong>kehityksen vastakohta. P\u00e4invastoin. Kaunis, inhimillinen ja paikallisidentiteetti\u00e4 vahvistava ymp\u00e4rist\u00f6 on yksi kaupungin t\u00e4rkeimmist\u00e4 kilpailutekij\u00f6ist\u00e4 tulevaisuudessa.<\/p>\n<p>Kuopiolla olisi nyt mahdollisuus n\u00e4ytt\u00e4\u00e4, ett\u00e4 Suomessa voidaan rakentaa my\u00f6s toisin.<\/p>\n<p>\t\t<a class=\"diks-gallery__link\" href=\"https:\/\/i.media.fi\/incoming\/561h9c\/11455883.jpg\/alternates\/FREE_1440\/11455883.jpg\" data-thumbnail=\"\" data-sub-html=\"Kuvaa Nacka Grace -kohteesta. Filip Wiljander\" aria-label=\"Katso isompi kuva\" rel=\"nofollow noopener\" target=\"_blank\"><br \/>\n\t\t\t\t<img class=\"diks-figure__image\" src=\"https:\/\/www.europesays.com\/fi\/wp-content\/uploads\/2026\/05\/11455883.jpg\" loading=\"lazy\" decoding=\"sync\" alt=\"\"\/><\/p>\n<p>\t\t\t<\/a><br \/>\n\t\t\t\t\tKuvaa Nacka Grace -kohteesta. Filip Wiljander<\/p>\n<p class=\"diks-storyline__additional-information\">Kirjoittaja on INTBAU Finland ry:n hallituksen puheenjohtaja ja Arkkitehtuurikapina-verkoston perustaja. INTBAU Finland ry:n tarkoituksena on toimia paremman rakennetun ymp\u00e4rist\u00f6n puolesta<\/p>\n<p class=\"diks-storyline__additional-information\">Osallistu! L\u00e4het\u00e4 ottamasi kuva rakennuksesta, jossa silm\u00e4si lep\u00e4\u00e4. Kuvat <a href=\"https:\/\/oma.media.fi\/savon-sanomat\/yhteystiedot\/lukijan-kuvat\/\" rel=\"nofollow noopener\" target=\"_blank\">t\u00e4ll\u00e4 lomakkeella<\/a> ja mielipidekirjoitukset t\u00e4ll\u00e4 <a href=\"https:\/\/oma.media.fi\/savon-sanomat\/yhteystiedot\/kirjoita-mielipidekirjoitus\/\" rel=\"nofollow noopener\" target=\"_blank\">lomakkeella<\/a>.<\/p>\n","protected":false},"excerpt":{"rendered":"Kuopion keskustan uusista rakennushankkeista keskusteltaessa puhutaan usein tehokkuudesta, neli\u00f6ist\u00e4, liikennej\u00e4rjestelyist\u00e4 ja investoinneista. Liian harvoin puhutaan siit\u00e4, milt\u00e4 kaupunki&hellip;\n","protected":false},"author":2,"featured_media":256624,"comment_status":"","ping_status":"","sticky":false,"template":"","format":"standard","meta":{"footnotes":"","_share_on_mastodon":"0"},"categories":[135],"tags":[389,387,388,36,390,137,2267,33,31,30,2682,1132,941,2305,110,32,394,393,391,392,109],"class_list":["post-256623","post","type-post","status-publish","format-standard","has-post-thumbnail","category-taiteet-ja-suunnittelu","tag-arts","tag-arts-and-design","tag-artsanddesign","tag-asuintalot-ja-asunnot","tag-design","tag-entertainment","tag-eurooppa","tag-fi","tag-finland","tag-finnish","tag-kauneus","tag-kuopio","tag-nostalgia","tag-puheenaiheet","tag-ruotsi","tag-suomi","tag-suunnittelu","tag-taiteet","tag-taiteet-ja-suunnittelu","tag-taiteetsuunnittelu","tag-viihde"],"share_on_mastodon":{"url":"https:\/\/pubeurope.com\/@fi\/116628003761124193","error":""},"_links":{"self":[{"href":"https:\/\/www.europesays.com\/fi\/wp-json\/wp\/v2\/posts\/256623","targetHints":{"allow":["GET"]}}],"collection":[{"href":"https:\/\/www.europesays.com\/fi\/wp-json\/wp\/v2\/posts"}],"about":[{"href":"https:\/\/www.europesays.com\/fi\/wp-json\/wp\/v2\/types\/post"}],"author":[{"embeddable":true,"href":"https:\/\/www.europesays.com\/fi\/wp-json\/wp\/v2\/users\/2"}],"replies":[{"embeddable":true,"href":"https:\/\/www.europesays.com\/fi\/wp-json\/wp\/v2\/comments?post=256623"}],"version-history":[{"count":0,"href":"https:\/\/www.europesays.com\/fi\/wp-json\/wp\/v2\/posts\/256623\/revisions"}],"wp:featuredmedia":[{"embeddable":true,"href":"https:\/\/www.europesays.com\/fi\/wp-json\/wp\/v2\/media\/256624"}],"wp:attachment":[{"href":"https:\/\/www.europesays.com\/fi\/wp-json\/wp\/v2\/media?parent=256623"}],"wp:term":[{"taxonomy":"category","embeddable":true,"href":"https:\/\/www.europesays.com\/fi\/wp-json\/wp\/v2\/categories?post=256623"},{"taxonomy":"post_tag","embeddable":true,"href":"https:\/\/www.europesays.com\/fi\/wp-json\/wp\/v2\/tags?post=256623"}],"curies":[{"name":"wp","href":"https:\/\/api.w.org\/{rel}","templated":true}]}}