{"id":256749,"date":"2026-05-24T09:21:11","date_gmt":"2026-05-24T09:21:11","guid":{"rendered":"https:\/\/www.europesays.com\/fi\/256749\/"},"modified":"2026-05-24T09:21:11","modified_gmt":"2026-05-24T09:21:11","slug":"uskomattominta-sontaa-mita-olen-koskaan-nahnyt-raskaan-sarjan-titteliottelu-paattyi-todella-erikoisella-tavalla","status":"publish","type":"post","link":"https:\/\/www.europesays.com\/fi\/256749\/","title":{"rendered":"\u201dUskomattominta sontaa, mit\u00e4 olen koskaan n\u00e4hnyt\u201d \u2013 Raskaan sarjan titteliottelu p\u00e4\u00e4ttyi todella erikoisella tavalla"},"content":{"rendered":"<p>Oleksandr Usyk sai pit\u00e4\u00e4 vy\u00f6ns\u00e4 kyseenalaisen tuomarip\u00e4\u00e4t\u00f6ksen j\u00e4lkeen.<\/p>\n<p><img decoding=\"async\" class=\"image image-show image-preview\" src=\"https:\/\/www.europesays.com\/fi\/wp-content\/uploads\/2026\/05\/676541cec9804ede2c39c37509010dc80ae669bf81c4768ba5e0584c2e3bd57c.jpg\" alt=\"\"\/><img decoding=\"async\" class=\"image image-show\" src=\"https:\/\/www.europesays.com\/fi\/wp-content\/uploads\/2026\/05\/1779614471_935_676541cec9804ede2c39c37509010dc80ae669bf81c4768ba5e0584c2e3bd57c.jpg\" alt=\"\"\/><\/p>\n<p>Rico Verhoeven (vas.) ja Oleksandr Usyk ottivat yhteen lauantai-iltana. EPA \/ AOP<\/p>\n<p class=\"paragraph\">11. er\u00e4\u00e4 oli j\u00e4ljell\u00e4 en\u00e4\u00e4 25 sekuntia, kun <strong>Oleksandr Usykin<\/strong> kova isku pudotti <strong>Rico Verhoevenin<\/strong> mattoon raskaansarjan MM-ottelussa Egyptin Gizassa.<\/p>\n<p class=\"paragraph\">Verhoeven nousi kuitenkin yl\u00f6s ja marssi kulmaukseensa, jossa h\u00e4n sai hammassuojansa takaisin suuhunsa. Ottelu jatkui, mutta vain hetken.<\/p>\n<p class=\"paragraph\">Keh\u00e4tuomari vihelsi yll\u00e4tt\u00e4en pelin poikki vain muutamia sekunteja ennen 11. er\u00e4n p\u00e4\u00e4ttymist\u00e4, kun Usyk takoi Verhoevenia kiivaasti kulmassa.<\/p>\n<p class=\"paragraph\">\u2013 Minusta ottelu keskeytettiin liian aikaisin. Se ei ollut minun p\u00e4\u00e4t\u00f6kseni, mutta silti se oli minusta v\u00e4h\u00e4n liian aikainen keskeytys, Verhoeven harmitteli matsin j\u00e4lkeen.<\/p>\n<p class=\"paragraph\">Jos ottelun loppu ei n\u00e4y laitteellasi, voit katsoa sen <a href=\"https:\/\/x.com\/Combat_Casuals\/status\/2058325069755977947\" target=\"_blank\" rel=\"noopener nofollow\">t\u00e4\u00e4lt\u00e4<\/a>.<\/p>\n<p class=\"paragraph\">Moni nyrkkeilyasiantuntija oli samaa mielt\u00e4. Verhoeven olisi todenn\u00e4k\u00f6isesti kest\u00e4nyt muutamat sekunnit pystyss\u00e4 suojaksensa ansiosta, mink\u00e4 j\u00e4lkeen h\u00e4nell\u00e4 olisi ollut edess\u00e4 pieni huili ennen viimeist\u00e4 er\u00e4\u00e4.<\/p>\n<p class=\"paragraph\">\u2013 Tuomari tiesi, ett\u00e4 er\u00e4 oli lopussa. Luulin, ett\u00e4 h\u00e4n olisi antanut olla minun suojauksessa siihen asti, ett\u00e4 kongi kilahtaa, Verhoeven jatkoi.<\/p>\n<p class=\"paragraph\">Potkunyrkkeilyst\u00e4 paremmin tunnettu 37-vuotias konkariottelija p\u00e4rj\u00e4si erinomaisesti Usykin kyydiss\u00e4, sill\u00e4 ennen keskeytyst\u00e4 Verhoeven jopa johti pisteill\u00e4 (95\u201395, 95\u201395, 96\u201394), mutta 11. er\u00e4 olisi mennyt Usykille luvunlaskun ansiosta lukemin 10\u20138.<\/p>\n<p class=\"paragraph\">Nyrkkeilyfanit pitiv\u00e4t tuomarin lopetusp\u00e4\u00e4t\u00f6st\u00e4 ep\u00e4oikeudenmukaisena.<\/p>\n<p class=\"paragraph\">\u2013 T\u00e4m\u00e4 on uskomattominta paskaa, mit\u00e4 olen ikin\u00e4 n\u00e4hnyt, <strong>Jake Paul<\/strong> julisti.<\/p>\n<p class=\"paragraph\">Youtubesta nyrkkeilyn pariin siirtynyt somet\u00e4hti ei voinut uskoa n\u00e4hty\u00e4 todeksi.<\/p>\n<p class=\"paragraph\">\u2013 Rico voittaa jokaisen er\u00e4n ja heti kun tuomari n\u00e4kee mahdollisuuden p\u00e4\u00e4tt\u00e4\u00e4 ottelun, h\u00e4n tekee sen. Oletko tosissasi? Olen suurin Usyk-fani, mutta t\u00e4m\u00e4n matsin sin\u00e4 h\u00e4visit.<\/p>\n<p class=\"paragraph\">Virallisesti Usyk, 39, kuitenkin voitti ottelun, joten h\u00e4n sai pit\u00e4\u00e4 MM-vy\u00f6ns\u00e4 ja puhtaan saldonsa. Ukrainalainen on otellut ammattilaisena 25 kertaa ja voittanut aina.<\/p>\n<p class=\"paragraph\">Jos Paulin p\u00e4ivitys ei n\u00e4y laitteellasi, voit katsoa sen <a href=\"https:\/\/x.com\/jakepaul\/status\/2058326182240616686?ref_src=twsrc%5Etfw%7Ctwcamp%5Etweetembed%7Ctwterm%5E2058326182240616686%7Ctwgr%5Ed002eb4a66b737f97b4835400ed197625a9a9dbf%7Ctwcon%5Es1_&amp;ref_url=https%3A%2F%2Fembed.sanoma-sndp.fi%2Fext%2Fembed%2F%3Furl%3Dhttps3A2F2Ftwitter.com2Fjakepaul2Fstatus2F2058326182240616686\" target=\"_blank\" rel=\"noopener nofollow\">t\u00e4\u00e4lt\u00e4<\/a>.<\/p>\n<p><script async src=\"https:\/\/platform.twitter.com\/widgets.js\" charset=\"utf-8\"><\/script><\/p>\n","protected":false},"excerpt":{"rendered":"Oleksandr Usyk sai pit\u00e4\u00e4 vy\u00f6ns\u00e4 kyseenalaisen tuomarip\u00e4\u00e4t\u00f6ksen j\u00e4lkeen. Rico Verhoeven (vas.) ja Oleksandr Usyk ottivat yhteen lauantai-iltana. EPA&hellip;\n","protected":false},"author":2,"featured_media":256750,"comment_status":"","ping_status":"","sticky":false,"template":"","format":"standard","meta":{"footnotes":"","_share_on_mastodon":"0"},"categories":[136],"tags":[35,407,137,33,31,30,408,3844,41,3270,32,538,4455,109],"class_list":["post-256749","post","type-post","status-publish","format-standard","has-post-thumbnail","category-julkkikset","tag-24h","tag-celebrities","tag-entertainment","tag-fi","tag-finland","tag-finnish","tag-julkkikset","tag-kamppailu-urheilu","tag-liikunta-ja-urheilu","tag-nyrkkeily","tag-suomi","tag-tiede-ja-tekniikka","tag-vapaaottelu","tag-viihde"],"share_on_mastodon":{"url":"https:\/\/pubeurope.com\/@fi\/116628821846593259","error":""},"_links":{"self":[{"href":"https:\/\/www.europesays.com\/fi\/wp-json\/wp\/v2\/posts\/256749","targetHints":{"allow":["GET"]}}],"collection":[{"href":"https:\/\/www.europesays.com\/fi\/wp-json\/wp\/v2\/posts"}],"about":[{"href":"https:\/\/www.europesays.com\/fi\/wp-json\/wp\/v2\/types\/post"}],"author":[{"embeddable":true,"href":"https:\/\/www.europesays.com\/fi\/wp-json\/wp\/v2\/users\/2"}],"replies":[{"embeddable":true,"href":"https:\/\/www.europesays.com\/fi\/wp-json\/wp\/v2\/comments?post=256749"}],"version-history":[{"count":0,"href":"https:\/\/www.europesays.com\/fi\/wp-json\/wp\/v2\/posts\/256749\/revisions"}],"wp:featuredmedia":[{"embeddable":true,"href":"https:\/\/www.europesays.com\/fi\/wp-json\/wp\/v2\/media\/256750"}],"wp:attachment":[{"href":"https:\/\/www.europesays.com\/fi\/wp-json\/wp\/v2\/media?parent=256749"}],"wp:term":[{"taxonomy":"category","embeddable":true,"href":"https:\/\/www.europesays.com\/fi\/wp-json\/wp\/v2\/categories?post=256749"},{"taxonomy":"post_tag","embeddable":true,"href":"https:\/\/www.europesays.com\/fi\/wp-json\/wp\/v2\/tags?post=256749"}],"curies":[{"name":"wp","href":"https:\/\/api.w.org\/{rel}","templated":true}]}}