{"id":256771,"date":"2026-05-24T09:55:10","date_gmt":"2026-05-24T09:55:10","guid":{"rendered":"https:\/\/www.europesays.com\/fi\/256771\/"},"modified":"2026-05-24T09:55:10","modified_gmt":"2026-05-24T09:55:10","slug":"hermannin-viinitilalle-sateli-voittoja-paikalliset","status":"publish","type":"post","link":"https:\/\/www.europesays.com\/fi\/256771\/","title":{"rendered":"Hermannin Viinitilalle sateli voittoja | Paikalliset"},"content":{"rendered":"<p>Viinitila dominoi kilpailua ja saavutti Vuoden tilaviini 2026 -tittelin sek\u00e4 kuohuviinien kolmoisvoiton.<\/p>\n<p>Lieksalaisl\u00e4ht\u00f6isen <strong>Samuli Taposen<\/strong> luotsaamasta Hermannin Viinitilasta voitaneen jo puhua viini-ihmeen\u00e4, sill\u00e4 se on niitt\u00e4nyt mainetta ja kunniaa olemassaolonsa aikana useastikin. Viinitilan tuotantop\u00e4\u00e4llikk\u00f6 on lieksalaisl\u00e4ht\u00f6inen <strong>Asko Ryyn\u00e4nen<\/strong>.<\/p>\n","protected":false},"excerpt":{"rendered":"Viinitila dominoi kilpailua ja saavutti Vuoden tilaviini 2026 -tittelin sek\u00e4 kuohuviinien kolmoisvoiton. Lieksalaisl\u00e4ht\u00f6isen Samuli Taposen luotsaamasta Hermannin Viinitilasta&hellip;\n","protected":false},"author":2,"featured_media":256772,"comment_status":"","ping_status":"","sticky":false,"template":"","format":"standard","meta":{"footnotes":"","_share_on_mastodon":"0"},"categories":[130],"tags":[739,2268,3039,137,33,31,30,695,1255,2331,32,3884,109],"class_list":["post-256771","post","type-post","status-publish","format-standard","has-post-thumbnail","category-viihde","tag-alko-oy","tag-alkoholi","tag-alkoholijuomat","tag-entertainment","tag-fi","tag-finland","tag-finnish","tag-juomat","tag-lieksa","tag-ruoka-ja-juoma","tag-suomi","tag-ulkonako","tag-viihde"],"share_on_mastodon":{"url":"https:\/\/pubeurope.com\/@fi\/116628955191957741","error":""},"_links":{"self":[{"href":"https:\/\/www.europesays.com\/fi\/wp-json\/wp\/v2\/posts\/256771","targetHints":{"allow":["GET"]}}],"collection":[{"href":"https:\/\/www.europesays.com\/fi\/wp-json\/wp\/v2\/posts"}],"about":[{"href":"https:\/\/www.europesays.com\/fi\/wp-json\/wp\/v2\/types\/post"}],"author":[{"embeddable":true,"href":"https:\/\/www.europesays.com\/fi\/wp-json\/wp\/v2\/users\/2"}],"replies":[{"embeddable":true,"href":"https:\/\/www.europesays.com\/fi\/wp-json\/wp\/v2\/comments?post=256771"}],"version-history":[{"count":0,"href":"https:\/\/www.europesays.com\/fi\/wp-json\/wp\/v2\/posts\/256771\/revisions"}],"wp:featuredmedia":[{"embeddable":true,"href":"https:\/\/www.europesays.com\/fi\/wp-json\/wp\/v2\/media\/256772"}],"wp:attachment":[{"href":"https:\/\/www.europesays.com\/fi\/wp-json\/wp\/v2\/media?parent=256771"}],"wp:term":[{"taxonomy":"category","embeddable":true,"href":"https:\/\/www.europesays.com\/fi\/wp-json\/wp\/v2\/categories?post=256771"},{"taxonomy":"post_tag","embeddable":true,"href":"https:\/\/www.europesays.com\/fi\/wp-json\/wp\/v2\/tags?post=256771"}],"curies":[{"name":"wp","href":"https:\/\/api.w.org\/{rel}","templated":true}]}}