{"id":25687,"date":"2025-09-04T18:06:10","date_gmt":"2025-09-04T18:06:10","guid":{"rendered":"https:\/\/www.europesays.com\/fi\/25687\/"},"modified":"2025-09-04T18:06:10","modified_gmt":"2025-09-04T18:06:10","slug":"stubbin-poikkeukselliset-sanat-leviavat-maailmalla-ja-ne-on-syyta-kuunnella-tarkkaan","status":"publish","type":"post","link":"https:\/\/www.europesays.com\/fi\/25687\/","title":{"rendered":"Stubbin poikkeukselliset sanat levi\u00e4v\u00e4t maailmalla, ja ne on syyt\u00e4 kuunnella tarkkaan"},"content":{"rendered":"<p><a href=\"https:\/\/www.iltalehti.fi\/kirjoittajat\/Joonas Lehtonen\" class=\"article-description-pov-author\" rel=\"nofollow noopener\" target=\"_blank\"><\/p>\n<p>Joonas Lehtonen<\/p>\n<p><img decoding=\"async\" class=\"author-image\" src=\"https:\/\/www.europesays.com\/fi\/wp-content\/uploads\/2025\/08\/a649a9cfa432e56ac1d1a985d305299ef52e11d9274bbc73fb7a3c3e37f88ef5.png\" alt=\"\"\/><\/a><\/p>\n<p>Id\u00e4n suurvallat haluavat maailman, joka olisi huolestuttava Suomellekin, kirjoittaa Joonas Lehtonen.<\/p>\n<p>T\u00e4n\u00e4\u00e4n klo 20:34<\/p>\n<p><img decoding=\"async\" class=\"image image-show image-preview\" src=\"https:\/\/www.europesays.com\/fi\/wp-content\/uploads\/2025\/09\/d544f01e800c5c16e015311c68575f5c97fff92bfbb195a5c62811eaf26e3f02.jpg\" alt=\"\"\/><img decoding=\"async\" class=\"image image-show\" src=\"https:\/\/www.europesays.com\/fi\/wp-content\/uploads\/2025\/09\/1757009170_845_d544f01e800c5c16e015311c68575f5c97fff92bfbb195a5c62811eaf26e3f02.jpg\" alt=\"\"\/><\/p>\n<p>Vladimir Putin, Narendra Modi ja Xi Jinping jakoivat l\u00e4mpim\u00e4n hetken Kiinan Tianjinissa. ZUMAWIRE\/MVPHOTOS<\/p>\n<p class=\"paragraph\">Maailmalla on levinnyt kuluvalla viikolla poikkeuksellinen uutiskuva.<\/p>\n<p class=\"paragraph\">Kuvassa poseeraavat Kiinan, Intian ja Ven\u00e4j\u00e4n johtajat <a href=\"https:\/\/www.iltalehti.fi\/henkilot\/Xi Jinping\" class=\"article-link-person-page\" rel=\"nofollow noopener\" target=\"_blank\">Xi Jinping<\/a>, <a href=\"https:\/\/www.iltalehti.fi\/henkilot\/Narendra Modi\" class=\"article-link-person-page\" rel=\"nofollow noopener\" target=\"_blank\">Narendra Modi<\/a> ja <a href=\"https:\/\/www.iltalehti.fi\/henkilot\/Vladimir Putin\" class=\"article-link-person-page\" rel=\"nofollow noopener\" target=\"_blank\">Vladimir Putin<\/a>. Tunnelma on syd\u00e4mellinen: miehet naureskelevat ja pit\u00e4v\u00e4t toisiaan k\u00e4dest\u00e4.<\/p>\n<p class=\"paragraph\">Juuri otoksen l\u00e4mminhenkisyys tekee siit\u00e4 poikkeuksellisen \u2013 ja sen soisi h\u00e4tk\u00e4hdytt\u00e4v\u00e4n l\u00e4nness\u00e4kin.<\/p>\n<p class=\"paragraph\">Kolmikko tapasi Kiinassa Shanghain yhteisty\u00f6j\u00e4rjest\u00f6 SCO:n kokouksessa.<\/p>\n<p class=\"paragraph\">Xi ja Putin edustivat my\u00f6s Pekingiss\u00e4 Kiinan historian suurimmassa sotilasparaatissa, jossa heid\u00e4n seuraansa liittyi muun muassa Pohjois-Korean <a href=\"https:\/\/www.iltalehti.fi\/henkilot\/Kim Jong-un\" class=\"article-link-person-page\" rel=\"nofollow noopener\" target=\"_blank\">Kim Jong-un<\/a>.<\/p>\n<p class=\"paragraph\">Kenties huomionarvoisin Kiinan tapahtumista oli kuitenkin Modin saapuminen seremonioihin. Intia on nyky\u00e4\u00e4n maailman v\u00e4kirikkain maa, jonka v\u00e4lit Kiinan kanssa ovat olleet pitk\u00e4\u00e4n kire\u00e4t. Ennen t\u00e4t\u00e4 Intian johtajaa ei ole n\u00e4hty Kiinassa yli seitsem\u00e4\u00e4n vuoteen.<\/p>\n<p class=\"paragraph\">Maiden yll\u00e4tt\u00e4v\u00e4 l\u00e4hentyminen johtuu ainakin osin <a href=\"https:\/\/www.iltalehti.fi\/henkilot\/Donald Trump\" class=\"article-link-person-page\" rel=\"nofollow noopener\" target=\"_blank\">Donald Trumpista<\/a>. USA:n presidentti asetti <a href=\"https:\/\/www.iltalehti.fi\/ulkomaat\/eb1dfa5a-a7ff-4224-b76a-31f9d895a1fa\" rel=\"nofollow noopener\" target=\"_blank\">viime viikolla<\/a> tuonnille Intiasta 50 prosentin tullit rangaistuksena ven\u00e4l\u00e4isen \u00f6ljyn ostamisesta.<\/p>\n<p class=\"paragraph\">Intia on perinteisesti ollut Yhdysvalloille t\u00e4rke\u00e4 kumppani Aasiassa \u2013 ja v\u00e4yl\u00e4 padota Kiinan kasvavaa vaikutusvaltaa. Saapumalla Xin syleilt\u00e4v\u00e4ksi Modi muistutti hyvin julkisesti Trumpille, ett\u00e4 maalla on yst\u00e4vikseen muitakin vaihtoehtoja.<\/p>\n<p class=\"paragraph\">Vuosikausien erimielisyydet Kiinan ja Intian v\u00e4lill\u00e4 eiv\u00e4t tietenk\u00e4\u00e4n korjaannu hetkess\u00e4. Monet asiantuntijat kuvaavat id\u00e4n suurvaltojen toveruutta pragmaattiseksi suhteeksi, joka voi s\u00e4rky\u00e4 nopeastikin. Samaten Yhdysvallat ja Intia tekev\u00e4t jatkossakin yhteisty\u00f6t\u00e4 muun muassa Quad-liittoumassa.<\/p>\n<p class=\"paragraph\">Siit\u00e4 huolimatta symboliikka Kiinassa oli vahvaa \u2013 ja muistutti Euroopassa kirvelev\u00e4sti siit\u00e4, ett\u00e4 meill\u00e4 t\u00e4llaista valinnanvaraa ei ole.<\/p>\n<p class=\"paragraph\">Valokuviin ikuistuneiden eleiden ohella on syyt\u00e4 huomioida my\u00f6s se, mit\u00e4 Kiinassa puhuttiin.<\/p>\n<p class=\"paragraph\">Xi esitteli kokouksessa visiotaan <a href=\"https:\/\/www.iltalehti.fi\/ulkomaat\/94b6b4fb-f761-4b98-b93d-c5d405c2a67a\" rel=\"nofollow noopener\" target=\"_blank\">uudesta maailmanj\u00e4rjestyksest\u00e4<\/a>, joka nostaisi niin sanotun globaalin etel\u00e4n etusijalle.<\/p>\n<p class=\"paragraph\">Todellisuudessa t\u00e4m\u00e4n vision maailmaa johtaisi Kiina, jonka arvot ovat hyvin erilaiset kuin ne, joihin olemme l\u00e4nsimaissa tottuneet. Se olisi maailma, jossa voima puhuisi ja isot jyr\u00e4isiv\u00e4t.<\/p>\n<p class=\"paragraph\">Kuin visiotaan pohjustaakseen Xi oli kutsunut paraatiinsa johtajia my\u00f6s Euroopasta \u2013 esimerkiksi EU- ja Nato-maa Slovakiasta \u2013 ja ly\u00f6nyt n\u00e4in kiilaa l\u00e4nnen yhten\u00e4isyyteen.<\/p>\n<p class=\"paragraph\">Se taas on Suomen kaltaisille, pienille maille ensiarvoisen t\u00e4rke\u00e4\u00e4.<\/p>\n<p class=\"paragraph\">Ven\u00e4j\u00e4n rajamaille huolestuttava viesti on my\u00f6s se, ett\u00e4 Putinin hylki\u00f6ajat alkavat olla ohi. Ven\u00e4j\u00e4n presidentti on p\u00e4\u00e4ssyt lyhyen ajan sis\u00e4\u00e4n paistattelemaan globaalilla areenalla ensin Trumpin kutsumana Alaskassa ja sitten Xin vieraana Kiinassa.<\/p>\n<p class=\"paragraph\">Kuin kirsikkana Xin kakun p\u00e4\u00e4lle Trump <a href=\"https:\/\/www.iltalehti.fi\/ulkomaat\/38ff0405-6f6e-45d3-a9b8-6b835f99e178\" rel=\"nofollow noopener\" target=\"_blank\">katosi oudosti julkisuudesta<\/a> l\u00e4hes viikoksi juuri Kiinan show\u2019n aikana. Villej\u00e4 spekulaatioita her\u00e4tt\u00e4neen hiljaiselon syyt\u00e4 ei tiedet\u00e4, mutta sen ajoitusta voidaan pit\u00e4\u00e4 katastrofaalisena: kun it\u00e4 esitteli yhten\u00e4isyytt\u00e4\u00e4n, Trumpin katoaminen vain alleviivasi USA:n erist\u00e4ytymist\u00e4 ja l\u00e4nnen seilaamista vailla todellista johtajaa.<\/p>\n<p class=\"paragraph\">Kiinan tapahtumat eiv\u00e4t menneet huomiotta Suomessakaan. Tasavallan presidentti <a href=\"https:\/\/www.iltalehti.fi\/henkilot\/Alexander Stubb\" class=\"article-link-person-page\" rel=\"nofollow noopener\" target=\"_blank\">Alexander Stubb<\/a> halusi tiistaina l\u00e4hett\u00e4\u00e4 viestin \u201deurooppalaisille kollegoilleen ja erityisesti Yhdysvaltoihin\u201d.<\/p>\n<p class=\"paragraph\">\u2013 Jos emme tee enemm\u00e4n yhteisty\u00f6h\u00f6n perustuvaa ja kunnioittavampaa ulkopolitiikkaa globaalia etel\u00e4\u00e4 kohtaan, h\u00e4vi\u00e4mme t\u00e4m\u00e4n pelin, Stubb painotti.<\/p>\n<p class=\"paragraph\">\u2013 Minusta Kiinan kokous on l\u00e4nnelle hyv\u00e4 muistutus siit\u00e4, mit\u00e4 on peliss\u00e4.<\/p>\n<p class=\"paragraph\">Stubbin poikkeukselliset sanat noteerattiin nopeasti id\u00e4ss\u00e4 ja l\u00e4nness\u00e4. \u201dTrumpin golfkaveri varoittaa Yhdysvaltoja\u201d, otsikoi esimerkiksi suuri intialaismedia <a href=\"https:\/\/www.timesnownews.com\/india\/donald-trumps-golf-pal-finnish-president-alexander-stubb-warns-us-show-india-dignity-or-were-going-to-lose-article-152649708\" rel=\"noopener nofollow\" target=\"_blank\">Times Now<\/a>.<\/p>\n<p class=\"paragraph\">Stubb itse teki yhden ensimm\u00e4isist\u00e4 valtiovierailuistaan presidenttin\u00e4 Kiinaan ja sai viime viikolla kutsun my\u00f6s Intiaan puhuessaan puhelimessa p\u00e4\u00e4ministeri Modin kanssa.<\/p>\n<p class=\"paragraph\">Suomessa ja maailmalla on viime viikkoina hehkutettu Stubbin tiivist\u00e4 yhteytt\u00e4 USA:n Trumpiin. Yht\u00e4 lailla olisi syyt\u00e4 nostaa h\u00e4nen ty\u00f6t\u00e4\u00e4n sen setvimiseksi, miten muualla maailmassa ajatellaan.<\/p>\n","protected":false},"excerpt":{"rendered":"Joonas Lehtonen Id\u00e4n suurvallat haluavat maailman, joka olisi huolestuttava Suomellekin, kirjoittaa Joonas Lehtonen. T\u00e4n\u00e4\u00e4n klo 20:34 Vladimir Putin,&hellip;\n","protected":false},"author":2,"featured_media":25688,"comment_status":"","ping_status":"","sticky":false,"template":"","format":"standard","meta":{"footnotes":""},"categories":[14],"tags":[35,22,23,26,27,33,31,30,17,24,25,28,29,15,18,21,142,639,637,144,32,19,20,56,16,638,59,60,61],"class_list":{"0":"post-25687","1":"post","2":"type-post","3":"status-publish","4":"format-standard","5":"has-post-thumbnail","7":"category-ulkomaat","8":"tag-24h","9":"tag-breaking-news","10":"tag-breakingnews","11":"tag-featured-news","12":"tag-featurednews","13":"tag-fi","14":"tag-finland","15":"tag-finnish","16":"tag-headlines","17":"tag-latest-news","18":"tag-latestnews","19":"tag-main-news","20":"tag-mainnews","21":"tag-news","22":"tag-otsikot","23":"tag-paauutiset","24":"tag-poliitikot","25":"tag-poliittiset-johtajat","26":"tag-politiikka","27":"tag-presidentti","28":"tag-suomi","29":"tag-top-stories","30":"tag-topstories","31":"tag-ulkomaat","32":"tag-uutiset","33":"tag-valtiovalta","34":"tag-world","35":"tag-world-news","36":"tag-worldnews"},"share_on_mastodon":{"url":"","error":""},"_links":{"self":[{"href":"https:\/\/www.europesays.com\/fi\/wp-json\/wp\/v2\/posts\/25687","targetHints":{"allow":["GET"]}}],"collection":[{"href":"https:\/\/www.europesays.com\/fi\/wp-json\/wp\/v2\/posts"}],"about":[{"href":"https:\/\/www.europesays.com\/fi\/wp-json\/wp\/v2\/types\/post"}],"author":[{"embeddable":true,"href":"https:\/\/www.europesays.com\/fi\/wp-json\/wp\/v2\/users\/2"}],"replies":[{"embeddable":true,"href":"https:\/\/www.europesays.com\/fi\/wp-json\/wp\/v2\/comments?post=25687"}],"version-history":[{"count":0,"href":"https:\/\/www.europesays.com\/fi\/wp-json\/wp\/v2\/posts\/25687\/revisions"}],"wp:featuredmedia":[{"embeddable":true,"href":"https:\/\/www.europesays.com\/fi\/wp-json\/wp\/v2\/media\/25688"}],"wp:attachment":[{"href":"https:\/\/www.europesays.com\/fi\/wp-json\/wp\/v2\/media?parent=25687"}],"wp:term":[{"taxonomy":"category","embeddable":true,"href":"https:\/\/www.europesays.com\/fi\/wp-json\/wp\/v2\/categories?post=25687"},{"taxonomy":"post_tag","embeddable":true,"href":"https:\/\/www.europesays.com\/fi\/wp-json\/wp\/v2\/tags?post=25687"}],"curies":[{"name":"wp","href":"https:\/\/api.w.org\/{rel}","templated":true}]}}