{"id":256915,"date":"2026-05-24T13:43:19","date_gmt":"2026-05-24T13:43:19","guid":{"rendered":"https:\/\/www.europesays.com\/fi\/256915\/"},"modified":"2026-05-24T13:43:19","modified_gmt":"2026-05-24T13:43:19","slug":"johanna-tukiainen-ja-joonas-rakas-kihlajaisissa-erikoinen-naky-keskella-asuntoa","status":"publish","type":"post","link":"https:\/\/www.europesays.com\/fi\/256915\/","title":{"rendered":"Johanna Tukiainen ja Joonas-rakas: Kihlajaisissa erikoinen n\u00e4ky keskell\u00e4 asuntoa"},"content":{"rendered":"<p>            Miikka Kaskinen\n        <\/p>\n<p class=\"subtitle \">Johannan ja Joonaksen on muutettava viikon p\u00e4\u00e4st\u00e4 nykyisest\u00e4 asunnostaan pois. Se ei kuitenkaan est\u00e4nyt talon is\u00e4nt\u00e4\u00e4 poraamasta reiki\u00e4 sein\u00e4\u00e4n.<\/p>\n<p class=\"article-content article-content-width !bg-background\">\u2013 Nyt ollaan kihloissa viimeist\u00e4 kertaa.<\/p>\n<p class=\"font-weight-bold m-font-weight-bold article-content article-content-width !bg-background\">Arkistovideo: N\u00e4in kauniisti Joonas puhui Johannasta tammikuussa.<\/p>\n<p class=\"article-content article-content-width !bg-background\">\u00c4\u00e4ni kuuluu  kihlatulle, 28-vuotiaalle .<\/p>\n<p class=\"article-content article-content-width !bg-background\">Pariskunnan hartaasti mainostamat kihlajaisjuhlat pidettiin lauantaina Helsingin Eirassa \u2013 asunnossa, jonka vuokrasopimus p\u00e4\u00e4ttyy viikon p\u00e4\u00e4st\u00e4.<\/p>\n<p class=\"article-content article-content-width !bg-background\">Se ei ole haitannut puuhakasta Joonasta poraamasta seiniin viel\u00e4 reiki\u00e4, jotta Bride to be -ilmapallot on saatu asianmukaisesti esille.<\/p>\n<p>        <a itemprop=\"url\" href=\"https:\/\/www.seiska.fi\/rikos\/johanna-tukiaisen-epailty-torkea-rattijuopumus-nyt-puhuu-tutkinnanjohtaja\/2157459\" rel=\"nofollow noopener\" target=\"_blank\"><\/p>\n<p>\nEp\u00e4ily t\u00f6rke\u00e4st\u00e4 rattijuopumuksesta\n<\/p>\n<p class=\"section-date\">\n        <strong class=\"article-section\" data-section=\"rikos\"><br \/>\n            rikos<br \/>\n        <\/strong><br \/>\n        21.5. 17:00\n    <\/p>\n<p>Johanna Tukiaisen ep\u00e4ilty t\u00f6rke\u00e4 rattijuopumus \u2013 nyt puhuu tutkinnanjohtaja\n    <\/p>\n<p itemprop=\"description\" class=\"subtitle \">\n    T\u00f6rke\u00e4st\u00e4 rattijuopumuksesta tuomitaan Suomessa aina v\u00e4hint\u00e4\u00e4n 60 p\u00e4iv\u00e4sakkoa tai enint\u00e4\u00e4n kaksi vuotta vankeutta.\n<\/p>\n<p>        <\/a><\/p>\n<p class=\"article-content article-content-width !bg-background\">\u2013 Johanna sanoi, ettei haittaa mit\u00e4\u00e4n. V\u00e4h\u00e4n valkoista kitti\u00e4 ja t\u00f6p\u00f6ttelee rei\u00e4t, Joonas naurahtaa ja vinkkaa silm\u00e4\u00e4.<\/p>\n<p>                <img decoding=\"async\" src=\"https:\/\/www.europesays.com\/fi\/wp-content\/uploads\/2026\/05\/2160787.webp\" width=\"576\" height=\"639\" alt=\"Joonaksen k\u00e4siss\u00e4 pysyy vaikka iskuporakone.\" loading=\"lazy\" \/>            <\/p>\n<p>\n            Joonaksen k\u00e4siss\u00e4 pysyy vaikka iskuporakone.<br \/>\n            Miikka Kaskinen\n        <\/p>\n<p>Lauttasaareen?<\/p>\n<p class=\"article-content article-content-width !bg-background\">Pariskunta uhkaa j\u00e4\u00e4d\u00e4 asunnottomaksi, mutta sek\u00e4\u00e4n ei tunnu kaksikkoa stressaavan.<\/p>\n<p class=\"article-content article-content-width !bg-background\">Joonas kertoo, ett\u00e4 heill\u00e4 on tiedossa kolme potentiaalista asuntoa, joihin kaikkiin pystyy muuttamaan nopeallakin aikataululla.<\/p>\n<p>        <a itemprop=\"url\" href=\"https:\/\/www.seiska.fi\/kotimaa\/joonas-makarainen-ikava-uutinen\/2148090\" rel=\"nofollow noopener\" target=\"_blank\"><\/p>\n<p>\n&#8221;Olen ottanut yhteytt\u00e4 lakimieheeni&#8221;\n<\/p>\n<p class=\"section-date\">\n        <strong class=\"article-section\" data-section=\"kotimaa\"><br \/>\n            kotimaa<br \/>\n        <\/strong><br \/>\n        9.5. 14:00\n    <\/p>\n<p>Joonas M\u00e4k\u00e4r\u00e4inen: Ik\u00e4v\u00e4 uutinen\n    <\/p>\n<p itemprop=\"description\" class=\"subtitle \">\n    Jotain hyv\u00e4\u00e4kin sent\u00e4\u00e4n on tapahtunut, sill\u00e4 Joonas kertoo tutustuneensa uusiin ihmisiin \u2013 eik\u00e4 kyse ole vain Netta Kukkosesta ja Andy McCoysta.\n<\/p>\n<p>        <\/a><\/p>\n<p>                <img decoding=\"async\" src=\"https:\/\/www.europesays.com\/fi\/wp-content\/uploads\/2026\/05\/2160789.webp\" width=\"576\" height=\"639\" alt=\"Joonas kertoi ottaneensa taannoin lainan, jolla muun muassa Johannan kihlasormus, Bemari sek\u00e4 taulutelkkari maksettiin.\" loading=\"lazy\" \/>            <\/p>\n<p>\n            Joonas kertoi ottaneensa taannoin lainan, jolla muun muassa Johannan kihlasormus, Bemari sek\u00e4 taulutelkkari maksettiin.<br \/>\n            Miikka Kaskinen\n        <\/p>\n<p class=\"article-content article-content-width !bg-background\">Lauttasaari, Vartiokyl\u00e4 ja Vuosaari.<\/p>\n<p class=\"article-content article-content-width !bg-background\">\u2013 Kahteen ensimm\u00e4iseen olemme ilmeisesti ainoat hakijat.<\/p>\n<p>\n            Lalli ei tule en\u00e4\u00e4 meid\u00e4n el\u00e4m\u00e4\u00e4mme sotkemaan.\n            <\/p>\n<p class=\"article-content article-content-width !bg-background\">\u2013 Ehk\u00e4 se Lauttasaari olisi hyv\u00e4 kompromissi, kun Johanna haluaa asua l\u00e4hell\u00e4 keskustaa, ja min\u00e4 tykk\u00e4\u00e4n luonnosta.<\/p>\n<p>                <img decoding=\"async\" src=\"https:\/\/www.europesays.com\/fi\/wp-content\/uploads\/2026\/05\/2160784.webp\" width=\"576\" height=\"639\" alt=\"Johanna ja Joonas j\u00e4rjestiv\u00e4t kihlajaisjuhlat kodissaan.\" loading=\"lazy\" \/>            <\/p>\n<p>\n            Johanna ja Joonas j\u00e4rjestiv\u00e4t kihlajaisjuhlat kodissaan.<br \/>\n            Miikka Kaskinen\n        <\/p>\n<p>Ei kania, eik\u00e4 koiria<\/p>\n<p class=\"article-content article-content-width !bg-background\">T\u00e4ll\u00e4 hetkell\u00e4 asunnon sisustus on melko omaleimainen, mutta niin ovat toki asukitkin.<\/p>\n<p class=\"article-content article-content-width !bg-background\">Talossa korostuu Johannan lempiv\u00e4ri pinkki, lattialla on kaatuneen kanin hein\u00e4t, ja sein\u00e4\u00e4 vasten makaa iso taulutelevisio.<\/p>\n<p>        <a itemprop=\"url\" href=\"https:\/\/www.seiska.fi\/vain-seiskassa\/johanna-tukiainen-ja-joonas-rakas-kodittomuus-uhkaa\/2141754\" rel=\"nofollow noopener\" target=\"_blank\"><\/p>\n<p>\nKodittomuus uhkaa\n<\/p>\n<p class=\"section-date\">\n        <strong class=\"article-section\" data-section=\"vain seiskassa\"><br \/>\n            vain seiskassa<br \/>\n        <\/strong><br \/>\n        2.5. 19:30\n    <\/p>\n<p>Johanna Tukiainen ja Joonas-rakas: Kodittomuus uhkaa!\n    <\/p>\n<p itemprop=\"description\" class=\"subtitle \">\n    Vappu meni suurimmaksi osaksi hyvin, vaikka Johanna joutuikin k\u00e4ym\u00e4\u00e4n Haartmanin p\u00e4ivystyksess\u00e4 vappup\u00e4iv\u00e4n\u00e4.\n<\/p>\n<p>        <\/a><\/p>\n<p class=\"article-content article-content-width !bg-background\">Joonaksen mukaan kania ei tosin en\u00e4\u00e4 ole, kuten ei kahta koiraakaan.<\/p>\n<p class=\"article-content article-content-width !bg-background\">Keitti\u00f6n p\u00f6yt\u00e4 on katettu muun muassa Johannan yst\u00e4v\u00e4n tuomilla cocktail-tikuilla, viinill\u00e4 sek\u00e4 tietenkin Hello Kitty -aiheisella kakulla.<\/p>\n<p>                <img decoding=\"async\" src=\"https:\/\/www.europesays.com\/fi\/wp-content\/uploads\/2026\/05\/2160782.webp\" width=\"576\" height=\"639\" alt=\"Talon is\u00e4nt\u00e4 kertoo pit\u00e4v\u00e4ns\u00e4 huolen, ettei kenell\u00e4k\u00e4\u00e4n p\u00e4\u00e4se jano yll\u00e4tt\u00e4m\u00e4\u00e4n. My\u00f6s karkkia l\u00f6ytyy.\" loading=\"lazy\" \/>            <\/p>\n<p>\n            Talon is\u00e4nt\u00e4 kertoo pit\u00e4v\u00e4ns\u00e4 huolen, ettei kenell\u00e4k\u00e4\u00e4n p\u00e4\u00e4se jano yll\u00e4tt\u00e4m\u00e4\u00e4n. My\u00f6s karkkia l\u00f6ytyy.<br \/>\n            Miikka Kaskinen\n        <\/p>\n<p>Lalli ei tervetullut<\/p>\n<p class=\"article-content article-content-width !bg-background\">Itse kihlajaiset piti j\u00e4rjest\u00e4\u00e4 jo iltap\u00e4iv\u00e4st\u00e4, mutta aikatauluihin tuli muutos, sill\u00e4 Joonaksen edellinen ilta oli venynyt pitk\u00e4lle aamuun asti, mink\u00e4 vuoksi is\u00e4nn\u00e4n oli pakko saada lev\u00e4t\u00e4.<\/p>\n<p>\n            Sen voin sanoa, ett\u00e4 sohva ja s\u00e4nky lent\u00e4v\u00e4t roskiin. En halua uuteen asuntoon mit\u00e4\u00e4n Veijon ostamia juttuja.\n            <\/p>\n<p class=\"article-content article-content-width !bg-background\">Yksi asia on Joonaksen puheissa varma.<\/p>\n<p class=\"article-content article-content-width !bg-background\">\u2013 Lalli ei tule en\u00e4\u00e4 meid\u00e4n el\u00e4m\u00e4\u00e4mme sotkemaan.<\/p>\n<p>                <img decoding=\"async\" src=\"https:\/\/www.europesays.com\/fi\/wp-content\/uploads\/2026\/05\/2160780.webp\" width=\"576\" height=\"360\" alt=\"Hello Kitty -kakku kruunasi p\u00f6yd\u00e4n.\" loading=\"lazy\" \/>            <\/p>\n<p>\n            Hello Kitty -kakku kruunasi p\u00f6yd\u00e4n.<br \/>\n            Miikka Kaskinen\n        <\/p>\n<p class=\"article-content article-content-width !bg-background\">Siin\u00e4 miss\u00e4 47-vuotias Johanna esittelee antaumuksella asuaan ja kattokristalliaan, ilmoittaa Joonas, ett\u00e4 tulevat p\u00e4iv\u00e4t tulevat olemaan kiireisi\u00e4.<\/p>\n<p>        <a itemprop=\"url\" href=\"https:\/\/www.seiska.fi\/kotimaa\/johanna-tukiainen-ja-netta-kukkonen-mystiset-vip-juhlat\/2139190\" rel=\"nofollow noopener\" target=\"_blank\"><\/p>\n<p>\nJohanna Tukiainen ja Netta Kukkonen\n<\/p>\n<p class=\"section-date\">\n        <strong class=\"article-section\" data-section=\"kotimaa\"><br \/>\n            kotimaa<br \/>\n        <\/strong><br \/>\n        1.5. 15:00\n    <\/p>\n<p>Johanna Tukiainen ja Netta Kukkonen: Mystiset VIP-juhlat\n    <\/p>\n<p itemprop=\"description\" class=\"subtitle \">\n    &#8221;Sovittiin, ettei ihmisist\u00e4 oteta kuvia&#8221;, Johanna kommentoi illanviettoa.\n<\/p>\n<p>        <\/a><\/p>\n<p class=\"article-content article-content-width !bg-background\">\u2013 Johannan tavaroita pit\u00e4\u00e4 hakea Loviisasta Veijon luota, ja t\u00e4\u00e4ll\u00e4kin pit\u00e4isi pakata.<\/p>\n<p class=\"article-content article-content-width !bg-background\">\u2013 Sen voin sanoa, ett\u00e4 sohva ja s\u00e4nky lent\u00e4v\u00e4t roskiin. En halua uuteen asuntoon mit\u00e4\u00e4n Veijon ostamia juttuja, Joonas linjaa.<\/p>\n<p>                <img decoding=\"async\" src=\"https:\/\/www.europesays.com\/fi\/wp-content\/uploads\/2026\/05\/2160806.webp\" width=\"576\" height=\"639\" alt=\"Keskell\u00e4 asuntoa komeilee j\u00e4ttim\u00e4inen taulutelevisio.\" loading=\"lazy\" \/>            <\/p>\n<p>\n            Keskell\u00e4 asuntoa komeilee j\u00e4ttim\u00e4inen taulutelevisio.<br \/>\n            Miikka Kaskinen\n        <\/p>\n<p>                <img decoding=\"async\" src=\"https:\/\/www.europesays.com\/fi\/wp-content\/uploads\/2026\/05\/2160778.webp\" width=\"576\" height=\"639\" alt=\"Johanna kertoo, ett\u00e4 h\u00e4nen asunsa on aitoa ranskalaista pitsi\u00e4 ja merkki\u00e4 Zimmermann. Asun h\u00e4n sanoo ostaneensa aikanaan Puerto Banuksesta.\" loading=\"lazy\" \/>            <\/p>\n<p>\n            Johanna kertoo, ett\u00e4 h\u00e4nen asunsa on aitoa ranskalaista pitsi\u00e4 ja merkki\u00e4 Zimmermann. Asun h\u00e4n sanoo ostaneensa aikanaan Puerto Banuksesta.<br \/>\n            Miikka Kaskinen\n        <\/p>\n","protected":false},"excerpt":{"rendered":"Miikka Kaskinen Johannan ja Joonaksen on muutettava viikon p\u00e4\u00e4st\u00e4 nykyisest\u00e4 asunnostaan pois. Se ei kuitenkaan est\u00e4nyt talon is\u00e4nt\u00e4\u00e4&hellip;\n","protected":false},"author":2,"featured_media":256916,"comment_status":"","ping_status":"","sticky":false,"template":"","format":"standard","meta":{"footnotes":"","_share_on_mastodon":"0"},"categories":[136],"tags":[407,137,33,31,30,104,5865,9103,408,5413,212,3255,32,109],"class_list":["post-256915","post","type-post","status-publish","format-standard","has-post-thumbnail","category-julkkikset","tag-celebrities","tag-entertainment","tag-fi","tag-finland","tag-finnish","tag-helsinki","tag-johanna-tukiainen","tag-joonas-makarainen","tag-julkkikset","tag-kihlajaiset","tag-lifestyle","tag-muutto","tag-suomi","tag-viihde"],"share_on_mastodon":{"url":"https:\/\/pubeurope.com\/@fi\/116629852208506603","error":""},"_links":{"self":[{"href":"https:\/\/www.europesays.com\/fi\/wp-json\/wp\/v2\/posts\/256915","targetHints":{"allow":["GET"]}}],"collection":[{"href":"https:\/\/www.europesays.com\/fi\/wp-json\/wp\/v2\/posts"}],"about":[{"href":"https:\/\/www.europesays.com\/fi\/wp-json\/wp\/v2\/types\/post"}],"author":[{"embeddable":true,"href":"https:\/\/www.europesays.com\/fi\/wp-json\/wp\/v2\/users\/2"}],"replies":[{"embeddable":true,"href":"https:\/\/www.europesays.com\/fi\/wp-json\/wp\/v2\/comments?post=256915"}],"version-history":[{"count":0,"href":"https:\/\/www.europesays.com\/fi\/wp-json\/wp\/v2\/posts\/256915\/revisions"}],"wp:featuredmedia":[{"embeddable":true,"href":"https:\/\/www.europesays.com\/fi\/wp-json\/wp\/v2\/media\/256916"}],"wp:attachment":[{"href":"https:\/\/www.europesays.com\/fi\/wp-json\/wp\/v2\/media?parent=256915"}],"wp:term":[{"taxonomy":"category","embeddable":true,"href":"https:\/\/www.europesays.com\/fi\/wp-json\/wp\/v2\/categories?post=256915"},{"taxonomy":"post_tag","embeddable":true,"href":"https:\/\/www.europesays.com\/fi\/wp-json\/wp\/v2\/tags?post=256915"}],"curies":[{"name":"wp","href":"https:\/\/api.w.org\/{rel}","templated":true}]}}