{"id":256951,"date":"2026-05-24T14:42:11","date_gmt":"2026-05-24T14:42:11","guid":{"rendered":"https:\/\/www.europesays.com\/fi\/256951\/"},"modified":"2026-05-24T14:42:11","modified_gmt":"2026-05-24T14:42:11","slug":"il-joel-harkimo-avoimena-valeistaan-janni-hussiin","status":"publish","type":"post","link":"https:\/\/www.europesays.com\/fi\/256951\/","title":{"rendered":"IL: Joel Harkimo avoimena v\u00e4leist\u00e4\u00e4n Janni Hussiin"},"content":{"rendered":"<p>\n            20250611 ESPOO. Hotel Matts, Freja Rooftop. Joel Harkimo. KUVA: ATTE KAJOVA<br \/>\n            ATTE KAJOVA\n        <\/p>\n<p class=\"subtitle \">Joel Harkimo paljasti Iltalehdelle millaiset v\u00e4lit h\u00e4nell\u00e4 on ex-puolisoonsa Janni Hussiin.<\/p>\n<p class=\"article-content article-content-width !bg-background\">Purjehtija, paikallispoliitikko ja jonkin sortin liikemies. N\u00e4it\u00e4 kaikkia on .\u00a0<\/p>\n<p class=\"article-content article-content-width !bg-background\">Parhaillaan mies puuhaa todellisen tapahtumael\u00e4myksen j\u00e4rjestelyjen parissa. Joel taustajoukkoineen on tuomassa Suomeen kaksi huipputason futisjoukkuetta mittel\u00f6im\u00e4\u00e4n paremmuudesta. Kyseess\u00e4 eiv\u00e4t ole mitk\u00e4\u00e4n jalkapallon lilliputit, vaan Englannin p\u00e4\u00e4sarjaa eli Valioliigaa pelaava Manchester United sek\u00e4 sarjatasoa alempana, Mestaruussarjassa, majaileva Wrexham AFC.<\/p>\n<p>        <a itemprop=\"url\" href=\"https:\/\/www.seiska.fi\/kotimaa\/eeva-paljastus-joel-harkimon-asumiskuvioista\/2157770\" rel=\"nofollow noopener\" target=\"_blank\"><\/p>\n<p>\nEeva:\n<\/p>\n<p class=\"section-date\">\n        <strong class=\"article-section\" data-section=\"kotimaa\"><br \/>\n            kotimaa<br \/>\n        <\/strong><br \/>\n        23.5. 07:00\n    <\/p>\n<p>Eeva: Paljastus Joel Harkimon asumiskuvioista!\n    <\/p>\n<p itemprop=\"description\" class=\"subtitle \">\n    Harkimoilla on sanallinen sopimus kyl\u00e4ilyasioista.\n<\/p>\n<p>        <\/a><\/p>\n<p class=\"article-content article-content-width !bg-background\">Siin\u00e4 miss\u00e4 Manchester United on perinteik\u00e4s ja tunnettu suurseura, Wrexham ponnahti kartalle sen j\u00e4lkeen, kun Hollywood-n\u00e4yttelij\u00e4t  ja  ostivat seuran vuonna 2020.<\/p>\n<p class=\"article-content article-content-width !bg-background\">Joukkueen uudesta noususta on tehty menestyst\u00e4 niitt\u00e4nyt dokumenttisarja.<\/p>\n<p class=\"article-content article-content-width !bg-background\"> Iltalehti haastatteli Joelia tapahtuman tuotannon tiimoilta. Samassa yhteydess\u00e4 Joel paljasti, millaiset h\u00e4nen v\u00e4lins\u00e4 ovat juontajana ja rallikartturina tunnettuun ex-puoliso Janni Hussiin.<\/p>\n<p>T\u00e4llaiset ovat kaksikon v\u00e4lit<\/p>\n<p class=\"article-content article-content-width !bg-background\">Janni nappasi hiljattain uransa ensimm\u00e4isen WRC-rallivoiton, kun h\u00e4n nuotitti  t\u00e4m\u00e4n kakkoskuskina.<\/p>\n<p class=\"article-content article-content-width !bg-background\"> \u2013\u2009Meill\u00e4 on todella hyv\u00e4t v\u00e4lit. Olemme hyvi\u00e4 yst\u00e4vi\u00e4 ja juttelemme paljon. Min\u00e4kin seurasin sit\u00e4 kisaa. Olen todella iloinen ja onnellinen h\u00e4nen puolestaan. Se oli huikea juttu, Joel kertoi IL:lle.<\/p>\n<p class=\"article-content article-content-width !bg-background\"> \u2013\u2009Janni on tehnyt niin paljon t\u00f6it\u00e4, vaikka on ollut vasta v\u00e4h\u00e4n aikaa rallissa. H\u00e4n kyll\u00e4 ansaitsee menestyksen. <\/p>\n<p>                <img decoding=\"async\" src=\"https:\/\/www.europesays.com\/fi\/wp-content\/uploads\/2026\/05\/2157830.webp\" width=\"576\" height=\"720\" title=\"Joel on tuomassa kaksi jalkapallon suurnime\u00e4 Suomeen hein\u00e4kuussa. Kuva vuodelta 2024.\" alt=\"Joel Harkimo\" loading=\"lazy\" \/>            <\/p>\n<p>\n            Joel on tuomassa kaksi jalkapallon suurnime\u00e4 Suomeen hein\u00e4kuussa. Kuva vuodelta 2024.<br \/>\n            Timo Korhonen\n        <\/p>\n<p class=\"article-content article-content-width !bg-background\">Viime kes\u00e4n\u00e4 eronneen pariskunnan suhteen tilaa spekuloitiin runsaasti sen j\u00e4lkeen, kun Joel palasi pitk\u00e4lt\u00e4 yksinpurjehdukselta, eik\u00e4 Janni ollut h\u00e4nt\u00e4 vastassa.<\/p>\n<p>        <a itemprop=\"url\" href=\"https:\/\/www.seiska.fi\/kotimaa\/joel-harkimo-jakoi-harskin-videon-kommenttikentta-rajahti\/2143910\" rel=\"nofollow noopener\" target=\"_blank\"><\/p>\n<p>\nJoel Harkimo\n<\/p>\n<p class=\"section-date\">\n        <strong class=\"article-section\" data-section=\"kotimaa\"><br \/>\n            kotimaa<br \/>\n        <\/strong><br \/>\n        6.5. 06:00\n    <\/p>\n<p>Joel Harkimo jakoi h\u00e4rskin videon \u2013 kommenttikentt\u00e4 r\u00e4j\u00e4hti!\n    <\/p>\n<p itemprop=\"description\" class=\"subtitle \">\n    Somessa kiert\u00e4v\u00e4 video saa katsojan hieraisemaan silmi\u00e4\u00e4n.\n<\/p>\n<p>        <\/a><\/p>\n<p class=\"article-content article-content-width !bg-background\">Joel sanoo lehdelle suoraan, ettei asia liittynyt avioeroon.<\/p>\n","protected":false},"excerpt":{"rendered":"20250611 ESPOO. Hotel Matts, Freja Rooftop. Joel Harkimo. KUVA: ATTE KAJOVA ATTE KAJOVA Joel Harkimo paljasti Iltalehdelle millaiset&hellip;\n","protected":false},"author":2,"featured_media":256952,"comment_status":"","ping_status":"","sticky":false,"template":"","format":"standard","meta":{"footnotes":"","_share_on_mastodon":"0"},"categories":[158],"tags":[33,31,30,43,2597,3520,32204,2143,159,32,160,109,35455],"class_list":["post-256951","post","type-post","status-publish","format-standard","has-post-thumbnail","category-urheilu","tag-fi","tag-finland","tag-finnish","tag-jalkapallo","tag-janni-hussi","tag-joel-harkimo","tag-manchester-united","tag-ryan-reynolds","tag-sports","tag-suomi","tag-urheilu","tag-viihde","tag-wrexham-afc"],"share_on_mastodon":{"url":"https:\/\/pubeurope.com\/@fi\/116630084279798699","error":""},"_links":{"self":[{"href":"https:\/\/www.europesays.com\/fi\/wp-json\/wp\/v2\/posts\/256951","targetHints":{"allow":["GET"]}}],"collection":[{"href":"https:\/\/www.europesays.com\/fi\/wp-json\/wp\/v2\/posts"}],"about":[{"href":"https:\/\/www.europesays.com\/fi\/wp-json\/wp\/v2\/types\/post"}],"author":[{"embeddable":true,"href":"https:\/\/www.europesays.com\/fi\/wp-json\/wp\/v2\/users\/2"}],"replies":[{"embeddable":true,"href":"https:\/\/www.europesays.com\/fi\/wp-json\/wp\/v2\/comments?post=256951"}],"version-history":[{"count":0,"href":"https:\/\/www.europesays.com\/fi\/wp-json\/wp\/v2\/posts\/256951\/revisions"}],"wp:featuredmedia":[{"embeddable":true,"href":"https:\/\/www.europesays.com\/fi\/wp-json\/wp\/v2\/media\/256952"}],"wp:attachment":[{"href":"https:\/\/www.europesays.com\/fi\/wp-json\/wp\/v2\/media?parent=256951"}],"wp:term":[{"taxonomy":"category","embeddable":true,"href":"https:\/\/www.europesays.com\/fi\/wp-json\/wp\/v2\/categories?post=256951"},{"taxonomy":"post_tag","embeddable":true,"href":"https:\/\/www.europesays.com\/fi\/wp-json\/wp\/v2\/tags?post=256951"}],"curies":[{"name":"wp","href":"https:\/\/api.w.org\/{rel}","templated":true}]}}