{"id":25711,"date":"2025-09-04T18:33:07","date_gmt":"2025-09-04T18:33:07","guid":{"rendered":"https:\/\/www.europesays.com\/fi\/25711\/"},"modified":"2025-09-04T18:33:07","modified_gmt":"2025-09-04T18:33:07","slug":"lutikat-iskivat-helsinkilaiseen-hotelliin-tosi-valitettava-ja-harmillinen-juttu","status":"publish","type":"post","link":"https:\/\/www.europesays.com\/fi\/25711\/","title":{"rendered":"Lutikat iskiv\u00e4t helsinkil\u00e4iseen hotelliin \u2013 \u201dTosi valitettava ja harmillinen juttu\u201d"},"content":{"rendered":"<p>Kahdessa eri huoneistohotellissa on havaittu lutikoita Helsingiss\u00e4.<\/p>\n<p><img decoding=\"async\" class=\"image image-show image-preview\" src=\"https:\/\/www.europesays.com\/fi\/wp-content\/uploads\/2025\/09\/7e11a8225f7330870922716a0cea70ffb3eb549ef3d049b6a226889380bc7405.jpg\" alt=\"\"\/><img decoding=\"async\" class=\"image image-show\" src=\"https:\/\/www.europesays.com\/fi\/wp-content\/uploads\/2025\/09\/1757010787_566_7e11a8225f7330870922716a0cea70ffb3eb549ef3d049b6a226889380bc7405.jpg\" alt=\"\"\/><\/p>\n<p>Lutikoita s\u00e4ngyn rakenteissa. Kuvituskuva. Adobe Stock \/ AOP<\/p>\n<p class=\"paragraph\">Kahdessa Helsingiss\u00e4 sijaitsevassa huoneistohotellissa, Forenomilla ja Bob W:ll\u00e4, on t\u00e4ll\u00e4 viikolla havaittu lutikoita. Asiasta ovat aiemmin uutisoineet sek\u00e4 <a href=\"https:\/\/www.hs.fi\/helsinki\/art-2000011465967.html\" target=\"_blank\" rel=\"noopener nofollow\">Helsingin sanomat<\/a> ett\u00e4 <a href=\"https:\/\/www.hbl.fi\/2025-09-02\/tva-hotell-i-helsingfors-drabbade-av-vaggloss\/\" target=\"_blank\" rel=\"noopener nofollow\">Hufvudstadsbladet<\/a>.<\/p>\n<p class=\"paragraph\">Forenomin toimitusjohtaja <strong>Johannes Kangas<\/strong> kertoo Iltalehdelle, ett\u00e4 asiakas ilmoitti havainnostaan maanantaina aamulla. Asunto otettiin tuolloin pois myynnist\u00e4 ja tuholaistorjunta k\u00e4vi paikalla. Havainto osoittautui oikeaksi ja torjuntatoimet aloitettiin tiistaina. My\u00f6s naapurihuoneet tarkistettiin, mutta ne osoittautuivat lutikoista puhtaiksi.<\/p>\n<p class=\"paragraph\">\u2013 T\u00e4m\u00e4 on tietysti tosi valitettava ja harmillinen juttu, Kangas toteaa.<\/p>\n<p class=\"paragraph\">Iltalehti ei tavoittanut Bob W:n edustajaa kommentoimaan asiaa. Toimitusjohtaja <strong>Niko Karstikko<\/strong> kertoi aiemmin HBL:lle, ett\u00e4 lutikkahavainnon kohteena ollut asunto on otettu pois k\u00e4yt\u00f6st\u00e4 ja se on tarkastettu.<\/p>\n<p class=\"paragraph\">\u2013 Tarkastus viittaa siihen, ett\u00e4 kyse on vain t\u00e4st\u00e4 yhdest\u00e4 asunnosta, Karstikko kertoi HBL:lle.<\/p>\n<p class=\"paragraph\">Karstikon mukaan tapaus on Bob W:n ensimm\u00e4inen ja siihen suhtaudutaan vakavasti. Havainnon tehnyt asiakas on saanut hyvityst\u00e4.<\/p>\n<p>\u201dPakko olla prosessi\u201d<\/p>\n<p class=\"paragraph\">Kasvavasta lutikkaongelmasta on mediassa Suomessa ja maailmalla kirjoitettu aika ajoin jo jonkin aikaa. Forenomin Kangas toteaa, ett\u00e4 se on tosiasia, jonka kanssa majoitusliiketoiminnassa on vain elett\u00e4v\u00e4. T\u00e4t\u00e4 varten on laadittu prosessit, joita t\u00e4ll\u00e4kin kertaa noudatettiin.<\/p>\n<p class=\"paragraph\">\u2013 Kun matkailu kasvaa ja ihmiset matkailevat enemm\u00e4n, lutikoita kulkee mukana. Uskallan sanoa, ett\u00e4 jokaiselle majoitusliikkeelle se on asia, johon on pakko olla prosessi ja se on pakko pysty\u00e4 hoitamaan hyvin. Se on kriittist\u00e4.<\/p>\n<p class=\"paragraph\">Kankaan mukaan Forenomilla siivoojan velvollisuus on raportoida lutikkatarkastus jokaisella siivouskerralla jokaisesta huoneesta.<\/p>\n<p class=\"paragraph\">\u2013 Jos on ep\u00e4ily, se k\u00e4yd\u00e4\u00e4n aina tarkistamassa. Ei odotella, ett\u00e4 tilanne pahenee. Siihen on pakko suhtautua aina vakavasti. Jos lutikoita ilmenee, niin se on valitettava juttu, josta tulee aina meille kustannuksia paljon enemm\u00e4n kuin varautumisesta ja nopeasta toiminnasta. Se on perusjuttu, mink\u00e4 on pakko olla kunnossa, Kangas sanoo.<\/p>\n<p>N\u00c4IN EHK\u00c4ISETN\u00e4in ehk\u00e4iset lutikoiden levi\u00e4mist\u00e4 kotiisi<\/p>\n<ol>\n<li>Tarkista majoituspaikassa, n\u00e4kyyk\u00f6 s\u00e4ngyss\u00e4 tai sohvassa merkkej\u00e4 lutikoista: pieni\u00e4 mustia pilkkuja patjassa ja s\u00e4ngyn tai sohvan rakenteissa. Jos n\u00e4kyy, \u00e4l\u00e4 j\u00e4\u00e4 huoneeseen vaan pyyd\u00e4 uusi huone. Jos siell\u00e4kin on lutikan j\u00e4lki\u00e4, kannattaa vaihtaa majoituspaikkaa, jos suinkin mahdollista.<\/li>\n<li>\u00c4l\u00e4 s\u00e4ilyt\u00e4 matkalaukkua s\u00e4ngyn alla tai s\u00e4ngyn l\u00e4hell\u00e4 avoimena. Pid\u00e4 se mieluummin tuolin tai matkalaukkutelineen p\u00e4\u00e4ll\u00e4 suljettuna. Vaatteita voi varmuuden vuoksi s\u00e4ilytt\u00e4\u00e4 tiiviiss\u00e4 pakkauksissa matkalaukun sis\u00e4ll\u00e4. Laita my\u00f6s pesuun menev\u00e4t vaatteet muovipussissa matkatavaroihin.<\/li>\n<li>Jos ihollasi on aamulla pieni\u00e4 kutisevia puremaj\u00e4lki\u00e4, voi se olla merkki lutikoista. T\u00e4ll\u00f6in kannattaa reklamoida asiasta majapaikan henkil\u00f6kunnalle ja tarkistaa matkatavarat huolella ennen pois l\u00e4ht\u00f6\u00e4.<\/li>\n<\/ol>\n<p>Yleistynyt my\u00f6s kodeissa<\/p>\n<p class=\"paragraph\">Tuholaistorjuntayritykset ovat kertoneet jo muutamien vuosien ajan lutikoiden yleistymisest\u00e4 Suomessa. <a href=\"https:\/\/www.iltalehti.fi\/kotimaa\/609d0a6b-3fd4-4537-a720-85f4fe855256\" rel=\"nofollow noopener\" target=\"_blank\">Iltalehti kertoi jo viime vuonna<\/a> niiden olevan yksi yleisimmist\u00e4 tuhohy\u00f6nteisist\u00e4 Suomessa. Tuholaistorjuntayritysten mukaan l\u00e4hes puolet kaikista hy\u00f6nteisten torjuntak\u00e4ynneist\u00e4 liittyy lutikoiden torjuntaan.<\/p>\n<p class=\"paragraph\">M\u00e4\u00e4r\u00e4n kasvaminen johtuu matkailun lis\u00e4\u00e4ntymisest\u00e4. Otukset kulkeutuvat koteihin matkatavaroiden mukana.<\/p>\n<p class=\"paragraph\">Tavallisimmin lutikat viihtyv\u00e4t piilossa s\u00e4ngyn rakenteissa ja listojen alla, mist\u00e4 ne \u00f6isin ry\u00f6miv\u00e4t imem\u00e4\u00e4n verta ihmisist\u00e4. S\u00e4ngyst\u00e4 lutikat voivat l\u00f6yt\u00e4\u00e4 tiens\u00e4 matkatavaroihin, sill\u00e4 matkalaukussa on niille mieluisia suojaisia piilopaikkoja.<\/p>\n<p>LUE MY\u00d6SSein\u00e4lude eli lutikka<\/p>\n<p class=\"paragraph\">Lutikka eli sein\u00e4lude (Cimex lectularius) on pitk\u00e4\u00e4n ollut harvinainen Suomessa, mutta on viime aikoina yleistynyt merkitt\u00e4v\u00e4sti. Syyn\u00e4 on todenn\u00e4k\u00f6isesti ulkomaanmatkojen yleistyminen.<\/p>\n<p class=\"paragraph\">Lutikkahavaintoja tehd\u00e4\u00e4n erityisesti p\u00e4\u00e4kaupunkiseudun asunnoista ja etel\u00e4rannikon kes\u00e4m\u00f6keilt\u00e4. Jos jatkuval\u00e4mmitteisest\u00e4 asunnosta l\u00f6ytyy lutikoita, tarvitaan ammattitorjujan apua. Sen sijaan talvella kylmill\u00e4\u00e4n olevista rakennuksista lutikat saattavat h\u00e4vit\u00e4 itsest\u00e4\u00e4n.<\/p>\n<p class=\"paragraph\">Sein\u00e4lude on 3,8-5,5 mm pitk\u00e4, v\u00e4rilt\u00e4\u00e4n oranssinpunertava, ruumiinmuodoltaan litte\u00e4 ja siivet\u00f6n. Lutikoiden nuoruusvaiheet ovat kooltaan pienempi\u00e4 ja v\u00e4ritykselt\u00e4\u00e4n vaaleampia kuin sukukyps\u00e4t aikuiset.<\/p>\n<p class=\"paragraph\">Lutikka k\u00e4ytt\u00e4\u00e4 ravintonaan tasal\u00e4mp\u00f6isten el\u00e4inten eli lintujen ja nis\u00e4kk\u00e4iden verta, mink\u00e4 vuoksi se luokitellaan loiseksi.<\/p>\n<p class=\"paragraph\">Aikuinen naaras voi el\u00e4m\u00e4ns\u00e4 aikana tuottaa jopa 500 munaa. Aikuiset el\u00e4v\u00e4t l\u00e4mp\u00f6tilasta ja ruoan saatavuudesta riippuen useita kuukausia, mutta ne siet\u00e4v\u00e4t my\u00f6s muutaman kuukauden paastoa. Hyviss\u00e4 olosuhteissa lutikalla saattaa olla useita sukupolvia vuodessa.<\/p>\n<p class=\"paragraph\">Lutikat eli sein\u00e4luteet ovat y\u00f6aktiivisia ja p\u00e4ivisin ne piilottelevat rakennusten ja huonekalujen rakosissa.<\/p>\n<p class=\"paragraph\">L\u00e4hde: <a href=\"https:\/\/laji.fi\/taxon\/MX.230207\" target=\"_blank\" rel=\"noopener nofollow\">Laji.fi<\/a><\/p>\n","protected":false},"excerpt":{"rendered":"Kahdessa eri huoneistohotellissa on havaittu lutikoita Helsingiss\u00e4. Lutikoita s\u00e4ngyn rakenteissa. Kuvituskuva. Adobe Stock \/ AOP Kahdessa Helsingiss\u00e4 sijaitsevassa&hellip;\n","protected":false},"author":2,"featured_media":25712,"comment_status":"","ping_status":"","sticky":false,"template":"","format":"standard","meta":{"footnotes":""},"categories":[12],"tags":[36,542,22,23,2110,26,27,33,31,30,17,8218,543,1390,24,25,28,29,15,18,21,32,19,20,16],"class_list":{"0":"post-25711","1":"post","2":"type-post","3":"status-publish","4":"format-standard","5":"has-post-thumbnail","7":"category-suomi","8":"tag-asuintalot-ja-asunnot","9":"tag-asuminen","10":"tag-breaking-news","11":"tag-breakingnews","12":"tag-elamantapa-ja-vapaa-aika","13":"tag-featured-news","14":"tag-featurednews","15":"tag-fi","16":"tag-finland","17":"tag-finnish","18":"tag-headlines","19":"tag-huoneet","20":"tag-koti-ja-asuminen","21":"tag-kuukausi","22":"tag-latest-news","23":"tag-latestnews","24":"tag-main-news","25":"tag-mainnews","26":"tag-news","27":"tag-otsikot","28":"tag-paauutiset","29":"tag-suomi","30":"tag-top-stories","31":"tag-topstories","32":"tag-uutiset"},"share_on_mastodon":{"url":"","error":""},"_links":{"self":[{"href":"https:\/\/www.europesays.com\/fi\/wp-json\/wp\/v2\/posts\/25711","targetHints":{"allow":["GET"]}}],"collection":[{"href":"https:\/\/www.europesays.com\/fi\/wp-json\/wp\/v2\/posts"}],"about":[{"href":"https:\/\/www.europesays.com\/fi\/wp-json\/wp\/v2\/types\/post"}],"author":[{"embeddable":true,"href":"https:\/\/www.europesays.com\/fi\/wp-json\/wp\/v2\/users\/2"}],"replies":[{"embeddable":true,"href":"https:\/\/www.europesays.com\/fi\/wp-json\/wp\/v2\/comments?post=25711"}],"version-history":[{"count":0,"href":"https:\/\/www.europesays.com\/fi\/wp-json\/wp\/v2\/posts\/25711\/revisions"}],"wp:featuredmedia":[{"embeddable":true,"href":"https:\/\/www.europesays.com\/fi\/wp-json\/wp\/v2\/media\/25712"}],"wp:attachment":[{"href":"https:\/\/www.europesays.com\/fi\/wp-json\/wp\/v2\/media?parent=25711"}],"wp:term":[{"taxonomy":"category","embeddable":true,"href":"https:\/\/www.europesays.com\/fi\/wp-json\/wp\/v2\/categories?post=25711"},{"taxonomy":"post_tag","embeddable":true,"href":"https:\/\/www.europesays.com\/fi\/wp-json\/wp\/v2\/tags?post=25711"}],"curies":[{"name":"wp","href":"https:\/\/api.w.org\/{rel}","templated":true}]}}