{"id":257449,"date":"2026-05-25T04:44:13","date_gmt":"2026-05-25T04:44:13","guid":{"rendered":"https:\/\/www.europesays.com\/fi\/257449\/"},"modified":"2026-05-25T04:44:13","modified_gmt":"2026-05-25T04:44:13","slug":"janni-hussi-avautuu-seiskalle-sydansuruistaan-ja-raastavasta-ikavastaan","status":"publish","type":"post","link":"https:\/\/www.europesays.com\/fi\/257449\/","title":{"rendered":"Janni Hussi avautuu Seiskalle syd\u00e4nsuruistaan ja raastavasta ik\u00e4v\u00e4st\u00e4\u00e4n."},"content":{"rendered":"<p>            Timo Korhonen\n        <\/p>\n<p class=\"subtitle \">Janni joutuu tekem\u00e4\u00e4n paljon uhrauksia ralliunelmansa eteen.<\/p>\n<p class=\"article-content article-content-width !bg-background\">Huippu-urheilu vaatii uhrauksia, kuten tiedet\u00e4\u00e4n. Sen on saanut tuta my\u00f6s kartanlukija , 34.<\/p>\n<p class=\"font-weight-bold m-font-weight-bold article-content article-content-width !bg-background\">Videolla Janni Hussi kertoo raastavasta ik\u00e4v\u00e4st\u00e4\u00e4n Harri-koiraansa:<\/p>\n<p class=\"article-content article-content-width !bg-background\">Kovaa nousua rallimaailmassa tekev\u00e4 Janni tavoittelee t\u00e4ysill\u00e4 unelmaansa lajin kuninkuusluokassa WRC1-sarjassa.<\/p>\n<p class=\"article-content article-content-width !bg-background\">Jo WRC2-tasolle ylt\u00e4minen on tajuttoman kova temppu kartturilta, joka on ollut alalla vasta muutaman vuoden.<\/p>\n<p class=\"article-content article-content-width !bg-background\">Vastik\u00e4\u00e4n ilmoitettiin, ett\u00e4 Janni lukee kes\u00e4ll\u00e4 nuottia  Secto LABS-tallissa Suomen MM-rallissa.<\/p>\n<p>        <a itemprop=\"url\" href=\"https:\/\/www.seiska.fi\/urheilu\/janni-hussi-iso-uutinen\/2151208\" rel=\"nofollow noopener\" target=\"_blank\"><\/p>\n<p>\nJanni Hussi\n<\/p>\n<p class=\"section-date\">\n        <strong class=\"article-section\" data-section=\"urheilu\"><br \/>\n            urheilu<br \/>\n        <\/strong><br \/>\n        13.5. 11:00\n    <\/p>\n<p>Janni Hussi: Iso uutinen!\n    <\/p>\n<p itemprop=\"description\" class=\"subtitle \">\n    Janni Hussilla on uusia kuvioita.\n<\/p>\n<p>        <\/a><\/p>\n<p>                <img decoding=\"async\" src=\"https:\/\/www.europesays.com\/fi\/wp-content\/uploads\/2026\/05\/2156299.webp\" width=\"576\" height=\"653\" alt=\"Teemu Suninen ja Janni Hussi muodostavat Secto LABS-tallin ajotiimin Suomen MM-rallissa.\" loading=\"lazy\" \/>            <\/p>\n<p>\n            Teemu Suninen ja Janni Hussi muodostavat Secto LABS-tallin ajotiimin Suomen MM-rallissa.<br \/>\n            Timo Korhonen\n        <\/p>\n<p>Kalenteri t\u00e4ynn\u00e4 rallia<\/p>\n<p class=\"article-content article-content-width !bg-background\">Ennen kes\u00e4n kohokohtaa on luvassa l\u00e4j\u00e4p\u00e4in rallia. Hussin kalenteri hehkuu tulipunaisena.<\/p>\n<p>        <a itemprop=\"url\" href=\"https:\/\/www.seiska.fi\/urheilu\/janni-hussi-ja-jari-matti-latvala-sitkeat-huhut-ovat-totta\/2153421\" rel=\"nofollow noopener\" target=\"_blank\"><\/p>\n<p>\nJari-Matti &amp; Janni:\n<\/p>\n<p class=\"section-date\">\n        <strong class=\"article-section\" data-section=\"urheilu\"><br \/>\n            urheilu<br \/>\n        <\/strong><br \/>\n        15.5. 16:00\n    <\/p>\n<p>Janni Hussi ja Jari-Matti Latvala: Sitke\u00e4t huhut ovat totta!\n    <\/p>\n<p itemprop=\"description\" class=\"subtitle \">\n    Janni my\u00f6nsi Seiskalle asian laidan helsinkil\u00e4isess\u00e4 tornitalossa.\n<\/p>\n<p>        <\/a><\/p>\n<p class=\"article-content article-content-width !bg-background\">Pelk\u00e4st\u00e4\u00e4n viime viikolla Jannin aikataulut n\u00e4yttiv\u00e4t t\u00e4lt\u00e4: alkuviikosta Portugalin MM-rallista Helsinkiin, josta Jyv\u00e4skyl\u00e4n testien kautta viikonlopuksi Dubliniin.<\/p>\n<p class=\"article-content article-content-width !bg-background\">\u2013 Irlannin j\u00e4lkeen ehdin olla pari p\u00e4iv\u00e4\u00e4 kotona, ja sitten l\u00e4hdenkin jo Japaniin etuautohommiin, Janni luettelee Seiskalle.<\/p>\n<p>                <img decoding=\"async\" src=\"https:\/\/www.europesays.com\/fi\/wp-content\/uploads\/2026\/05\/2156310.webp\" width=\"576\" height=\"322\" alt=\"Jannin rallikalenteri hehkuu tulipunaisena.\" loading=\"lazy\" \/>            <\/p>\n<p>\n            Jannin rallikalenteri hehkuu tulipunaisena.<br \/>\n            All Over Press\n        <\/p>\n<p>Taistelee v\u00e4symyst\u00e4 vastaan<\/p>\n<p class=\"article-content article-content-width !bg-background\">Janni my\u00f6nt\u00e4\u00e4 suoraan, ett\u00e4 jatkuva reissaaminen ja muutenkin kova kuormitus vaativat veronsa.<\/p>\n<p class=\"article-content article-content-width !bg-background\">\u2013 Kyll\u00e4h\u00e4n t\u00e4ss\u00e4 meinaa v\u00e4lill\u00e4 v\u00e4h\u00e4n puhalluttaa, mutta t\u00e4m\u00e4 rallitouhu on vaan niin mielek\u00e4st\u00e4.<\/p>\n<p class=\"article-content article-content-width !bg-background\">\u2013 Toki tiedostan sen \u2013 ja olen kantap\u00e4\u00e4n kautta oppinutkin \u2013 ett\u00e4 mielek\u00e4skin tekeminen voi alkaa v\u00e4sytt\u00e4\u00e4, jos sit\u00e4 on liikaa.<\/p>\n<p>        <a itemprop=\"url\" href=\"https:\/\/www.seiska.fi\/urheilu\/janni-hussilta-paljastus-ekasta-kerrasta-hyvalta-tuntui\/2153521\" rel=\"nofollow noopener\" target=\"_blank\"><\/p>\n<p>\n\u201dHyv\u00e4lt\u00e4 tuntui\u201d\n<\/p>\n<p class=\"section-date\">\n        <strong class=\"article-section\" data-section=\"urheilu\"><br \/>\n            urheilu<br \/>\n        <\/strong><br \/>\n        17.5. 16:00\n    <\/p>\n<p>Janni Hussilta paljastus ekasta kerrasta \u2013 \u201dHyv\u00e4lt\u00e4 tuntui\u201d\n    <\/p>\n<p itemprop=\"description\" class=\"subtitle \">\n    \u2013 M\u00e4 yleens\u00e4 puhun n\u00e4it\u00e4, ennen kuin ajattelen, Janni parahtaa puna poskillaan.\n<\/p>\n<p>        <\/a><\/p>\n<p>                <img decoding=\"async\" src=\"https:\/\/www.europesays.com\/fi\/wp-content\/uploads\/2026\/05\/2156316.webp\" width=\"576\" height=\"615\" alt=\"Aurinkoinen Janni my\u00f6nt\u00e4\u00e4, ett\u00e4 joskus v\u00e4symys ottaa vallan. Silloin on syyt\u00e4 lev\u00e4t\u00e4.\" loading=\"lazy\" \/>            <\/p>\n<p>\n            Aurinkoinen Janni my\u00f6nt\u00e4\u00e4, ett\u00e4 joskus v\u00e4symys ottaa vallan. Silloin on syyt\u00e4 lev\u00e4t\u00e4.<br \/>\n            AOP\n        <\/p>\n<p>Raastava ik\u00e4v\u00e4 Harria<\/p>\n<p class=\"article-content article-content-width !bg-background\">Jaksaminen on yksi asia, rakkaasta erossa oleminen toinen.<\/p>\n<p class=\"article-content article-content-width !bg-background\">Kyse on tietenkin Jannin Harri-koirasta, joka ei luonnollisesti voi l\u00e4hte\u00e4 em\u00e4nt\u00e4ns\u00e4 mukaan rallireissuille ymp\u00e4ri maailmaa.<\/p>\n<p>        <a itemprop=\"url\" href=\"https:\/\/www.seiska.fi\/urheilu\/jymypaljastus-jari-matti-latvala-ja-janni-hussi-jalleen-yhdessa-turha-sita-on-kieltaakaan\/2090144\" rel=\"nofollow noopener\" target=\"_blank\"><\/p>\n<p>\nJymypaljastus!\n<\/p>\n<p class=\"section-date\">\n        <strong class=\"article-section\" data-section=\"urheilu\"><br \/>\n            urheilu<br \/>\n        <\/strong><br \/>\n        3.3. 07:00\n    <\/p>\n<p>Jymypaljastus! Jari-Matti Latvala ja Janni Hussi j\u00e4lleen yhdess\u00e4 \u2013 \u201cTurha sit\u00e4 on kielt\u00e4\u00e4k\u00e4\u00e4n\u201d\n    <\/p>\n<p itemprop=\"description\" class=\"subtitle \">\n    Kansaa kovasti kiinnostavan rallikaksikon hedelm\u00e4llinen yhteisty\u00f6 jatkuu j\u00e4lleen.\n<\/p>\n<p>        <\/a><\/p>\n<p class=\"article-content article-content-width !bg-background\">\u2013 Joudun olemaan paljon erossa Harrista. Se on kyll\u00e4 sellainen asia, joka mua ihan oikeasti harmittaa, Janni vakavoituu.<\/p>\n<p class=\"article-content article-content-width !bg-background\">\u2013 Onneksi meill\u00e4 on hyv\u00e4 FaceTime-yhteys Hartsan kanssa. Ja onneksi on mun porukat, jotka hoitavat Harria Kouvolassa.<\/p>\n<p>                <img decoding=\"async\" src=\"https:\/\/www.europesays.com\/fi\/wp-content\/uploads\/2026\/05\/2156320.webp\" width=\"576\" height=\"720\" alt=\"Harri-koira ja Janni kuvattuna kes\u00e4ll\u00e4 2020.\" loading=\"lazy\" \/>            <\/p>\n<p>\n            Harri-koira ja Janni kuvattuna kes\u00e4ll\u00e4 2020.<br \/>\n            Pasi Murto\n        <\/p>\n<p>Koiralla kuninkaan oltavat<\/p>\n<p class=\"article-content article-content-width !bg-background\">Janni kiitteleekin vuolaasti vanhempiaan, jotka pit\u00e4v\u00e4t Harri-koirasta huolta Kymenlaaksossa.<\/p>\n<p class=\"article-content article-content-width !bg-background\">\u2013 Saan heilt\u00e4 kyll\u00e4 p\u00e4ivitt\u00e4in kisamatkoille Harrin kuulumisia kuvien ja videoiden muodossa.<\/p>\n<p>\n            Nyt on meneill\u00e4\u00e4n mun prime-vuodet rallin parissa.\n            <\/p>\n<p class=\"article-content article-content-width !bg-background\">\u2013 Samalla sen kuitenkin tiedostaa, ettei Harrikaan en\u00e4\u00e4 ole mik\u00e4\u00e4n ihan nuori poika. Siksikin siit\u00e4 on tosi huono omatunto ja harmitus.<\/p>\n<p class=\"article-content article-content-width !bg-background\">\u2013 Onneksi tied\u00e4n, ett\u00e4 Harrilla on maailman parhaat oltavat porukoilla. Se saa olla siell\u00e4 sellaisten lihapatojen \u00e4\u00e4ress\u00e4, ettei edes kaipaa kotiin!<\/p>\n<p>Satsaa kaiken ralliin<\/p>\n<p class=\"article-content article-content-width !bg-background\">Janni ei saa menetetty\u00e4 aikaa takaisin, mutta kolikolla on my\u00f6s k\u00e4\u00e4nt\u00f6puolensa: rallirautaa on taottava nyt, kun se hohkaa tulikuumana.<\/p>\n<p class=\"article-content article-content-width !bg-background\">\u2013 Nyt on meneill\u00e4\u00e4n mun prime-vuodet rallin parissa. Olen t\u00e4ll\u00e4 hetkell\u00e4 sellaisessa el\u00e4m\u00e4ntilanteessa, ett\u00e4 voin oikeesti laittaa kaiken fokuksen ralliin.<\/p>\n<p>        <a itemprop=\"url\" href=\"https:\/\/www.seiska.fi\/vain-seiskassa\/mita-ihmetta-janni-hussin-yllattava-sinkkutilitys-miehet-eivat-uskalla-lahestya\/2011481\" rel=\"nofollow noopener\" target=\"_blank\"><\/p>\n<p>\nYll\u00e4tt\u00e4v\u00e4 sinkkutilitys Seiskalle:\n<\/p>\n<p class=\"section-date\">\n        <strong class=\"article-section\" data-section=\"vain seiskassa\"><br \/>\n            vain seiskassa<br \/>\n        <\/strong><br \/>\n        12.12.2025 05:00\n    <\/p>\n<p>Mit\u00e4 ihmett\u00e4? Janni Hussin yll\u00e4tt\u00e4v\u00e4 sinkkutilitys: \u201cMiehet eiv\u00e4t uskalla l\u00e4hesty\u00e4\u201d\n    <\/p>\n<p itemprop=\"description\" class=\"subtitle \">\n    \u2013 Ehk\u00e4 m\u00e4 oon vaan niin pelottava, Suomen tavoitelluin sinkkukaunotar tuumii Seiskalle.\n<\/p>\n<p>        <\/a><\/p>\n<p class=\"article-content article-content-width !bg-background\">\u2013 Eip\u00e4h\u00e4n tarvitse sitten my\u00f6hemmin mietti\u00e4, olisiko pit\u00e4nyt satsata viel\u00e4 enemm\u00e4n. Koen, ett\u00e4 nyt menn\u00e4\u00e4n. Katsotaan sitten, mihin se riitt\u00e4\u00e4.<\/p>\n<p>                <img decoding=\"async\" src=\"https:\/\/www.europesays.com\/fi\/wp-content\/uploads\/2026\/05\/2156327.webp\" width=\"576\" height=\"720\" alt=\"Janni Hussi ly\u00f6 rallin vuoksi kaiken likoon.\" loading=\"lazy\" \/>            <\/p>\n<p>\n            Janni Hussi ly\u00f6 rallin vuoksi kaiken likoon.<br \/>\n            Timo Korhonen\n        <\/p>\n","protected":false},"excerpt":{"rendered":"Timo Korhonen Janni joutuu tekem\u00e4\u00e4n paljon uhrauksia ralliunelmansa eteen. Huippu-urheilu vaatii uhrauksia, kuten tiedet\u00e4\u00e4n. Sen on saanut tuta&hellip;\n","protected":false},"author":2,"featured_media":257450,"comment_status":"","ping_status":"","sticky":false,"template":"","format":"standard","meta":{"footnotes":"","_share_on_mastodon":"0"},"categories":[136],"tags":[407,137,33,31,30,26425,2597,408,6625,9064,13057,3434,3427,14093,15230,3240,13056,34620,15023,32,18232,160,1700,109],"class_list":["post-257449","post","type-post","status-publish","format-standard","has-post-thumbnail","category-julkkikset","tag-celebrities","tag-entertainment","tag-fi","tag-finland","tag-finnish","tag-harri-koira","tag-janni-hussi","tag-julkkikset","tag-jyvaskylan-mm-ralli","tag-kartanlukija","tag-kartturi","tag-koira","tag-lemmikki","tag-lemmikkielain","tag-mm-ralli","tag-ralli","tag-rallikartturi","tag-secto-labs","tag-suomen-mm-ralli","tag-suomi","tag-teemu-suninen","tag-urheilu","tag-urheilulaji","tag-viihde"],"share_on_mastodon":{"url":"https:\/\/pubeurope.com\/@fi\/116633395100840195","error":""},"_links":{"self":[{"href":"https:\/\/www.europesays.com\/fi\/wp-json\/wp\/v2\/posts\/257449","targetHints":{"allow":["GET"]}}],"collection":[{"href":"https:\/\/www.europesays.com\/fi\/wp-json\/wp\/v2\/posts"}],"about":[{"href":"https:\/\/www.europesays.com\/fi\/wp-json\/wp\/v2\/types\/post"}],"author":[{"embeddable":true,"href":"https:\/\/www.europesays.com\/fi\/wp-json\/wp\/v2\/users\/2"}],"replies":[{"embeddable":true,"href":"https:\/\/www.europesays.com\/fi\/wp-json\/wp\/v2\/comments?post=257449"}],"version-history":[{"count":0,"href":"https:\/\/www.europesays.com\/fi\/wp-json\/wp\/v2\/posts\/257449\/revisions"}],"wp:featuredmedia":[{"embeddable":true,"href":"https:\/\/www.europesays.com\/fi\/wp-json\/wp\/v2\/media\/257450"}],"wp:attachment":[{"href":"https:\/\/www.europesays.com\/fi\/wp-json\/wp\/v2\/media?parent=257449"}],"wp:term":[{"taxonomy":"category","embeddable":true,"href":"https:\/\/www.europesays.com\/fi\/wp-json\/wp\/v2\/categories?post=257449"},{"taxonomy":"post_tag","embeddable":true,"href":"https:\/\/www.europesays.com\/fi\/wp-json\/wp\/v2\/tags?post=257449"}],"curies":[{"name":"wp","href":"https:\/\/api.w.org\/{rel}","templated":true}]}}