{"id":25750,"date":"2025-09-04T19:46:08","date_gmt":"2025-09-04T19:46:08","guid":{"rendered":"https:\/\/www.europesays.com\/fi\/25750\/"},"modified":"2025-09-04T19:46:08","modified_gmt":"2025-09-04T19:46:08","slug":"sami-sykko-pohtii-millainen-on-aika-armanin-jalkeen-muotimaailma-ei-enaa-synnyta-vastaavia-ilmioita-kotimaa","status":"publish","type":"post","link":"https:\/\/www.europesays.com\/fi\/25750\/","title":{"rendered":"Sami Sykk\u00f6 pohtii, millainen on aika Armanin j\u00e4lkeen: \u201dMuotimaailma ei en\u00e4\u00e4 synnyt\u00e4 vastaavia ilmi\u00f6it\u00e4\u201d | Kotimaa"},"content":{"rendered":"<p class=\"sc-jYczwO sc-dNFkOE frIBdZ edVjwg yle__article__paragraph\">Muodin asiantuntija Sami Sykk\u00f6 kokee, ett\u00e4 loppuun asti langat k\u00e4siss\u00e4\u00e4n pit\u00e4nyt, 91-vuotiaana menehtynyt Giorgio Armani oli esimerkki siit\u00e4, miten rima pidet\u00e4\u00e4n korkealla.<\/p>\n<p><img decoding=\"async\" alt=\"Giorgio Armani  Italialainen suunnittelija Giorgio Armani ja Roberta Armani seisovat catwalkilla Emporio Armani -malliston n\u00e4yt\u00f6ksen lopussa.\" src=\"https:\/\/www.europesays.com\/fi\/wp-content\/uploads\/2025\/09\/39-151767268b99ee58ed97.jpeg\" class=\"sc-dntSTA iywpZY\"\/><\/p>\n<p>Avaa kuvien katselu<\/p>\n<p>Giorgio Armani oli esikuva monelle muodin ammattilaiselle. Kuva: Lehtikuva<\/p>\n<ul aria-label=\"Tekij\u00e4t\" class=\"sc-cCVJLD hgYMQq\">\n<li class=\"sc-pYNGo dfIAWA\">P\u00e4ivi Merit\u00e4hti, <\/li>\n<li class=\"sc-pYNGo dfIAWA\">Anni Kavander<\/li>\n<\/ul>\n<p>19:44\u2022P\u00e4ivitetty 21:18<\/p>\n<p class=\"sc-jYczwO sc-ciCoXh frIBdZ cPdSqu yle__article__paragraph\">Muodin asiantuntijana tunnetulla <strong class=\"sc-eEHciv kkmMDs yle__article__strong\">Sami Syk\u00f6ll\u00e4<\/strong> on vaikeuksia sopeutua ajatukseen <strong class=\"sc-eEHciv kkmMDs yle__article__strong\">Giorgio Armanin<\/strong> kuolemasta.<\/p>\n<p class=\"sc-jYczwO sc-ciCoXh frIBdZ cPdSqu yle__article__paragraph\">\u2013 Jotenkin olin tottunut siihen, ett\u00e4 h\u00e4n on aina ollut olemassa, ja nyt yht\u00e4kki\u00e4 tuli t\u00e4m\u00e4 surullinen uutinen.<\/p>\n<p class=\"sc-jYczwO sc-ciCoXh frIBdZ cPdSqu yle__article__paragraph\">Vaikka 91-vuotiaana kuollut muotisuunnittelija oli j\u00e4\u00e4nyt kes\u00e4ll\u00e4 ensimm\u00e4ist\u00e4 kertaa pois muotitalonsa n\u00e4yt\u00f6ksist\u00e4 Milanon muotiviikolla, piti h\u00e4n silloinkin langat k\u00e4siss\u00e4\u00e4n.<\/p>\n<p class=\"sc-jYczwO sc-ciCoXh frIBdZ cPdSqu yle__article__paragraph\">Sykk\u00f6 ihailee sit\u00e4, ett\u00e4 Armani halusi valvoa mallistojensa valmistumista.<\/p>\n<p class=\"sc-jYczwO sc-ciCoXh frIBdZ cPdSqu yle__article__paragraph\">\u2013 H\u00e4n antoi meille nuoremmille esimerkki\u00e4 ty\u00f6moraalista ja siit\u00e4, kuinka viimeisen p\u00e4\u00e4lle ty\u00f6t tehd\u00e4\u00e4n ja kuinka korkealla rima on.<\/p>\n<p>K\u00e4denj\u00e4lki n\u00e4kyi kaikessa<\/p>\n<p class=\"sc-jYczwO sc-ciCoXh frIBdZ cPdSqu yle__article__paragraph\">Giorgio Armani ei ollut pelk\u00e4st\u00e4\u00e4n muotimaailman huipulla. Sami Sykk\u00f6 kuvailee, kuinka esimerkiksi hotelleja, ravintoloita ja jopa kukkakaupan omistanut Armani hallitsi kokonaista imperiumia.<\/p>\n<p class=\"sc-jYczwO sc-ciCoXh frIBdZ cPdSqu yle__article__paragraph\">\u2013 H\u00e4n oli multitaskaava nero, koska oma ala oli varsin laaja k\u00e4site. Siin\u00e4 oli muodin lis\u00e4ksi paljon kaikkea muuta.<\/p>\n<p class=\"sc-jYczwO sc-ciCoXh frIBdZ cPdSqu yle__article__paragraph\">Ja Armanin k\u00e4denj\u00e4lki n\u00e4kyi siin\u00e4 kaikessa.<\/p>\n<p class=\"sc-jYczwO sc-ciCoXh frIBdZ cPdSqu yle__article__paragraph\">\u2013 Hotellien ja kahviloiden sisustus, huonekalumallistot ja kaikki olivat sit\u00e4 samaa maailmaa, j\u00e4rk\u00e4ht\u00e4m\u00e4tt\u00f6m\u00e4sti.<\/p>\n<p class=\"sc-jYczwO sc-ciCoXh frIBdZ cPdSqu yle__article__paragraph\">Syk\u00f6n mukaan Armanin mallistot pysyiv\u00e4t aina ajan tasalla, vaikka niit\u00e4 p\u00e4ivitettiinkin vain v\u00e4h\u00e4n viimeisin\u00e4 vuosikymmenin\u00e4.<\/p>\n<p><img decoding=\"async\" alt=\"sami sykk\u00f6 fashion finland\" src=\"https:\/\/www.europesays.com\/fi\/wp-content\/uploads\/2025\/09\/39-8043676099103e7528b.jpeg\" loading=\"lazy\" class=\"sc-dntSTA iywpZY\"\/><\/p>\n<p>Avaa kuvien katselu<\/p>\n<p>Sami Sykk\u00f6 ei usko, ett\u00e4 toista Armanin tasoista muotigurua tulee helposti vastaan. Kuva: Markku Rantala \/ YleLuova mieli yhdistyi taloudelliseen ajatteluun<\/p>\n<p class=\"sc-jYczwO sc-ciCoXh frIBdZ cPdSqu yle__article__paragraph\">Sami Sykk\u00f6 on miettinyt, millainen maailma on Giorgio Armanin j\u00e4lkeen. H\u00e4n uskoo, ett\u00e4 miljardien arvoisen yrityksens\u00e4 loppuun saakka omistanut suunnittelija on tehnyt tarkat suunnitelmat siit\u00e4, mihin suuntaan imperiumia vied\u00e4\u00e4n.<\/p>\n<p class=\"sc-jYczwO sc-ciCoXh frIBdZ cPdSqu yle__article__paragraph\">\u2013 Kun on luotu n\u00e4in vahva pohja, on varmaa, ett\u00e4 sit\u00e4 ei p\u00e4\u00e4stet\u00e4 hukkaan. Varmasti muotitalo jatkaa, kuten esimerkiksi Chanel ja Balenciaga el\u00e4v\u00e4t yh\u00e4.<\/p>\n<p class=\"sc-jYczwO sc-ciCoXh frIBdZ cPdSqu yle__article__paragraph\">Silti Sykk\u00f6 kokee, ett\u00e4 yksi aikakausi on p\u00e4\u00e4ttynyt. Muita Armanin veroisia muotiguruja ei ole en\u00e4\u00e4 elossa, eik\u00e4 Sykk\u00f6 usko vastaavia tulevan kovin helposti eteen jatkossakaan.<\/p>\n<p class=\"sc-jYczwO sc-ciCoXh frIBdZ cPdSqu yle__article__paragraph\">\u2013 Muotimaailma ei en\u00e4\u00e4 synnyt\u00e4 vastaavia ilmi\u00f6it\u00e4. Armani oli omaa luokkaansa. H\u00e4ness\u00e4 yhdistyiv\u00e4t luova mieli ja taloudellinen ajattelu. H\u00e4n oli bisnesmies vailla vertaa.<\/p>\n<p>N\u00e4in maailmant\u00e4hdet muistelevat Armania<\/p>\n<p class=\"sc-jYczwO sc-ciCoXh frIBdZ cPdSqu yle__article__paragraph\">Elokuva-alan ja muodin huippunimet ovat osoittaneet torstaina kunnioitustaan Giorgio Armanin muistolle.<\/p>\n<p class=\"sc-jYczwO sc-ciCoXh frIBdZ cPdSqu yle__article__paragraph\">Elokuvat\u00e4hti <strong class=\"sc-eEHciv kkmMDs yle__article__strong\">Julia Roberts<\/strong>, joka usein pukeutui Armanin luomuksiin, julkaisi yhteiskuvan <a class=\"sc-jDJeIs gotUgl yle__article__link\" href=\"https:\/\/www.instagram.com\/p\/DOLuLeskYHR\/\" role=\"link\" rel=\"nofollow noopener\" target=\"_blank\">Instagram-tilill\u00e4\u00e4n<\/a>.<\/p>\n<p class=\"sc-jYczwO sc-ciCoXh frIBdZ cPdSqu yle__article__paragraph\">\u2013 Todellinen yst\u00e4v\u00e4. Legenda, Roberts kirjoitti.<\/p>\n<p class=\"sc-jYczwO sc-ciCoXh frIBdZ cPdSqu yle__article__paragraph\">Toinen italialainen muoti-ikoni, <strong class=\"sc-eEHciv kkmMDs yle__article__strong\">Donatella Versace<\/strong> kuvaili, ettei maailma koskaan unohtaisi Armania.<\/p>\n<p class=\"sc-jYczwO sc-ciCoXh frIBdZ cPdSqu yle__article__paragraph\">\u2013 Maailma menetti t\u00e4n\u00e4\u00e4n j\u00e4ttil\u00e4isen. H\u00e4n teki historiaa ja h\u00e4net muistetaan ikuisesti, Versace kirjoitti <a class=\"sc-jDJeIs gotUgl yle__article__link\" href=\"https:\/\/www.instagram.com\/p\/DOLp8dqCRQk\/\" role=\"link\" rel=\"nofollow noopener\" target=\"_blank\">Instagram-tilill\u00e4\u00e4n<\/a>.<\/p>\n<p class=\"sc-jYczwO sc-ciCoXh frIBdZ cPdSqu yle__article__paragraph\">Lis\u00e4ksi muun muassa yhdysvaltalainen muotisuunnittelija <strong class=\"sc-eEHciv kkmMDs yle__article__strong\">Michael Kors<\/strong> sanoi, ett\u00e4 h\u00e4nen syd\u00e4mens\u00e4 on s\u00e4rkynyt \u201dpoikkeuksellisen Giorgio Armanin poismenosta\u201d.<\/p>\n<p class=\"sc-jYczwO sc-ciCoXh frIBdZ cPdSqu yle__article__paragraph\">\u2013 H\u00e4nen eleganssinsa, visionsa ja suhtautumisensa tyyliin ovat todella muuttaneet tapaa, jolla naiset ja miehet ymp\u00e4ri maailmaa pukeutuvat ja el\u00e4v\u00e4t joka p\u00e4iv\u00e4, <a class=\"sc-jDJeIs gotUgl yle__article__link\" href=\"https:\/\/www.instagram.com\/p\/DOL0gIcjSE2\/?img_index=1\" role=\"link\" rel=\"nofollow noopener\" target=\"_blank\">Kors kirjoitti<\/a>.<\/p>\n<p><script async src=\"\/\/www.instagram.com\/embed.js\"><\/script><\/p>\n","protected":false},"excerpt":{"rendered":"Muodin asiantuntija Sami Sykk\u00f6 kokee, ett\u00e4 loppuun asti langat k\u00e4siss\u00e4\u00e4n pit\u00e4nyt, 91-vuotiaana menehtynyt Giorgio Armani oli esimerkki siit\u00e4,&hellip;\n","protected":false},"author":2,"featured_media":25751,"comment_status":"","ping_status":"","sticky":false,"template":"","format":"standard","meta":{"footnotes":""},"categories":[130],"tags":[8222,137,33,31,30,8221,440,71,106,8223,3013,32,8224,109],"class_list":{"0":"post-25750","1":"post","2":"type-post","3":"status-publish","4":"format-standard","5":"has-post-thumbnail","7":"category-viihde","8":"tag-armani","9":"tag-entertainment","10":"tag-fi","11":"tag-finland","12":"tag-finnish","13":"tag-giorgio-armani","14":"tag-ihmiset","15":"tag-kotimaa","16":"tag-muoti","17":"tag-muotisuunnittelijat","18":"tag-muotisuunnittelu","19":"tag-suomi","20":"tag-suuret-muotisuunnittelijat","21":"tag-viihde"},"share_on_mastodon":{"url":"","error":""},"_links":{"self":[{"href":"https:\/\/www.europesays.com\/fi\/wp-json\/wp\/v2\/posts\/25750","targetHints":{"allow":["GET"]}}],"collection":[{"href":"https:\/\/www.europesays.com\/fi\/wp-json\/wp\/v2\/posts"}],"about":[{"href":"https:\/\/www.europesays.com\/fi\/wp-json\/wp\/v2\/types\/post"}],"author":[{"embeddable":true,"href":"https:\/\/www.europesays.com\/fi\/wp-json\/wp\/v2\/users\/2"}],"replies":[{"embeddable":true,"href":"https:\/\/www.europesays.com\/fi\/wp-json\/wp\/v2\/comments?post=25750"}],"version-history":[{"count":0,"href":"https:\/\/www.europesays.com\/fi\/wp-json\/wp\/v2\/posts\/25750\/revisions"}],"wp:featuredmedia":[{"embeddable":true,"href":"https:\/\/www.europesays.com\/fi\/wp-json\/wp\/v2\/media\/25751"}],"wp:attachment":[{"href":"https:\/\/www.europesays.com\/fi\/wp-json\/wp\/v2\/media?parent=25750"}],"wp:term":[{"taxonomy":"category","embeddable":true,"href":"https:\/\/www.europesays.com\/fi\/wp-json\/wp\/v2\/categories?post=25750"},{"taxonomy":"post_tag","embeddable":true,"href":"https:\/\/www.europesays.com\/fi\/wp-json\/wp\/v2\/tags?post=25750"}],"curies":[{"name":"wp","href":"https:\/\/api.w.org\/{rel}","templated":true}]}}