{"id":25766,"date":"2025-09-04T20:09:08","date_gmt":"2025-09-04T20:09:08","guid":{"rendered":"https:\/\/www.europesays.com\/fi\/25766\/"},"modified":"2025-09-04T20:09:08","modified_gmt":"2025-09-04T20:09:08","slug":"john-cena-ja-idris-elba-toimintakomediassa-air-force-one-ammutaan-alas","status":"publish","type":"post","link":"https:\/\/www.europesays.com\/fi\/25766\/","title":{"rendered":"John Cena ja Idris Elba toimintakomediassa \u2013\u00a0Air Force One ammutaan alas"},"content":{"rendered":"<p>Toimintaelokuvat\u00e4hdest\u00e4 Yhdysvaltain presidentiksi noussut Will Derringer ja Britannian p\u00e4\u00e4ministeri Sam Clarke kulkevat poliittisesti t\u00e4ysin eri linjoilla. Nyt he joutuvat kuitenkin ly\u00f6m\u00e4\u00e4n hynttyyt yhteen, kun Air Force One, jolla he matkustavat, ammutaan alas. Selviyty\u00e4kseen he joutuvat hypp\u00e4\u00e4m\u00e4\u00e4n laskuvarjoilla \u2013 kahdestaan, ilman tukijoukkojen apua.<\/p>\n<p>Pian heid\u00e4n seuraansa liittyy n\u00e4pp\u00e4r\u00e4 agentti Noel Bisset, jonka apu tulee tarpeeseen: heid\u00e4n kannoillaan on nimitt\u00e4in eritt\u00e4in vaarallinen rikollinen, joka haluaa heid\u00e4t hengilt\u00e4.<\/p>\n<p>Lue my\u00f6s: <a href=\"https:\/\/www.episodi.fi\/uutiset\/tappajafaijan-perheloma-karkaa-kasista-toimintahitin-jatko-osa-on-entista-vakivaltaisempi\/\" title=\"Tappajafaijan perheloma karkaa k\u00e4sist\u00e4 \u2013 Toimintahitin jatko-osa on entist\u00e4 v\u00e4kivaltaisempi\" class=\"underline-custom !font-montserrat !font-bold !underline-offset-4 !decoration-4 !decoration-episodi-blue !text-md\" rel=\"nofollow noopener\" target=\"_blank\">Tappajafaijan perheloma karkaa k\u00e4sist\u00e4 \u2013 Toimintahitin jatko-osa on entist\u00e4 v\u00e4kivaltaisempi<\/a><\/p>\n<p><strong>Idris Elba<\/strong> ja toimintakomedioiden nykyinen liukuhihnamies <strong>John Cena<\/strong> h\u00e4\u00e4r\u00e4\u00e4v\u00e4t <strong>Ilya Naishullerin<\/strong> (Hardcore Henry, Nobody) ohjauksessa stereotyyppisesti ja vaisusti. Vaikka Naishuller hallitsee n\u00e4ytt\u00e4v\u00e4t toimintakohtaukset, buddy-komedia ei t\u00e4ll\u00e4 kertaa luonnistu kuin korkeintaan v\u00e4ltt\u00e4v\u00e4sti. <\/p>\n<p>Lis\u00e4ksi elokuvan liiallinen pituus alkaa puuduttaa reilusti ennen loppukohtausta. Se on teknisesti komea, mutta muuten sekunneissa unohtuva kertak\u00e4ytt\u00f6tuote.<\/p>\n<p>Tom Kajaslampi<\/p>\n<p>T\u00e4hdet \u2605\u2605<\/p>\n<p><img loading=\"lazy\" decoding=\"async\" alt=\"YouTube video\" width=\"480\" height=\"360\" data-pin-nopin=\"true\" nopin=\"nopin\" class=\"perfmatters-lazy\" src=\"https:\/\/www.europesays.com\/fi\/wp-content\/uploads\/2025\/09\/1757016548_104_hqdefault.jpg\"\/><\/p>\n<p>Lue my\u00f6s: <a href=\"https:\/\/www.episodi.fi\/uutiskirje\/?uutiskirjemainos=tekstilinkkimainos\" title=\"Tilaa Episodin uutiskirje ja voit voittaa leffalippuja! Nappaa tv-vinkit suoraan s\u00e4hk\u00f6postiin t\u00e4st\u00e4.\" class=\"underline-custom !font-montserrat !font-bold !underline-offset-4 !decoration-4 !decoration-episodi-blue !text-md\" rel=\"nofollow noopener\" target=\"_blank\">Tilaa Episodin uutiskirje ja voit voittaa leffalippuja! Nappaa katseluvinkit suoraan s\u00e4hk\u00f6postiin t\u00e4st\u00e4.<\/a><\/p>\n","protected":false},"excerpt":{"rendered":"Toimintaelokuvat\u00e4hdest\u00e4 Yhdysvaltain presidentiksi noussut Will Derringer ja Britannian p\u00e4\u00e4ministeri Sam Clarke kulkevat poliittisesti t\u00e4ysin eri linjoilla. Nyt he&hellip;\n","protected":false},"author":2,"featured_media":25767,"comment_status":"","ping_status":"","sticky":false,"template":"","format":"standard","meta":{"footnotes":""},"categories":[131],"tags":[155,137,33,173,31,30,172,175,32,109],"class_list":{"0":"post-25766","1":"post","2":"type-post","3":"status-publish","4":"format-standard","5":"has-post-thumbnail","7":"category-elokuvat","8":"tag-elokuvat","9":"tag-entertainment","10":"tag-fi","11":"tag-film","12":"tag-finland","13":"tag-finnish","14":"tag-movies","15":"tag-prime-video","16":"tag-suomi","17":"tag-viihde"},"share_on_mastodon":{"url":"","error":""},"_links":{"self":[{"href":"https:\/\/www.europesays.com\/fi\/wp-json\/wp\/v2\/posts\/25766","targetHints":{"allow":["GET"]}}],"collection":[{"href":"https:\/\/www.europesays.com\/fi\/wp-json\/wp\/v2\/posts"}],"about":[{"href":"https:\/\/www.europesays.com\/fi\/wp-json\/wp\/v2\/types\/post"}],"author":[{"embeddable":true,"href":"https:\/\/www.europesays.com\/fi\/wp-json\/wp\/v2\/users\/2"}],"replies":[{"embeddable":true,"href":"https:\/\/www.europesays.com\/fi\/wp-json\/wp\/v2\/comments?post=25766"}],"version-history":[{"count":0,"href":"https:\/\/www.europesays.com\/fi\/wp-json\/wp\/v2\/posts\/25766\/revisions"}],"wp:featuredmedia":[{"embeddable":true,"href":"https:\/\/www.europesays.com\/fi\/wp-json\/wp\/v2\/media\/25767"}],"wp:attachment":[{"href":"https:\/\/www.europesays.com\/fi\/wp-json\/wp\/v2\/media?parent=25766"}],"wp:term":[{"taxonomy":"category","embeddable":true,"href":"https:\/\/www.europesays.com\/fi\/wp-json\/wp\/v2\/categories?post=25766"},{"taxonomy":"post_tag","embeddable":true,"href":"https:\/\/www.europesays.com\/fi\/wp-json\/wp\/v2\/tags?post=25766"}],"curies":[{"name":"wp","href":"https:\/\/api.w.org\/{rel}","templated":true}]}}