{"id":257672,"date":"2026-05-25T10:12:13","date_gmt":"2026-05-25T10:12:13","guid":{"rendered":"https:\/\/www.europesays.com\/fi\/257672\/"},"modified":"2026-05-25T10:12:13","modified_gmt":"2026-05-25T10:12:13","slug":"saara-ja-meri-aalto-yllattava-paljastus-asumistilanteesta","status":"publish","type":"post","link":"https:\/\/www.europesays.com\/fi\/257672\/","title":{"rendered":"Saara ja Meri Aalto: Yll\u00e4tt\u00e4v\u00e4 paljastus asumistilanteesta"},"content":{"rendered":"<p>            Matti Matikainen\n        <\/p>\n<p class=\"subtitle \">Saara ja Meri Aalto ovat muuttamassa Espanjaan.<\/p>\n<p class=\"article-content article-content-width !bg-background\">Laulaja  on viihtynyt koto-Suomessa viime vuosina vaihtelevasti.\u00a0<\/p>\n<p class=\"font-weight-bold m-font-weight-bold article-content article-content-width !bg-background\">Video: Robin Packale osti hulppean kivilinnan:<\/p>\n<p class=\"article-content article-content-width !bg-background\">Kymmenen vuotta sitten X Factor -laulukilpailu vei Saaran Britteinsaarille, jossa taidokas laulajatar viihtyi hyv\u00e4n tovin viel\u00e4 kisailun p\u00e4\u00e4tytty\u00e4. Sittemmin sateinen saarivaltio on vaihtunut Espanjan aurinkoon, jonka alla Saara ja t\u00e4m\u00e4n -rakas ovat viett\u00e4neet runsaasti aikaa vuodesta 2021 l\u00e4htien.\u00a0<\/p>\n<p class=\"article-content article-content-width !bg-background\">Tulevaisuudessa pariskunta p\u00e4\u00e4see nauttimaan tapaksistaan tunnetusta maasta viel\u00e4kin enemm\u00e4n. Saara ja Meri paljastivat viime syksyn\u00e4 l\u00f6yt\u00e4neens\u00e4 unelmakotinsa Espanjaan rakenteilla olevasta ekokyl\u00e4st\u00e4.\u00a0<\/p>\n<p>        <a itemprop=\"url\" href=\"https:\/\/www.seiska.fi\/kotimaa\/nain-hurjasti-saara-aalto-on-muuttunut-kuvat\/2142669\" rel=\"nofollow noopener\" target=\"_blank\"><\/p>\n<p>\nKuvat!\n<\/p>\n<p class=\"section-date\">\n        <strong class=\"article-section\" data-section=\"kotimaa\"><br \/>\n            kotimaa<br \/>\n        <\/strong><br \/>\n        5.5. 09:00\n    <\/p>\n<p>N\u00e4in hurjasti Saara Aalto on muuttunut \u2013 kuvat!\n    <\/p>\n<p itemprop=\"description\" class=\"subtitle \">\n    V\u00e4rikk\u00e4\u00e4n uran tehnyt Saara on kokenut muodonmuutoksen.\n<\/p>\n<p>        <\/a><\/p>\n<p>                <img decoding=\"async\" src=\"https:\/\/www.europesays.com\/fi\/wp-content\/uploads\/2026\/05\/2161431.webp\" width=\"576\" height=\"720\" alt=\"Saara ja Meri ovat olleet mukana ekokyl\u00e4projektissa jo kaksi vuotta.\" loading=\"lazy\" \/>            <\/p>\n<p>\n            Saara ja Meri ovat olleet mukana ekokyl\u00e4projektissa jo kaksi vuotta.<br \/>\n            ATTE KAJOVA\n        <\/p>\n<p>Ensimm\u00e4inen vilkaisu<\/p>\n<p class=\"article-content article-content-width !bg-background\">Asunto ei ole viel\u00e4 valmis. \u00c4skett\u00e4in <a href=\"https:\/\/www.instagram.com\/p\/DYr_ST-seka\/\" target=\"_blank\" rel=\"nofollow noopener\">Saara ja Meri kuitenkin p\u00e4\u00e4siv\u00e4t tutustumaan ekokyl\u00e4n mallitaloon ensimm\u00e4ist\u00e4 kertaa<\/a>, ja somekansan suureksi iloksi he ovat jakaneet kokemuksen my\u00f6s Instagramissa.\u00a0<\/p>\n<p class=\"article-content article-content-width !bg-background\">Videon alussa Saara ja Meri tepastelevat rakenteilla olevaan mallitaloon. Samalla ruudun yl\u00e4reunaan jys\u00e4ht\u00e4\u00e4 havainnekuva, joka kertoo, millainen pariskunnan kodista on m\u00e4\u00e4r\u00e4 tulla. Upean kivitalon edustalta l\u00f6ytyy niin suuri terassi kuin etel\u00e4isen Euroopan helteiss\u00e4 tarpeellinen uima-allaskin.\u00a0<\/p>\n<p class=\"article-content article-content-width !bg-background\">\u2013 T\u00e4ss\u00e4 on upea iso avonainen olohuone-keitti\u00f6-yhdistelm\u00e4 isoilla lasiovilla, joista n\u00e4kym\u00e4 luontoon, Saara selostaa videolla.\u00a0<\/p>\n<p>Tilaa musiikille<\/p>\n<p class=\"article-content article-content-width !bg-background\">Ekotalosta l\u00f6ytyy kolme makuuhuonetta, joista avautuu kaunis n\u00e4k\u00f6ala. Lis\u00e4ksi villa on varusteltu kodinhoitohuoneella sek\u00e4 kuivausterassilla, joka on nimens\u00e4 mukaisesti tarkoitettu pyykkien kuivaamiseen.\u00a0<\/p>\n<p>        <a itemprop=\"url\" href=\"https:\/\/www.seiska.fi\/kotimaa\/saara-aalto-yllattava-aluevaltaus\/2132111\" rel=\"nofollow noopener\" target=\"_blank\"><\/p>\n<p>\nSaara Aalto\n<\/p>\n<p class=\"section-date\">\n        <strong class=\"article-section\" data-section=\"kotimaa\"><br \/>\n            kotimaa<br \/>\n        <\/strong><br \/>\n        21.4. 13:31\n    <\/p>\n<p>Saara Aalto: Yll\u00e4tt\u00e4v\u00e4 aluevaltaus\n    <\/p>\n<p itemprop=\"description\" class=\"subtitle \">\n    Saara on ottanut uudenlaisen askelen urallaan.\n<\/p>\n<p>        <\/a><\/p>\n<p class=\"article-content article-content-width !bg-background\">Yhdest\u00e4 talon huoneista Saara suunnittelee tekev\u00e4ns\u00e4 pianohuoneen, tarkemmin sanottuna flyygelihuoneen. Toinen taasen pyhitet\u00e4\u00e4n ty\u00f6nteolle ja muulle musisoinnille.\u00a0\u00a0<\/p>\n<p class=\"article-content article-content-width !bg-background\">\u2013 Jotenkin niin siisti\u00e4, ett\u00e4 kaikki suunnitellaan ekologisuus ja hyvinvointi edell\u00e4. T\u00e4\u00e4 on niin unelma, Saara ihastelee.\u00a0<\/p>\n<p>        <a itemprop=\"url\" href=\"https:\/\/www.seiska.fi\/kotimaa\/saara-aallon-meri-rakkaalta-raivorehellinen-tunnustus\/2119890\" rel=\"nofollow noopener\" target=\"_blank\"><\/p>\n<p>\nSaara Aallon Meri-vaimo\n<\/p>\n<p class=\"section-date\">\n        <strong class=\"article-section\" data-section=\"kotimaa\"><br \/>\n            kotimaa<br \/>\n        <\/strong><br \/>\n        2.4. 20:30\n    <\/p>\n<p>Saara Aallon Meri-rakkaalta raivorehellinen tunnustus\n    <\/p>\n<p itemprop=\"description\" class=\"subtitle \">\n    El\u00e4m\u00e4ntaitovalmentajan matka miellytt\u00e4j\u00e4-Merist\u00e4 miljon\u00e4\u00e4ri-Meriksi on ollut palkitseva.\n<\/p>\n<p>        <\/a><\/p>\n<p class=\"article-content article-content-width !bg-background\">Yht\u00e4 t\u00e4rke\u00e4\u00e4 asiaa mallitalosta ei kuitenkaan l\u00f6ydy. Tontilta uupuu t\u00e4ysin sauna. Kaksikolta l\u00f6ytyy puutteen korjaamiseksi onneksi nopeasti ideoita.\u00a0<\/p>\n<p class=\"article-content article-content-width !bg-background\">\u2013 Ehk\u00e4 me rakennetaan ulkosauna. Joo, sauna maisemalla, Saara ja Meri tuumaavat.\u00a0<\/p>\n<p class=\"italic m-italic article-content article-content-width !bg-background\">Jos upotus ei toimi, <a href=\"https:\/\/www.instagram.com\/p\/DYr_ST-seka\/\" target=\"_blank\" rel=\"nofollow noopener\">voit katsoa julkaisun t\u00e4\u00e4lt\u00e4<\/a>.<\/p>\n<p><script async src=\"\/\/www.instagram.com\/embed.js\"><\/script><\/p>\n","protected":false},"excerpt":{"rendered":"Matti Matikainen Saara ja Meri Aalto ovat muuttamassa Espanjaan. Laulaja on viihtynyt koto-Suomessa viime vuosina vaihtelevasti.\u00a0 Video: Robin&hellip;\n","protected":false},"author":2,"featured_media":257673,"comment_status":"","ping_status":"","sticky":false,"template":"","format":"standard","meta":{"footnotes":"","_share_on_mastodon":"0"},"categories":[130],"tags":[542,35513,137,1819,33,31,30,11938,3255,1003,5508,32,10374,109],"class_list":["post-257672","post","type-post","status-publish","format-standard","has-post-thumbnail","category-viihde","tag-asuminen","tag-ekokyla","tag-entertainment","tag-espanja","tag-fi","tag-finland","tag-finnish","tag-meri-aalto","tag-muutto","tag-rakentaminen","tag-saara-aalto","tag-suomi","tag-talo","tag-viihde"],"share_on_mastodon":{"url":"https:\/\/pubeurope.com\/@fi\/116634684257912190","error":""},"_links":{"self":[{"href":"https:\/\/www.europesays.com\/fi\/wp-json\/wp\/v2\/posts\/257672","targetHints":{"allow":["GET"]}}],"collection":[{"href":"https:\/\/www.europesays.com\/fi\/wp-json\/wp\/v2\/posts"}],"about":[{"href":"https:\/\/www.europesays.com\/fi\/wp-json\/wp\/v2\/types\/post"}],"author":[{"embeddable":true,"href":"https:\/\/www.europesays.com\/fi\/wp-json\/wp\/v2\/users\/2"}],"replies":[{"embeddable":true,"href":"https:\/\/www.europesays.com\/fi\/wp-json\/wp\/v2\/comments?post=257672"}],"version-history":[{"count":0,"href":"https:\/\/www.europesays.com\/fi\/wp-json\/wp\/v2\/posts\/257672\/revisions"}],"wp:featuredmedia":[{"embeddable":true,"href":"https:\/\/www.europesays.com\/fi\/wp-json\/wp\/v2\/media\/257673"}],"wp:attachment":[{"href":"https:\/\/www.europesays.com\/fi\/wp-json\/wp\/v2\/media?parent=257672"}],"wp:term":[{"taxonomy":"category","embeddable":true,"href":"https:\/\/www.europesays.com\/fi\/wp-json\/wp\/v2\/categories?post=257672"},{"taxonomy":"post_tag","embeddable":true,"href":"https:\/\/www.europesays.com\/fi\/wp-json\/wp\/v2\/tags?post=257672"}],"curies":[{"name":"wp","href":"https:\/\/api.w.org\/{rel}","templated":true}]}}