{"id":25768,"date":"2025-09-04T20:11:10","date_gmt":"2025-09-04T20:11:10","guid":{"rendered":"https:\/\/www.europesays.com\/fi\/25768\/"},"modified":"2025-09-04T20:11:10","modified_gmt":"2025-09-04T20:11:10","slug":"teinien-teko-kauhistuttaa-venajalla","status":"publish","type":"post","link":"https:\/\/www.europesays.com\/fi\/25768\/","title":{"rendered":"Teinien teko kauhistuttaa Ven\u00e4j\u00e4ll\u00e4"},"content":{"rendered":"<p>Teinien kerrotaan vastanneen v\u00e4kivallalla.<\/p>\n<p><img decoding=\"async\" class=\"image image-show image-preview\" src=\"https:\/\/www.europesays.com\/fi\/wp-content\/uploads\/2025\/09\/808ebcc5fa56dcd88978ce13ac419a4d32b5cd31e1a4f6a445b06ba790a84b67.jpg\" alt=\"\"\/><img decoding=\"async\" class=\"image image-show\" src=\"https:\/\/www.europesays.com\/fi\/wp-content\/uploads\/2025\/09\/1757016669_484_808ebcc5fa56dcd88978ce13ac419a4d32b5cd31e1a4f6a445b06ba790a84b67.jpg\" alt=\"\"\/><\/p>\n<p>Tapaus sattui Verkh-Neyvinskyn kyl\u00e4ss\u00e4. Vyacheslav Bukharov \/ CC BY-SA 4.0<\/p>\n<p class=\"paragraph\">\u2013\u2009Suuri skandaali Ven\u00e4j\u00e4n hiihdossa.<\/p>\n<p class=\"paragraph\">N\u00e4in uutisoi ven\u00e4l\u00e4inen <a href=\"https:\/\/www.sport-express.ru\/skiing\/reviews\/podrostki-v-sverdlovskoy-oblasti-izbili-74-letnego-eks-trenera-sbornoy-rossii-po-lyzham-aleksandra-pyatygina-podrobnosti-2356184\/\" target=\"_blank\" rel=\"noopener nofollow\">Sport-Express<\/a>-urheilu-uutissivusto.<\/p>\n<p class=\"paragraph\">Sen mukaan joukko teinej\u00e4 on hakannut Ven\u00e4j\u00e4n hiihtomaajoukkueen Sverdlovskin alueen juniorivalmentajana ty\u00f6skentelev\u00e4n <strong>Aleksandr Pyatyginin<\/strong>, 74, sairaalakuntoon. Pyatygin on toiminut aiemmin my\u00f6s Ven\u00e4j\u00e4n hiihtomaajoukkueen valmentajana.<\/p>\n<p class=\"paragraph\">Uutisoitu v\u00e4kivallanteko tapahtui syyskuun 1. p\u00e4iv\u00e4n\u00e4 hiihtokeskuksessa Sverdlovskin alueella. Pyatyginin kerrotaan joutuneen hakatuksi kesken valmennussession.<\/p>\n<p class=\"paragraph\">Maastohiihdon parisprintin olympiapronssia vuonna 2006 voittaneen <strong>Ivan Alypovin<\/strong> mukaan Pyatygin oli sanonut alueella moottoripy\u00f6rill\u00e4 ajaneille teineille, ett\u00e4 n\u00e4iden pit\u00e4isi ajella jossakin muualla. Vastaukseksi valmentaja sai kiroilua ja t\u00f6nimist\u00e4.<\/p>\n<p class=\"paragraph\">Pyatygin vastasi rep\u00e4isem\u00e4ll\u00e4 yhdest\u00e4 moottoripy\u00f6r\u00e4st\u00e4 bensaletkun irti, mink\u00e4 j\u00e4lkeen teiniryhm\u00e4 piiritti Pyatyginin ja hakkasi t\u00e4m\u00e4n.<\/p>\n<p class=\"paragraph\">Sairaalaan viedyll\u00e4 Pyatyginilla kerrotaan olevan useita mustelmia, mink\u00e4 lis\u00e4ksi h\u00e4nen kylkiluidensa ep\u00e4ill\u00e4\u00e4n murtuneen.<\/p>\n<p class=\"paragraph\">Pyatyginin pojan mukaan v\u00e4kivaltaiset teinit olivat 14\u201315-vuotiaita. Teinej\u00e4 oli h\u00e4nen mukaansa kahdeksan, joista erityisesti kaksi oli aktiivisia pahoinpitelyss\u00e4, kun kolmas kuvasi tilanteen matkapuhelimellaan.<\/p>\n<p class=\"paragraph\">Sport-Expressin mukaan Ven\u00e4j\u00e4n poliisi tutkii tapausta.<\/p>\n<p><a href=\"https:\/\/www.iltalehti.fi\/telkku\/?utm_source=iltalehti.fi&amp;utm_medium=almainternal&amp;utm_campaign=urheilu_artikkelibanneri&amp;utm_content=banner_612_a\" rel=\"nofollow noopener\" target=\"_blank\"><img decoding=\"async\" src=\"https:\/\/www.europesays.com\/fi\/wp-content\/uploads\/2025\/08\/7ef604e47d46ca174b7df4149bd3557dbde56a86d520f8e1b2125548b0a2e03a.png\" alt=\"TV-ohjelmat t\u00e4n\u00e4\u00e4n, TV-opas\"\/><\/a><\/p>\n","protected":false},"excerpt":{"rendered":"Teinien kerrotaan vastanneen v\u00e4kivallalla. Tapaus sattui Verkh-Neyvinskyn kyl\u00e4ss\u00e4. Vyacheslav Bukharov \/ CC BY-SA 4.0 \u2013\u2009Suuri skandaali Ven\u00e4j\u00e4n hiihdossa.&hellip;\n","protected":false},"author":2,"featured_media":25769,"comment_status":"","ping_status":"","sticky":false,"template":"","format":"standard","meta":{"footnotes":""},"categories":[158],"tags":[35,33,31,30,2096,41,3318,2668,159,32,160,161],"class_list":{"0":"post-25768","1":"post","2":"type-post","3":"status-publish","4":"format-standard","5":"has-post-thumbnail","7":"category-urheilu","8":"tag-24h","9":"tag-fi","10":"tag-finland","11":"tag-finnish","12":"tag-hiihtolajit","13":"tag-liikunta-ja-urheilu","14":"tag-maastohiihto","15":"tag-pohjoismaiset-hiihtolajit","16":"tag-sports","17":"tag-suomi","18":"tag-urheilu","19":"tag-urheilutapahtumat"},"share_on_mastodon":{"url":"","error":""},"_links":{"self":[{"href":"https:\/\/www.europesays.com\/fi\/wp-json\/wp\/v2\/posts\/25768","targetHints":{"allow":["GET"]}}],"collection":[{"href":"https:\/\/www.europesays.com\/fi\/wp-json\/wp\/v2\/posts"}],"about":[{"href":"https:\/\/www.europesays.com\/fi\/wp-json\/wp\/v2\/types\/post"}],"author":[{"embeddable":true,"href":"https:\/\/www.europesays.com\/fi\/wp-json\/wp\/v2\/users\/2"}],"replies":[{"embeddable":true,"href":"https:\/\/www.europesays.com\/fi\/wp-json\/wp\/v2\/comments?post=25768"}],"version-history":[{"count":0,"href":"https:\/\/www.europesays.com\/fi\/wp-json\/wp\/v2\/posts\/25768\/revisions"}],"wp:featuredmedia":[{"embeddable":true,"href":"https:\/\/www.europesays.com\/fi\/wp-json\/wp\/v2\/media\/25769"}],"wp:attachment":[{"href":"https:\/\/www.europesays.com\/fi\/wp-json\/wp\/v2\/media?parent=25768"}],"wp:term":[{"taxonomy":"category","embeddable":true,"href":"https:\/\/www.europesays.com\/fi\/wp-json\/wp\/v2\/categories?post=25768"},{"taxonomy":"post_tag","embeddable":true,"href":"https:\/\/www.europesays.com\/fi\/wp-json\/wp\/v2\/tags?post=25768"}],"curies":[{"name":"wp","href":"https:\/\/api.w.org\/{rel}","templated":true}]}}