{"id":257807,"date":"2026-05-25T13:22:11","date_gmt":"2026-05-25T13:22:11","guid":{"rendered":"https:\/\/www.europesays.com\/fi\/257807\/"},"modified":"2026-05-25T13:22:11","modified_gmt":"2026-05-25T13:22:11","slug":"skoda-transtech-aloittaa-muutosneuvottelut-kajaanista-voi-vahentya-200-tyopaikkaa-uutisia-lyhyesti","status":"publish","type":"post","link":"https:\/\/www.europesays.com\/fi\/257807\/","title":{"rendered":"\u0160koda Transtech aloittaa muutos\u00adneuvottelut \u2013 Kajaanista voi v\u00e4henty\u00e4 200 ty\u00f6paikkaa | Uutisia lyhyesti"},"content":{"rendered":"<p class=\"aw__sc-1qwuw0s-0 aw__sc-1vg2sqm-0 epAWpq ecELkD yle__article__paragraph\">200 ty\u00f6ntekij\u00e4\u00e4 on noin kolmasosa Kajaanin Otanm\u00e4en tehtaan henkil\u00f6st\u00f6st\u00e4.<\/p>\n<p><img decoding=\"async\" alt=\"Hitsaaja ty\u00f6ss\u00e4\u00e4n tehtaalla.\" src=\"https:\/\/www.europesays.com\/fi\/wp-content\/uploads\/2026\/05\/1674224163.jpeg\" class=\"aw__sc-dklauk-0 LPzKX\"\/><\/p>\n<p>Avaa kuvien katselu<\/p>\n<p>Kiskokalustoa valmistava Skoda Transtech aloittaa muutosneuvottelut. Kuva: Jarmo Nuotio \/ Yle<\/p>\n<p>14:19\u2022P\u00e4ivitetty 16:11<\/p>\n<p class=\"aw__sc-1qwuw0s-0 aw__sc-ngllmo-0 epAWpq fzYpjk yle__article__paragraph\">\u0160koda Transtech ilmoitti aloittavansa muutosneuvottelut.<\/p>\n<p class=\"aw__sc-1qwuw0s-0 aw__sc-ngllmo-0 epAWpq fzYpjk yle__article__paragraph\">Pysyvien henkil\u00f6st\u00f6v\u00e4hennysten arvioidaan koskevan enint\u00e4\u00e4n 200 ty\u00f6ntekij\u00e4\u00e4, mik\u00e4 vastaa noin kolmasosaa yhti\u00f6n henkil\u00f6st\u00f6st\u00e4 Otanm\u00e4en tehtaalla Kajaanissa. Otanm\u00e4en tehtaalla on noin 600 ty\u00f6ntekij\u00e4\u00e4.<\/p>\n<p class=\"aw__sc-1qwuw0s-0 aw__sc-ngllmo-0 epAWpq fzYpjk yle__article__paragraph\">Yhti\u00f6 sanoo, ett\u00e4 syyn\u00e4 on pitk\u00e4\u00e4n jatkunut ep\u00e4varmuus Helsingin kaupungin uusien raitiovaunujen hankintaa koskeneessa tarjouskilpailussa.<\/p>\n<p class=\"aw__sc-1qwuw0s-0 aw__sc-ngllmo-0 epAWpq fzYpjk yle__article__paragraph\">Emoyhti\u00f6 \u0160koda Group kertoo tiedotteessaan, ett\u00e4 \u0160koda Transtech piti Helsingin-hanketta keskeisen\u00e4 projektina, joka olisi onnistuessaan turvannut merkitt\u00e4v\u00e4n osan yhti\u00f6n ty\u00f6st\u00e4 ja ty\u00f6llisyydest\u00e4.<\/p>\n<p class=\"aw__sc-1qwuw0s-0 aw__sc-ngllmo-0 epAWpq fzYpjk yle__article__paragraph\">\u0160koda Transtechin toimitusjohtaja <strong class=\"aw__sc-ngllmo-2 gdRrun yle__article__strong\">Juha Vierros<\/strong> vahvistaa Helsingin raitiovaunukilpailutuksen p\u00e4\u00e4syyn\u00e4 muutosneuvotteluille.<\/p>\n<p class=\"aw__sc-1qwuw0s-0 aw__sc-ngllmo-0 epAWpq fzYpjk yle__article__paragraph\">\u2013 Ainahan t\u00e4llainen on ik\u00e4v\u00e4 uutinen, mutta on sin\u00e4ns\u00e4 ymm\u00e4rrett\u00e4v\u00e4\u00e4, ett\u00e4 t\u00e4m\u00e4 on edess\u00e4. T\u00e4m\u00e4 on projektiluontoista ty\u00f6t\u00e4, ja nyt varsinkin kun Helsingin-kaupat meniv\u00e4t niin kuin meniv\u00e4t, niin ei t\u00e4m\u00e4 yll\u00e4tyksen\u00e4 tullut, kertoo p\u00e4\u00e4luottamusmies <strong class=\"aw__sc-ngllmo-2 gdRrun yle__article__strong\">Mikko Komulainen<\/strong>.<\/p>\n<p class=\"aw__sc-1qwuw0s-0 aw__sc-ngllmo-0 epAWpq fzYpjk yle__article__paragraph\">Irtisanomisten lis\u00e4ksi muutosneuvotteluissa on esill\u00e4 my\u00f6s organisaation uudelleenj\u00e4rjestelyt, muutokset ty\u00f6aikoihin, ty\u00f6teht\u00e4viin ja vastuualueisiin sek\u00e4 osa-aikaistamiset. 200 ty\u00f6ntekij\u00e4\u00e4 on silti kova luku, sanoo Komulainen.<\/p>\n<p class=\"aw__sc-1qwuw0s-0 aw__sc-ngllmo-0 epAWpq fzYpjk yle__article__paragraph\">\u2013 Se vaikuttaa todella moneen ihmiseen. Nyt k\u00e4yd\u00e4\u00e4n yhteistoimintalain mukaiset neuvottelut, eik\u00e4 mit\u00e4\u00e4n lopullisia p\u00e4\u00e4t\u00f6ksi\u00e4 ole tehty. Uskon siihen, ett\u00e4 koetetaan l\u00f6yt\u00e4\u00e4 ratkaisuja, ett\u00e4 ei tarvitsisi niin paljon v\u00e4hent\u00e4\u00e4, sanoo Komulainen.<\/p>\n<p class=\"aw__sc-1qwuw0s-0 aw__sc-ngllmo-0 epAWpq fzYpjk yle__article__paragraph\">Juha Vierros kertoo, ett\u00e4 Otanm\u00e4en tehtaalla on ty\u00f6ntekij\u00f6it\u00e4 yli kahdestakymmenest\u00e4 kansallisuudesta.<\/p>\n<p class=\"aw__sc-1qwuw0s-0 aw__sc-ngllmo-0 epAWpq fzYpjk yle__article__paragraph\">Lokakuussa 2025 <a class=\"aw__sc-ngllmo-1 bTDnwX yle__article__link\" href=\"https:\/\/yle.fi\/a\/74-20186905\" role=\"link\" rel=\"nofollow noopener\" target=\"_blank\">\u0160koda Transtech h\u00e4visi kilpailutuksen<\/a> Helsingin ja Vantaan raitiovaunujen valmistamisesta sveitsil\u00e4iselle Stadlerille.<\/p>\n<p class=\"aw__sc-1qwuw0s-0 aw__sc-ngllmo-0 epAWpq fzYpjk yle__article__paragraph\">\u0160koda Transtech valitti P\u00e4\u00e4kaupunkiseudun Kaupunkiliikenteen tekem\u00e4st\u00e4 p\u00e4\u00e4t\u00f6ksest\u00e4 markkinaoikeuteen, jonka mukaan <a class=\"aw__sc-ngllmo-1 bTDnwX yle__article__link\" href=\"https:\/\/yle.fi\/a\/74-20217684\" role=\"link\" rel=\"nofollow noopener\" target=\"_blank\">tarjouksen hylk\u00e4\u00e4minen oli perusteltua<\/a>. Maaliskuussa <a class=\"aw__sc-ngllmo-1 bTDnwX yle__article__link\" href=\"https:\/\/yle.fi\/a\/74-20226756\" role=\"link\" rel=\"nofollow noopener\" target=\"_blank\">\u0160koda Transtech valitti raitiovaunuhankinnasta korkeimpaan hallinto-oikeuteen<\/a>.<\/p>\n<p class=\"aw__sc-1qwuw0s-0 aw__sc-ngllmo-0 epAWpq fzYpjk yle__article__paragraph\">Vierroksen mukaan \u0160koda Group ty\u00f6skentelee aktiivisesti lukuisissa tarjouskilpailuissa Pohjoismaissa.<\/p>\n<p class=\"aw__sc-1qwuw0s-0 aw__sc-ngllmo-0 epAWpq fzYpjk yle__article__paragraph\">\u2013 T\u00e4m\u00e4 on meille strategisesti t\u00e4rke\u00e4 markkina-alue, kertoo Vierros s\u00e4hk\u00f6postivastauksessaan.<\/p>\n<p>Kajaani k\u00e4ynnist\u00e4\u00e4 heti muutosturvapalvelut<\/p>\n<p class=\"aw__sc-1qwuw0s-0 aw__sc-ngllmo-0 epAWpq fzYpjk yle__article__paragraph\">\u0160koda Transtech on yksi Kajaanin suurimmista ty\u00f6nantajista.<\/p>\n<p class=\"aw__sc-1qwuw0s-0 aw__sc-ngllmo-0 epAWpq fzYpjk yle__article__paragraph\">Vt. kaupunginjohtaja <strong class=\"aw__sc-ngllmo-2 gdRrun yle__article__strong\">Joni Partanen<\/strong> on huolissaan Trantechin muutosneuvotteluista.<\/p>\n<p class=\"aw__sc-1qwuw0s-0 aw__sc-ngllmo-0 epAWpq fzYpjk yle__article__paragraph\">\u2013 T\u00e4m\u00e4 on eritt\u00e4in harmittavaa niin yritykselle kuin henkil\u00f6st\u00f6lle. \u0160koda Transtech on Kajaanin kaupungin yksi suurimmista ty\u00f6nantajista ja siten alueelle t\u00e4rke\u00e4.<\/p>\n<p class=\"aw__sc-1qwuw0s-0 aw__sc-ngllmo-0 epAWpq fzYpjk yle__article__paragraph\">Muutosturvaneuvotteluissa selvitet\u00e4\u00e4n Partasen mukaan tarkemmin, kuinka sitten prosessi etenee, mit\u00e4 henkil\u00f6st\u00f6ryhmien ja miss\u00e4 laajuudessa t\u00e4m\u00e4 tulee koskettamaan.<\/p>\n<p class=\"aw__sc-1qwuw0s-0 aw__sc-ngllmo-0 epAWpq fzYpjk yle__article__paragraph\">\u2013 Kajaanissa on toki kokemusta aikaisemmin, kun verrataan paperitehtaan lakkauttamiseen Kajaanissa. Meill\u00e4 on elinkeinoel\u00e4m\u00e4ss\u00e4 ollut monenlaisia vastaavanlaisia tilanteita, ja niiss\u00e4 on tarvittu tiivist\u00e4 yhteisty\u00f6t\u00e4, ja uskotaan, ett\u00e4 n\u00e4ist\u00e4 kokemuksista on apua, ketoo Partanen.<\/p>\n<p class=\"aw__sc-1qwuw0s-0 aw__sc-ngllmo-0 epAWpq fzYpjk yle__article__paragraph\">Kajaanin kaupunki kertoo k\u00e4ynnist\u00e4v\u00e4ns\u00e4 v\u00e4litt\u00f6m\u00e4sti muutosturvapalvelut yhteisty\u00f6ss\u00e4 \u0160koda Transtechin kanssa. Tehtaalla ty\u00f6skentelee useita kansallisuuksia, muun muassa ven\u00e4l\u00e4isi\u00e4, ukrainalaisia, filippiinil\u00e4isi\u00e4 ja indonesialaisia.<br \/>Kaupungin ty\u00f6llisyys- ja yrityspalvelut auttavat ty\u00f6nantajia ja ty\u00f6ntekij\u00f6it\u00e4 muutosturvan toteuttamisessa, tiedottavat siihen liittyvist\u00e4 asioista ja auttavat henkil\u00f6st\u00f6\u00e4 uuden ty\u00f6n l\u00f6yt\u00e4misess\u00e4.<\/p>\n<p class=\"aw__sc-1qwuw0s-0 aw__sc-ngllmo-0 epAWpq fzYpjk yle__article__paragraph\">Uutinen p\u00e4ivittyy.<\/p>\n<p class=\"aw__sc-1qwuw0s-0 aw__sc-ngllmo-0 epAWpq fzYpjk yle__article__paragraph\">Korjattu 25.5.2026 klo 15:54: \u0160koda Transtech valitti korkeimpaan hallinto-oikeuteen maaliskuussa, ei noin viikko sitten, kuten jutussa aiemmin mainittiin.<\/p>\n<p class=\"aw__sc-1qwuw0s-0 aw__sc-ngllmo-0 epAWpq fzYpjk yle__article__paragraph\">Klo 16.11 Lis\u00e4tty Juha Vierroksen kommentit.<\/p>\n","protected":false},"excerpt":{"rendered":"200 ty\u00f6ntekij\u00e4\u00e4 on noin kolmasosa Kajaanin Otanm\u00e4en tehtaan henkil\u00f6st\u00f6st\u00e4. Avaa kuvien katselu Kiskokalustoa valmistava Skoda Transtech aloittaa muutosneuvottelut.&hellip;\n","protected":false},"author":2,"featured_media":257808,"comment_status":"","ping_status":"","sticky":false,"template":"","format":"standard","meta":{"footnotes":"","_share_on_mastodon":"0"},"categories":[12],"tags":[22,23,26,27,33,31,30,17,723,949,71,24,25,28,29,3514,15,17708,18,21,32,78,19,20,16245,16],"class_list":["post-257807","post","type-post","status-publish","format-standard","has-post-thumbnail","category-suomi","tag-breaking-news","tag-breakingnews","tag-featured-news","tag-featurednews","tag-fi","tag-finland","tag-finnish","tag-headlines","tag-kainuu","tag-kajaani","tag-kotimaa","tag-latest-news","tag-latestnews","tag-main-news","tag-mainnews","tag-muutosneuvottelut","tag-news","tag-otanmaki","tag-otsikot","tag-paauutiset","tag-suomi","tag-talous","tag-top-stories","tag-topstories","tag-transtech","tag-uutiset"],"share_on_mastodon":{"url":"https:\/\/pubeurope.com\/@fi\/116635431680792952","error":""},"_links":{"self":[{"href":"https:\/\/www.europesays.com\/fi\/wp-json\/wp\/v2\/posts\/257807","targetHints":{"allow":["GET"]}}],"collection":[{"href":"https:\/\/www.europesays.com\/fi\/wp-json\/wp\/v2\/posts"}],"about":[{"href":"https:\/\/www.europesays.com\/fi\/wp-json\/wp\/v2\/types\/post"}],"author":[{"embeddable":true,"href":"https:\/\/www.europesays.com\/fi\/wp-json\/wp\/v2\/users\/2"}],"replies":[{"embeddable":true,"href":"https:\/\/www.europesays.com\/fi\/wp-json\/wp\/v2\/comments?post=257807"}],"version-history":[{"count":0,"href":"https:\/\/www.europesays.com\/fi\/wp-json\/wp\/v2\/posts\/257807\/revisions"}],"wp:featuredmedia":[{"embeddable":true,"href":"https:\/\/www.europesays.com\/fi\/wp-json\/wp\/v2\/media\/257808"}],"wp:attachment":[{"href":"https:\/\/www.europesays.com\/fi\/wp-json\/wp\/v2\/media?parent=257807"}],"wp:term":[{"taxonomy":"category","embeddable":true,"href":"https:\/\/www.europesays.com\/fi\/wp-json\/wp\/v2\/categories?post=257807"},{"taxonomy":"post_tag","embeddable":true,"href":"https:\/\/www.europesays.com\/fi\/wp-json\/wp\/v2\/tags?post=257807"}],"curies":[{"name":"wp","href":"https:\/\/api.w.org\/{rel}","templated":true}]}}