{"id":25788,"date":"2025-09-04T20:38:11","date_gmt":"2025-09-04T20:38:11","guid":{"rendered":"https:\/\/www.europesays.com\/fi\/25788\/"},"modified":"2025-09-04T20:38:11","modified_gmt":"2025-09-04T20:38:11","slug":"erikoinen-tyopaikkailmoitus-oletko-katariina-sourin-etsima-henkilo","status":"publish","type":"post","link":"https:\/\/www.europesays.com\/fi\/25788\/","title":{"rendered":"Erikoinen ty\u00f6paikkailmoitus \u2013 oletko Katariina Sourin etsim\u00e4 henkil\u00f6?"},"content":{"rendered":"<p>\n            20220908 HELSINKI. TENNISPALATSI. Mielens\u00e4pahoittaja -elokuvan ensi-ilta. Katariina Souri. KUVA: ATTE KAJOVA<br \/>\n            Atte Kajova\n        <\/p>\n<p class=\"subtitle \">Kata toivoo hakijalta k\u00e4dentaitoja.<\/p>\n<p class=\"article-content article-content-width !bg-background\">Playboyn Playmate of the Month -tytt\u00f6n\u00e4 aikanaan kansakunnan kaapin p\u00e4\u00e4lle noussut  on renessanssi-ihminen.<\/p>\n<p class=\"article-content article-content-width !bg-background\">T\u00e4st\u00e4 k\u00e4yk\u00f6\u00f6n esimerkkin\u00e4 vaikkapa se, ett\u00e4 \u201dKatalta\u201d luonnistuu kirjoittaminen sek\u00e4 kuvataiteilu.<\/p>\n<p class=\"article-content article-content-width !bg-background\">Nainen on my\u00f6s aktiivinen ottamaan kantaa erilaisiin yhteiskunnallisiin asioihin.<\/p>\n<p class=\"article-content article-content-width !bg-background\">Katan ter\u00e4v\u00e4st\u00e4 sanan s\u00e4il\u00e4st\u00e4 osansa sai kev\u00e4\u00e4ll\u00e4 muun muassa Ruotsia Euroviisuissa edustanut suomalaistrio KAJ, jonka saunomista ihannoiva kappale ei saanut Katan v\u00e4lit\u00f6nt\u00e4 hyv\u00e4ksynt\u00e4\u00e4.<\/p>\n<p>        <a itemprop=\"url\" href=\"https:\/\/www.seiska.fi\/kotimaa\/katariina-souri-raivostui-juhannusperinteista-tama-on-patriarkaalista-puppua\/1844408\" rel=\"nofollow noopener\" target=\"_blank\"><\/p>\n<p>\nKatariina Souri\n<\/p>\n<p class=\"section-date\">\n        <strong class=\"article-section\" data-section=\"kotimaa\"><br \/>\n            kotimaa<br \/>\n        <\/strong><br \/>\n        21.6. 18:00\n    <\/p>\n<p>    Katariina Souri raivostui juhannusperinteist\u00e4: &#8221;T\u00e4m\u00e4 on patriarkaalista puppua!&#8221;<\/p>\n<p itemprop=\"description\" class=\"subtitle \">\n    Katariina on tunnettu monitaituri, mutta lis\u00e4ksi h\u00e4net tunnetaan k\u00e4rkk\u00e4ist\u00e4 mielipiteist\u00e4\u00e4n. Aiemmin kev\u00e4\u00e4ll\u00e4 h\u00e4n suuttui KAJ-yhtyeelle Bara Bada Bastu -kappaleesta.\n<\/p>\n<p>        <\/a><\/p>\n<p class=\"article-content article-content-width !bg-background\">\u2013 Kun nyt hehkutetaan Ruotsin euroviisuedustajaa KAJ:ta ja hoilataan ruotsalaisten bastusta, joka ei ole sama kuin suomalaisten sauna, niin voitaisiinko puhua my\u00f6s mets\u00e4suomalaisista, jotka k\u00e4yt\u00e4nn\u00f6ss\u00e4 veiv\u00e4t suomalaisen saunakulttuurin Ruotsiin, Kata muun muassa kirjoitti Facebookissaan toukokuun alussa.<\/p>\n<p>                <img decoding=\"async\" src=\"https:\/\/www.europesays.com\/fi\/wp-content\/uploads\/2025\/09\/966599.webp\" width=\"576\" height=\"274\" alt=\"Katariina Souri on puuhannut el\u00e4m\u00e4ns\u00e4 aikana monenmoista.\" loading=\"lazy\" \/>            <\/p>\n<p>\n            Katariina Souri on puuhannut el\u00e4m\u00e4ns\u00e4 aikana monenmoista.<br \/>\n            Ari Lahti\n        <\/p>\n<p>Etsii pehtooria<\/p>\n<p class=\"article-content article-content-width !bg-background\">Sipoossa el\u00e4inten keskell\u00e4 asuva Kata jakoi Facebookin S\u00f6rdekullan ryhm\u00e4ss\u00e4 \u201dty\u00f6paikkailmoituksen\u201d.<\/p>\n<p class=\"article-content article-content-width !bg-background\">\u2013 T\u00e4ll\u00e4 kertaa olisi haussa osa-aikainen &#8221;pehtoorin&#8221; paikka S\u00f6derkulla\u2013Box-akselilta.<\/p>\n<p>        <a itemprop=\"url\" href=\"https:\/\/www.seiska.fi\/kotimaa\/katariina-souri-loukkaantui-kaj-yhtyeelle\/1690655\" rel=\"nofollow noopener\" target=\"_blank\"><\/p>\n<p>\nKatariina Souri\n<\/p>\n<p class=\"section-date\">\n        <strong class=\"article-section\" data-section=\"kotimaa\"><br \/>\n            kotimaa<br \/>\n        <\/strong><br \/>\n        3.5. 17:00\n    <\/p>\n<p>    Katariina Souri loukkaantui KAJ-yhtyeelle<\/p>\n<p itemprop=\"description\" class=\"subtitle \">\n    Katariina Souri kirjoittaa pitk\u00e4ss\u00e4 ja v\u00e4kev\u00e4ss\u00e4 kommentissaan mets\u00e4suomalaisten kohtalosta 1500-luvulla.\n<\/p>\n<p>        <\/a><\/p>\n<p class=\"article-content article-content-width !bg-background\">Apua Kata kertoo tarvitsevansa \u201dsilloin t\u00e4ll\u00f6in\u201d muun muassa el\u00e4insuojien kunnostuksessa, pieniss\u00e4 nikkarointihommissa sek\u00e4 hein\u00e4paalien kantamisessa.<\/p>\n<p class=\"article-content article-content-width !bg-background\">\u2013 Eli jos porakone, talikko ja vasara pysyv\u00e4t k\u00e4dess\u00e4, p\u00e4rj\u00e4\u00e4t lampaiden ja kanojen kanssa ja olet toimeen tarttuva hyv\u00e4 tyyppi, niin voisit olla suureksi avuksi!<\/p>\n<p>                <img decoding=\"async\" src=\"https:\/\/www.europesays.com\/fi\/wp-content\/uploads\/2025\/09\/1765475.webp\" width=\"576\" height=\"274\" alt=\"Kata etsii tilalleen avuksi osa-aikaista 'pehtooria'.\" loading=\"lazy\" \/>            <\/p>\n<p>\n            Kata etsii tilalleen avuksi osa-aikaista &#8221;pehtooria&#8221;.<br \/>\n            Atte Kajova\n        <\/p>\n<p>&#8221;Ihana ilmoitus&#8221;<\/p>\n<p class=\"article-content article-content-width !bg-background\">T\u00e4rke\u00e4ksi h\u00e4n mainitsee ilmoituksen lopussa senkin, ett\u00e4 apulaisella olisi toiminimi \u201dpalkanmaksua varten\u201d.<\/p>\n<p>        <a itemprop=\"url\" href=\"https:\/\/www.seiska.fi\/kotimaa\/katariina-souri-avautui-hesarissa-onlyfans-ilmiosta-karsii-edelleen-nuoruutensa-playboy-kuvista\/1518396\" rel=\"nofollow noopener\" target=\"_blank\"><\/p>\n<p class=\"section-date\">\n        <strong class=\"article-section\" data-section=\"kotimaa\"><br \/>\n            kotimaa<br \/>\n        <\/strong><br \/>\n        13.11.2024 09:45\n    <\/p>\n<p>    Katariina Souri avautui Hesarissa Onlyfans-ilmi\u00f6st\u00e4 \u2013 k\u00e4rsii edelleen nuoruutensa Playboy-kuvista<\/p>\n<p itemprop=\"description\" class=\"subtitle \">\n    L\u00e4hes 40 vuotta vanhat Playboy-kuvat aiheuttavat yh\u00e4 hy\u00f6kk\u00e4yksi\u00e4 ja solvaamista Katariinaa kohtaan.\n<\/p>\n<p>        <\/a><\/p>\n<p class=\"article-content article-content-width !bg-background\">Julkaisu on ker\u00e4nnyt useamman kommentin, joissa toistuu \u201dyv\u201d \u2013 ilmoitus siit\u00e4, ett\u00e4 henkil\u00f6 on laittanut Katalle yksityisviesti\u00e4.<\/p>\n<p class=\"article-content article-content-width !bg-background\">\u2013 Ihana ilmoitus. M\u00e4 voisin viett\u00e4\u00e4 vaan aikaa lampaiden ja kanojen kanssa, kommentoi sen sijaan muuan nainen.<\/p>\n","protected":false},"excerpt":{"rendered":"20220908 HELSINKI. TENNISPALATSI. Mielens\u00e4pahoittaja -elokuvan ensi-ilta. Katariina Souri. KUVA: ATTE KAJOVA Atte Kajova Kata toivoo hakijalta k\u00e4dentaitoja. Playboyn&hellip;\n","protected":false},"author":2,"featured_media":25789,"comment_status":"","ping_status":"","sticky":false,"template":"","format":"standard","meta":{"footnotes":""},"categories":[130],"tags":[137,909,33,31,30,8235,212,8237,8238,32,8236,109],"class_list":{"0":"post-25788","1":"post","2":"type-post","3":"status-publish","4":"format-standard","5":"has-post-thumbnail","7":"category-viihde","8":"tag-entertainment","9":"tag-euroviisut","10":"tag-fi","11":"tag-finland","12":"tag-finnish","13":"tag-katariina-souri","14":"tag-lifestyle","15":"tag-playboy","16":"tag-soderkulla","17":"tag-suomi","18":"tag-tyopaikkailmoitus","19":"tag-viihde"},"share_on_mastodon":{"url":"","error":""},"_links":{"self":[{"href":"https:\/\/www.europesays.com\/fi\/wp-json\/wp\/v2\/posts\/25788","targetHints":{"allow":["GET"]}}],"collection":[{"href":"https:\/\/www.europesays.com\/fi\/wp-json\/wp\/v2\/posts"}],"about":[{"href":"https:\/\/www.europesays.com\/fi\/wp-json\/wp\/v2\/types\/post"}],"author":[{"embeddable":true,"href":"https:\/\/www.europesays.com\/fi\/wp-json\/wp\/v2\/users\/2"}],"replies":[{"embeddable":true,"href":"https:\/\/www.europesays.com\/fi\/wp-json\/wp\/v2\/comments?post=25788"}],"version-history":[{"count":0,"href":"https:\/\/www.europesays.com\/fi\/wp-json\/wp\/v2\/posts\/25788\/revisions"}],"wp:featuredmedia":[{"embeddable":true,"href":"https:\/\/www.europesays.com\/fi\/wp-json\/wp\/v2\/media\/25789"}],"wp:attachment":[{"href":"https:\/\/www.europesays.com\/fi\/wp-json\/wp\/v2\/media?parent=25788"}],"wp:term":[{"taxonomy":"category","embeddable":true,"href":"https:\/\/www.europesays.com\/fi\/wp-json\/wp\/v2\/categories?post=25788"},{"taxonomy":"post_tag","embeddable":true,"href":"https:\/\/www.europesays.com\/fi\/wp-json\/wp\/v2\/tags?post=25788"}],"curies":[{"name":"wp","href":"https:\/\/api.w.org\/{rel}","templated":true}]}}