{"id":258800,"date":"2026-05-26T14:46:13","date_gmt":"2026-05-26T14:46:13","guid":{"rendered":"https:\/\/www.europesays.com\/fi\/258800\/"},"modified":"2026-05-26T14:46:13","modified_gmt":"2026-05-26T14:46:13","slug":"frederikin-vaatetus-heratti-huomiota-salakuva","status":"publish","type":"post","link":"https:\/\/www.europesays.com\/fi\/258800\/","title":{"rendered":"Frederikin vaatetus her\u00e4tti huomiota \u2013 salakuva!"},"content":{"rendered":"<p>\n            Frederik aloitti Farmi-kisan torailemalla pehtoorin kanssa.<br \/>\n            Alpertti Rieskj\u00e4rvi\/Sanoma\n        <\/p>\n<p class=\"subtitle \">Seiskan lukija huvittui Frederikin omintakeisesta tyylist\u00e4 k\u00e4ytt\u00e4\u00e4 verkkareita.<\/p>\n<p class=\"article-content article-content-width !bg-background\">Iskelm\u00e4laulaja  eli  oli matkalla Virosta Helsinkiin 19. toukokuuta, kun h\u00e4nen housunsa aiheuttivat huvittuneisuutta kanssamatkustajissa.<\/p>\n<p class=\"font-weight-bold m-font-weight-bold article-content article-content-width !bg-background\">Katso video: Frederik aiheutti h\u00e4mminki\u00e4 keikalla<\/p>\n<p>Seuralainen pyysi fiksaamaan tilanteen<\/p>\n<p class=\"article-content article-content-width !bg-background\">Seiskan lukija oli yst\u00e4v\u00e4ns\u00e4 kanssa huomannut, kun Frederik saapui laivan ravintolaan huvittavan tyyliratkaisunsa kanssa.<\/p>\n<p class=\"article-content article-content-width !bg-background\">P\u00f6yt\u00e4\u00e4 l\u00e4hestyv\u00e4 herra saikin nopeasti seuralaiseltaan palautetta housuihinsa liittyen.<\/p>\n<p>        <a itemprop=\"url\" href=\"https:\/\/www.seiska.fi\/vain-seiskassa\/ei-kai-taas-frederik-raivostui-dannylle-noyryytetty-olo\/2139598\" rel=\"nofollow noopener\" target=\"_blank\"><\/p>\n<p>\nEi kai taas?\n<\/p>\n<p class=\"section-date\">\n        <strong class=\"article-section\" data-section=\"vain seiskassa\"><br \/>\n            vain seiskassa<br \/>\n        <\/strong><br \/>\n        1.5. 08:00\n    <\/p>\n<p>Ei kai taas? Frederik raivostui Dannylle: &#8221;N\u00f6yryytetty olo&#8221;\n    <\/p>\n<p itemprop=\"description\" class=\"subtitle \">\n    Frederik kertoo, ett\u00e4 h\u00e4nell\u00e4 ja Dannylla on j\u00e4lleen p\u00e4\u00e4ll\u00e4 sotatila.\n<\/p>\n<p>        <\/a><\/p>\n<p class=\"article-content article-content-width !bg-background\">Frederikin seurassa ollut nuori nainen\u00a0pyysi t\u00e4t\u00e4 laskemaan p\u00f6ksyj\u00e4\u00e4n hieman.<\/p>\n<p class=\"article-content article-content-width !bg-background\"> \u2013 Me naureskeltiin tilanteelle likkakaverini kanssa ja tajusin sitten ottaa kuvan, tilanteen todistanut vinkkaaja kertoi Seiskalle.<\/p>\n<p>        <a itemprop=\"url\" href=\"https:\/\/www.seiska.fi\/kotimaa\/janita-autio-paljastus-frederikista\/2111097\" rel=\"nofollow noopener\" target=\"_blank\"><\/p>\n<p>\nNo huh huh!\n<\/p>\n<p class=\"section-date\">\n        <strong class=\"article-section\" data-section=\"kotimaa\"><br \/>\n            kotimaa<br \/>\n        <\/strong><br \/>\n        26.3. 06:00\n    <\/p>\n<p>Janita Autio: Paljastus Frederikist\u00e4!\n    <\/p>\n<p itemprop=\"description\" class=\"subtitle \">\n    Janita Autio lienee Suomen tunnetuin valokuvaaja. Frederik taas on v\u00e4sym\u00e4t\u00f6n iskelm\u00e4ori, ukkometso sek\u00e4 mahtisonni.\n<\/p>\n<p>        <\/a><\/p>\n<p class=\"article-content article-content-width !bg-background\"> \u2013 Sill\u00e4 oli ne niin kuin ukkeleilla usein on, ihan korvissa, salakuvan r\u00e4ps\u00e4issyt vinkkaaja kuvaili.<\/p>\n<p>                <img decoding=\"async\" src=\"https:\/\/www.europesays.com\/fi\/wp-content\/uploads\/2026\/05\/2159812.webp\" width=\"576\" height=\"274\" alt=\"Tyylivalinta ei saanut kiitoksia Frederikin seuralaiselta.\" loading=\"lazy\" \/>            <\/p>\n<p>\n            Tyylivalinta ei saanut kiitoksia Frederikin seuralaiselta.<br \/>\n            Lukijan kuva\n        <\/p>\n<p>Hyv\u00e4 p\u00f6ssis!<\/p>\n<p class=\"article-content article-content-width !bg-background\">Kysytt\u00e4ess\u00e4 vinkkaajalta Frederikin tunnelmista, vinkkaaja kertoi iskelm\u00e4t\u00e4hden olleen liikkeell\u00e4 hyv\u00e4ntuulisena.<\/p>\n<p>        <a itemprop=\"url\" href=\"https:\/\/www.seiska.fi\/vain-seiskassa\/vau-mika-lady-tassa-on-frederikin-naisystava\/2124396\" rel=\"nofollow noopener\" target=\"_blank\"><\/p>\n<p>\nSalakuvat!\n<\/p>\n<p class=\"section-date\">\n        <strong class=\"article-section\" data-section=\"vain seiskassa\"><br \/>\n            vain seiskassa<br \/>\n        <\/strong><br \/>\n        10.4. 16:00\n    <\/p>\n<p>Vau mik\u00e4 lady! T\u00e4ss\u00e4 on Frederikin naisyst\u00e4v\u00e4!\n    <\/p>\n<p itemprop=\"description\" class=\"subtitle \">\n    Frederikill\u00e4 oli ongelmia viinien maksamisessa, mutta \u00f6ykk\u00e4rim\u00e4isesti ei macho suurin surminkaan k\u00e4ytt\u00e4ytynyt.\n<\/p>\n<p>        <\/a><\/p>\n<p class=\"article-content article-content-width !bg-background\"> \u2013 H\u00e4n vaikutti olevan oikein hyv\u00e4ll\u00e4 p\u00e4\u00e4ll\u00e4 ja moikkaili tervehtim\u00e4\u00e4n tulleita matkustajia iloisena, vinkkaaja tuumasi.<\/p>\n","protected":false},"excerpt":{"rendered":"Frederik aloitti Farmi-kisan torailemalla pehtoorin kanssa. Alpertti Rieskj\u00e4rvi\/Sanoma Seiskan lukija huvittui Frederikin omintakeisesta tyylist\u00e4 k\u00e4ytt\u00e4\u00e4 verkkareita. Iskelm\u00e4laulaja eli&hellip;\n","protected":false},"author":2,"featured_media":258801,"comment_status":"","ping_status":"","sticky":false,"template":"","format":"standard","meta":{"footnotes":"","_share_on_mastodon":"0"},"categories":[136],"tags":[407,137,33,31,30,1759,104,8406,408,1478,5756,32,109,4029],"class_list":["post-258800","post","type-post","status-publish","format-standard","has-post-thumbnail","category-julkkikset","tag-celebrities","tag-entertainment","tag-fi","tag-finland","tag-finnish","tag-frederik","tag-helsinki","tag-ilkka-sysimetsa","tag-julkkikset","tag-matkailu","tag-pukeutuminen","tag-suomi","tag-viihde","tag-viro"],"share_on_mastodon":{"url":"https:\/\/pubeurope.com\/@fi\/116641424432070916","error":""},"_links":{"self":[{"href":"https:\/\/www.europesays.com\/fi\/wp-json\/wp\/v2\/posts\/258800","targetHints":{"allow":["GET"]}}],"collection":[{"href":"https:\/\/www.europesays.com\/fi\/wp-json\/wp\/v2\/posts"}],"about":[{"href":"https:\/\/www.europesays.com\/fi\/wp-json\/wp\/v2\/types\/post"}],"author":[{"embeddable":true,"href":"https:\/\/www.europesays.com\/fi\/wp-json\/wp\/v2\/users\/2"}],"replies":[{"embeddable":true,"href":"https:\/\/www.europesays.com\/fi\/wp-json\/wp\/v2\/comments?post=258800"}],"version-history":[{"count":0,"href":"https:\/\/www.europesays.com\/fi\/wp-json\/wp\/v2\/posts\/258800\/revisions"}],"wp:featuredmedia":[{"embeddable":true,"href":"https:\/\/www.europesays.com\/fi\/wp-json\/wp\/v2\/media\/258801"}],"wp:attachment":[{"href":"https:\/\/www.europesays.com\/fi\/wp-json\/wp\/v2\/media?parent=258800"}],"wp:term":[{"taxonomy":"category","embeddable":true,"href":"https:\/\/www.europesays.com\/fi\/wp-json\/wp\/v2\/categories?post=258800"},{"taxonomy":"post_tag","embeddable":true,"href":"https:\/\/www.europesays.com\/fi\/wp-json\/wp\/v2\/tags?post=258800"}],"curies":[{"name":"wp","href":"https:\/\/api.w.org\/{rel}","templated":true}]}}