{"id":258889,"date":"2026-05-26T16:43:13","date_gmt":"2026-05-26T16:43:13","guid":{"rendered":"https:\/\/www.europesays.com\/fi\/258889\/"},"modified":"2026-05-26T16:43:13","modified_gmt":"2026-05-26T16:43:13","slug":"reuters-nato-aikoo-vahvistaa-sivustaansa-baltiassa-uutisia-lyhyesti","status":"publish","type":"post","link":"https:\/\/www.europesays.com\/fi\/258889\/","title":{"rendered":"Reuters: Nato aikoo vahvistaa sivustaansa Baltiassa | Uutisia lyhyesti"},"content":{"rendered":"<p class=\"aw__sc-1qwuw0s-0 aw__sc-1vg2sqm-0 epAWpq ecELkD yle__article__paragraph\">Uuden hallintorakenteen avulla sotilasliitto pystyisi tuomaan alueella paljon joukkoja nopeasti.<\/p>\n<p><img decoding=\"async\" alt=\"Sotalaiva osallistuu miinanraivausharjoitukseen merell\u00e4, suuri vesipatsas nousee r\u00e4j\u00e4hdyksen seurauksena.\" src=\"https:\/\/www.europesays.com\/fi\/wp-content\/uploads\/2026\/05\/1779808950.jpeg\" class=\"aw__sc-dklauk-0 LPzKX\"\/><\/p>\n<p>Avaa kuvien katselu<\/p>\n<p>Latvian merivoimien miinanetsint\u00e4alus osallistui kansainv\u00e4liseen miinanraivausharjoitukseen It\u00e4merell\u00e4 toukokuussa. Mukana oli l\u00e4hes 400 sotilasta ja Naton miinanraivausosasto. Kuva: Toms Kalnins \/ EPA<\/p>\n<p class=\"aw__sc-1qwuw0s-0 aw__sc-ngllmo-0 epAWpq fzYpjk yle__article__paragraph\">Nato aikoo vahvistaa Baltian puolustusta uudella hallintorakenteella, joka helpottaisi joukkojen nopeaa sijoittamista Latviaan ja Viroon sodan syttyess\u00e4 Ven\u00e4j\u00e4n kanssa.<\/p>\n<p class=\"aw__sc-1qwuw0s-0 aw__sc-ngllmo-0 epAWpq fzYpjk yle__article__paragraph\">Hankkeesta kertoo uutistoimisto Reuters, joka perustaa uutisen kahteen asiaan perehtyneeseen viranomaisl\u00e4hteeseen.<\/p>\n<p class=\"aw__sc-1qwuw0s-0 aw__sc-ngllmo-0 epAWpq fzYpjk yle__article__paragraph\">T\u00e4ll\u00e4 hetkell\u00e4 Nato-joukot kaikissa kolmessa Baltian maassa sek\u00e4 Pohjois-Puolassa ovat yhden monikansallisen esikuntansa alaisuudessa Puolan Szczecinin kaupungissa.<\/p>\n<p class=\"aw__sc-1qwuw0s-0 aw__sc-ngllmo-0 epAWpq fzYpjk yle__article__paragraph\">Toisen armeijakunnan osoittaminen alueelle korostaisi Baltian strategista merkityst\u00e4, Reuters kirjoittaa.<\/p>\n<p class=\"aw__sc-1qwuw0s-0 aw__sc-ngllmo-0 epAWpq fzYpjk yle__article__paragraph\">Uuden hallintorakenteen avulla sotilasliitto pystyisi tuomaan alueelle \u201dmassaa nopeasti\u201d, kuten er\u00e4s sotilasviranomainen asian ilmaisi. T\u00e4t\u00e4 nopeutta tarvitaan, koska pienen\u00e4 alueena Baltian on vaikea muodostaa strategista syvyytt\u00e4, joka mahdollistaa pitkittyneen taistelun.<\/p>\n<p class=\"aw__sc-1qwuw0s-0 aw__sc-ngllmo-0 epAWpq fzYpjk yle__article__paragraph\">T\u00e4ysin toimintakykyisen\u00e4 armeijakunta komentaa tyypillisesti kolmea divisioonaa eli 40 000\u201360 000 sotilasta.<\/p>\n<p class=\"aw__sc-1qwuw0s-0 aw__sc-ngllmo-0 epAWpq fzYpjk yle__article__paragraph\">L\u00e4hde: Reuters<\/p>\n","protected":false},"excerpt":{"rendered":"Uuden hallintorakenteen avulla sotilasliitto pystyisi tuomaan alueella paljon joukkoja nopeasti. Avaa kuvien katselu Latvian merivoimien miinanetsint\u00e4alus osallistui kansainv\u00e4liseen&hellip;\n","protected":false},"author":2,"featured_media":258890,"comment_status":"","ping_status":"","sticky":false,"template":"","format":"standard","meta":{"footnotes":"","_share_on_mastodon":"0"},"categories":[14],"tags":[4362,22,23,26,27,33,31,30,17,24,25,28,29,2579,15,18,21,2535,32,19,20,56,16,59,60,61],"class_list":["post-258889","post","type-post","status-publish","format-standard","has-post-thumbnail","category-ulkomaat","tag-baltia","tag-breaking-news","tag-breakingnews","tag-featured-news","tag-featurednews","tag-fi","tag-finland","tag-finnish","tag-headlines","tag-latest-news","tag-latestnews","tag-main-news","tag-mainnews","tag-nato","tag-news","tag-otsikot","tag-paauutiset","tag-puolustuspolitiikka","tag-suomi","tag-top-stories","tag-topstories","tag-ulkomaat","tag-uutiset","tag-world","tag-world-news","tag-worldnews"],"share_on_mastodon":{"url":"https:\/\/pubeurope.com\/@fi\/116641884419942470","error":""},"_links":{"self":[{"href":"https:\/\/www.europesays.com\/fi\/wp-json\/wp\/v2\/posts\/258889","targetHints":{"allow":["GET"]}}],"collection":[{"href":"https:\/\/www.europesays.com\/fi\/wp-json\/wp\/v2\/posts"}],"about":[{"href":"https:\/\/www.europesays.com\/fi\/wp-json\/wp\/v2\/types\/post"}],"author":[{"embeddable":true,"href":"https:\/\/www.europesays.com\/fi\/wp-json\/wp\/v2\/users\/2"}],"replies":[{"embeddable":true,"href":"https:\/\/www.europesays.com\/fi\/wp-json\/wp\/v2\/comments?post=258889"}],"version-history":[{"count":0,"href":"https:\/\/www.europesays.com\/fi\/wp-json\/wp\/v2\/posts\/258889\/revisions"}],"wp:featuredmedia":[{"embeddable":true,"href":"https:\/\/www.europesays.com\/fi\/wp-json\/wp\/v2\/media\/258890"}],"wp:attachment":[{"href":"https:\/\/www.europesays.com\/fi\/wp-json\/wp\/v2\/media?parent=258889"}],"wp:term":[{"taxonomy":"category","embeddable":true,"href":"https:\/\/www.europesays.com\/fi\/wp-json\/wp\/v2\/categories?post=258889"},{"taxonomy":"post_tag","embeddable":true,"href":"https:\/\/www.europesays.com\/fi\/wp-json\/wp\/v2\/tags?post=258889"}],"curies":[{"name":"wp","href":"https:\/\/api.w.org\/{rel}","templated":true}]}}