{"id":258928,"date":"2026-05-26T17:35:13","date_gmt":"2026-05-26T17:35:13","guid":{"rendered":"https:\/\/www.europesays.com\/fi\/258928\/"},"modified":"2026-05-26T17:35:13","modified_gmt":"2026-05-26T17:35:13","slug":"asiantuntija-kaliningradin-teholahetin-ei-yksin-selita-droonien-harhautumista-suomeen-ulkomaat","status":"publish","type":"post","link":"https:\/\/www.europesays.com\/fi\/258928\/","title":{"rendered":"Asiantuntija: Kaliningradin \u201dtehol\u00e4hetin\u201d ei yksin selit\u00e4 droonien harhautumista Suomeen | Ulkomaat"},"content":{"rendered":"<p class=\"aw__sc-1qwuw0s-0 aw__sc-1vg2sqm-0 epAWpq ecELkD yle__article__paragraph\">Maapallon py\u00f6reys suojaa Suomea Kaliningradin GPS-h\u00e4irinn\u00e4lt\u00e4. Sen sijaan Pietarin ymp\u00e4rist\u00f6n ja It\u00e4meren laivojen laitteita vastaan on vaikeampi suojautua.<\/p>\n<p><img decoding=\"async\" alt=\"Pudonnut drooni mets\u00e4ss\u00e4.\" src=\"https:\/\/www.europesays.com\/fi\/wp-content\/uploads\/2026\/05\/1774869947.jpeg\" class=\"aw__sc-dklauk-0 LPzKX\"\/><\/p>\n<p>Avaa kuvien katselu<\/p>\n<p>Kouvolasta 29. maaliskuuta l\u00f6ytynyt drooni. Kuva: Poliisi<\/p>\n<p>18:14\u2022P\u00e4ivitetty 19:40<\/p>\n<p class=\"aw__sc-1qwuw0s-0 aw__sc-ngllmo-0 epAWpq fzYpjk yle__article__paragraph\">Ven\u00e4j\u00e4n Kaliningradissa sijaitseva poikkeuksellisen vahva h\u00e4irint\u00e4l\u00e4hetin sekoittaa l\u00e4hialueiden GPS-paikannusta.<\/p>\n<p class=\"aw__sc-1qwuw0s-0 aw__sc-ngllmo-0 epAWpq fzYpjk yle__article__paragraph\">Asia nousi esille, kun brittil\u00e4inen <a class=\"aw__sc-ngllmo-1 bTDnwX yle__article__link\" href=\"https:\/\/yle.fi\/a\/74-20227713\" role=\"link\" rel=\"nofollow noopener\" target=\"_blank\">The Telegraph -lehti<\/a> julkaisi eilen asiantuntijahaastatteluihin perustuvan artikkelin.<\/p>\n<p class=\"aw__sc-1qwuw0s-0 aw__sc-ngllmo-0 epAWpq fzYpjk yle__article__paragraph\">Kirjoituksen mukaan Ven\u00e4j\u00e4 pystyy ohjaamaan Ukrainan l\u00e4hett\u00e4mi\u00e4 drooneja Baltian maita ja Suomea kohti.<\/p>\n<p class=\"aw__sc-1qwuw0s-0 aw__sc-ngllmo-0 epAWpq fzYpjk yle__article__paragraph\">Alla olevasta grafiikasta k\u00e4y ilmi, kuinka vahvasti Ven\u00e4j\u00e4n \u201dtehol\u00e4hetin\u201d h\u00e4iritsee erityisesti Puolan ja Baltian maiden lentoliikennett\u00e4.<\/p>\n<p class=\"aw__sc-1qwuw0s-0 aw__sc-ngllmo-0 epAWpq fzYpjk yle__article__paragraph\">L\u00e4hettimell\u00e4 on sama vaikutus droonien k\u00e4ytt\u00e4ytymiseen.<\/p>\n<p><img decoding=\"async\" alt=\"Kartta lentoliikenteen GPS-h\u00e4iri\u00f6ist\u00e4 It\u00e4meren alueella 25.5.2026.\" src=\"https:\/\/www.europesays.com\/fi\/wp-content\/uploads\/2026\/05\/1779791949.jpeg\" loading=\"lazy\" class=\"aw__sc-dklauk-0 LPzKX\"\/><\/p>\n<p>Avaa kuvien katselu<\/p>\n<p>Kaliningradin vieress\u00e4 liikenn\u00f6iv\u00e4t lentokoneet olivat eilenkin h\u00e4irinn\u00e4n kohteina. Kuva: Juha Rissanen \/ Yle, l\u00e4hde: GPSwise, Openstreetmap, Mapcreator<\/p>\n<p class=\"aw__sc-1qwuw0s-0 aw__sc-ngllmo-0 epAWpq fzYpjk yle__article__paragraph\">Droonien torjuntaan erikoistuneen Sensofusion-yhti\u00f6n tutkimusjohtaja <strong class=\"aw__sc-ngllmo-2 gdRrun yle__article__strong\">Mikko Hypp\u00f6nen<\/strong> uskoo, ett\u00e4 Kaliningradin l\u00e4hettimen voima ei yll\u00e4 Suomeen asti.<\/p>\n<p class=\"aw__sc-1qwuw0s-0 aw__sc-ngllmo-0 epAWpq fzYpjk yle__article__paragraph\">\u2013 Kysymys ei ole siit\u00e4, kuinka tehokas l\u00e4hetin on vaan siit\u00e4, ett\u00e4 maapallo on py\u00f6re\u00e4. Suomi j\u00e4\u00e4 Kaliningradista katsottuna radiohorisontin taakse, Hypp\u00f6nen sanoo.<\/p>\n<p class=\"aw__sc-1qwuw0s-0 aw__sc-ngllmo-0 epAWpq fzYpjk yle__article__paragraph\">Suomesta on matkaa Kaliningradiin linnuntiet\u00e4 noin 500 kilometri\u00e4. H\u00e4irint\u00e4l\u00e4hetin pystyy kattamaan vain kymmenien tai sadan kilometrin suuruisen alueen.<\/p>\n<p class=\"aw__sc-1qwuw0s-0 aw__sc-ngllmo-0 epAWpq fzYpjk yle__article__paragraph\">Uhka l\u00f6ytyy siis l\u00e4hemp\u00e4\u00e4.<\/p>\n<p class=\"aw__sc-1qwuw0s-0 aw__sc-ngllmo-0 epAWpq fzYpjk yle__article__paragraph\">\u2013 Pietarin ymp\u00e4rist\u00f6ss\u00e4 on useita h\u00e4irint\u00e4l\u00e4hettimi\u00e4. Emme voi sanoa faktaksi, mutta uskoisin, ett\u00e4 my\u00f6s jokaisesta ven\u00e4l\u00e4isest\u00e4 sotilastukikohdasta l\u00f6ytyy n\u00e4it\u00e4 laitteita.<\/p>\n<p>Kaksi droonia tippui Latvian R\u0113zeknen kaupunkiin 7.5.2026.<\/p>\n<p class=\"aw__sc-1qwuw0s-0 aw__sc-ngllmo-0 epAWpq fzYpjk yle__article__paragraph\">Yksi vaihtoehto Hypp\u00f6sen mukaan on my\u00f6s laivoilta teht\u00e4v\u00e4 h\u00e4irint\u00e4, mutta ainakaan laitteiden valmistamisen ei pit\u00e4isi tuottaa kenellek\u00e4\u00e4n ongelmia.<\/p>\n<p class=\"aw__sc-1qwuw0s-0 aw__sc-ngllmo-0 epAWpq fzYpjk yle__article__paragraph\">\u2013 Ne ovat yksinkertaisia ja melko halpoja laitteita. Niiden rakentaminen ei ole vaikeaa.<\/p>\n<p>Droonien kissa ja hiiri -leikki<\/p>\n<p class=\"aw__sc-1qwuw0s-0 aw__sc-ngllmo-0 epAWpq fzYpjk yle__article__paragraph\">Ukrainan sota on osoittanut, kuinka merkitt\u00e4v\u00e4 osa droonit ovat nykyisess\u00e4 sodank\u00e4ynniss\u00e4.<\/p>\n<p class=\"aw__sc-1qwuw0s-0 aw__sc-ngllmo-0 epAWpq fzYpjk yle__article__paragraph\">Ja droonien kehitys on salamannopeaa. Ensin rakennetaan tehokas drooni, ja sitten siihen kehitet\u00e4\u00e4n torjuntakeino.<\/p>\n<p class=\"aw__sc-1qwuw0s-0 aw__sc-ngllmo-0 epAWpq fzYpjk yle__article__paragraph\">Sitten sama kuvio toistuu kerta toisensa j\u00e4lkeen.<\/p>\n<p class=\"aw__sc-1qwuw0s-0 aw__sc-ngllmo-0 epAWpq fzYpjk yle__article__paragraph\">My\u00f6s Ukrainalla on huomattava m\u00e4\u00e4r\u00e4 h\u00e4irint\u00e4l\u00e4hettimi\u00e4, mutta t\u00e4ydellist\u00e4 suojaa nek\u00e4\u00e4n eiv\u00e4t pysty tarjoamaan satojen droonien yhteishy\u00f6kk\u00e4yst\u00e4 vastaan.<\/p>\n<p class=\"aw__sc-1qwuw0s-0 aw__sc-ngllmo-0 epAWpq fzYpjk yle__article__paragraph\">\u2013 Ukraina on Ven\u00e4j\u00e4\u00e4 edelle lyhyen matkojen drooneissa. Satojen tai tuhansien kilometrien pituisilla matkoilla Ven\u00e4j\u00e4 on puolestaan vahvoilla, tutkimusjohtaja Mikko Hypp\u00f6nen sanoo.<\/p>\n<p class=\"aw__sc-1qwuw0s-0 aw__sc-ngllmo-0 epAWpq fzYpjk yle__article__paragraph\">Kello 19.40 korjattu uutiseen Hypp\u00f6sen titteli toimitusjohtajasta tutkimusjohtajaksi.<\/p>\n","protected":false},"excerpt":{"rendered":"Maapallon py\u00f6reys suojaa Suomea Kaliningradin GPS-h\u00e4irinn\u00e4lt\u00e4. Sen sijaan Pietarin ymp\u00e4rist\u00f6n ja It\u00e4meren laivojen laitteita vastaan on vaikeampi suojautua.&hellip;\n","protected":false},"author":2,"featured_media":258929,"comment_status":"","ping_status":"","sticky":false,"template":"","format":"standard","meta":{"footnotes":"","_share_on_mastodon":"0"},"categories":[14],"tags":[22,23,759,26,27,33,31,30,17,5971,24,25,28,29,15,18,21,32,19,20,1303,56,16,547,987,59,60,61],"class_list":["post-258928","post","type-post","status-publish","format-standard","has-post-thumbnail","category-ulkomaat","tag-breaking-news","tag-breakingnews","tag-droonit","tag-featured-news","tag-featurednews","tag-fi","tag-finland","tag-finnish","tag-headlines","tag-kaliningrad","tag-latest-news","tag-latestnews","tag-main-news","tag-mainnews","tag-news","tag-otsikot","tag-paauutiset","tag-suomi","tag-top-stories","tag-topstories","tag-ukraina","tag-ulkomaat","tag-uutiset","tag-venaja","tag-venajan-hyokkays","tag-world","tag-world-news","tag-worldnews"],"share_on_mastodon":{"url":"","error":""},"_links":{"self":[{"href":"https:\/\/www.europesays.com\/fi\/wp-json\/wp\/v2\/posts\/258928","targetHints":{"allow":["GET"]}}],"collection":[{"href":"https:\/\/www.europesays.com\/fi\/wp-json\/wp\/v2\/posts"}],"about":[{"href":"https:\/\/www.europesays.com\/fi\/wp-json\/wp\/v2\/types\/post"}],"author":[{"embeddable":true,"href":"https:\/\/www.europesays.com\/fi\/wp-json\/wp\/v2\/users\/2"}],"replies":[{"embeddable":true,"href":"https:\/\/www.europesays.com\/fi\/wp-json\/wp\/v2\/comments?post=258928"}],"version-history":[{"count":0,"href":"https:\/\/www.europesays.com\/fi\/wp-json\/wp\/v2\/posts\/258928\/revisions"}],"wp:featuredmedia":[{"embeddable":true,"href":"https:\/\/www.europesays.com\/fi\/wp-json\/wp\/v2\/media\/258929"}],"wp:attachment":[{"href":"https:\/\/www.europesays.com\/fi\/wp-json\/wp\/v2\/media?parent=258928"}],"wp:term":[{"taxonomy":"category","embeddable":true,"href":"https:\/\/www.europesays.com\/fi\/wp-json\/wp\/v2\/categories?post=258928"},{"taxonomy":"post_tag","embeddable":true,"href":"https:\/\/www.europesays.com\/fi\/wp-json\/wp\/v2\/tags?post=258928"}],"curies":[{"name":"wp","href":"https:\/\/api.w.org\/{rel}","templated":true}]}}