{"id":259224,"date":"2026-05-27T01:25:15","date_gmt":"2026-05-27T01:25:15","guid":{"rendered":"https:\/\/www.europesays.com\/fi\/259224\/"},"modified":"2026-05-27T01:25:15","modified_gmt":"2026-05-27T01:25:15","slug":"junalla-halki-baltian-uusi-yhteys-vie-paivassa-tallinnasta-vilnaan","status":"publish","type":"post","link":"https:\/\/www.europesays.com\/fi\/259224\/","title":{"rendered":"Junalla halki Baltian \u2013 uusi yhteys vie p\u00e4iv\u00e4ss\u00e4 Tallinnasta Vilnaan"},"content":{"rendered":"<p>Pikajuna Tallinnasta kohti Liettuan p\u00e4\u00e4kaupunkia Vilnaa l\u00e4htee laiturilta numero nelj\u00e4. Aurinko paistaa kirkkaalta taivaalta, mutta pureva viima k\u00e4y vaateiden l\u00e4pi iholle. Onneksi junaan ei tarvitse jonottaa, sill\u00e4 matkaan on l\u00e4hd\u00f6ss\u00e4 vain parisenkymment\u00e4 matkustajaa. P\u00e4\u00e4sen tuuliselta asemalaiturilta \u00e4kki\u00e4 vaunun suojaan. <\/p>\n<p>Oranssi Stadler Flirt -juna on samaa mallia kuin Helsingin l\u00e4hiliikenteen junat. Raidekarttakin on samalla paikalla oven yl\u00e4puolella. Tallinnan ja Vilnan v\u00e4lill\u00e4 on reilut 40 asemaa, joissa juna tarpeen tullen pys\u00e4htyy. Kello 10.51 alkava matka on aikataulun mukaan taitettu kello 21.05.<\/p>\n<p>Juna nytk\u00e4ht\u00e4\u00e4 liikkeelle. \u00dclemisten ostoskeskuksen j\u00e4lkeen vauhti alkaa kiihty\u00e4. Raiteet kolkottavat.<\/p>\n<p>Pitk\u00e4 matka halki Baltian on alkanut. <\/p>\n<p>    <a href=\"https:\/\/seura.fi\/wp-content\/uploads\/2026\/05\/vilna14.jpg\" rel=\"nofollow noopener\" target=\"_blank\"><img loading=\"lazy\" decoding=\"async\" alt=\"Jotain tuttua siin\u00e4 on. Tallinnasta Valgaan kulkeva Stadler Flirt -juna on samaa mallia kuin Helsingin l\u00e4hiliikenteen junat.\" class=\"wp-image-2153294 awpo-lqip awpo-lazy\" width=\"2000\" height=\"1330\" style=\"--aspect-ratio: 1.5\" src=\"https:\/\/www.europesays.com\/fi\/wp-content\/uploads\/2026\/05\/vilna14.jpg\"\/><\/a><br \/>\n      Jotain tuttua siin\u00e4 on. Tallinnasta Valgaan kulkeva Stadler Flirt -juna on samaa mallia kuin Helsingin l\u00e4hiliikenteen junat.      <\/p>\n<p>          \u00a9 Ville Vanhala        <\/p>\n<p>Haikara pylv\u00e4\u00e4ss\u00e4<\/p>\n<p>Tallinna j\u00e4\u00e4 taakse, ja junan ikkunasta avautuvat avarat, paikoittain jo vihert\u00e4v\u00e4t \u00adpeltomaisemat. V\u00e4ki matkustaa omissa oloissaan. Puhe ei solju,ja tuijotetaan puhelimia.<\/p>\n<p>Vasta puoli vuotta kondukt\u00f6\u00f6rin\u00e4 ty\u00f6skennellyt <strong>Irene Kristlepp <\/strong>sanoo ymm\u00e4rt\u00e4v\u00e4ns\u00e4 suomea, mutta puhuvansa vain viroa ja auttavasti englantia. H\u00e4n kertoo, ett\u00e4 olen junan ainoa matkustaja, joka on matkalla p\u00e4\u00e4tepys\u00e4kille.<\/p>\n<p>\u201dKes\u00e4lomien aikana turisteja on enemm\u00e4n, ja he jatkavat matkaansa Riikaan ja Vilnaan asti.\u201d<\/p>\n<p>Juna hiljent\u00e4\u00e4 \u00advauhtiaan, kunnes pys\u00e4htyy se \u00adkokonaan. \u00adKuulutus kertoo, ett\u00e4 \u00adjoudumme odottamaan hetken \u201dinfrastruktuurissa ilmenneen \u00adongelman vuoksi\u201d.<\/p>\n<p>Junassa ei ole ravintolavaunua, joten matkustajat alkavat natustella \u00adpaperipusseista Tallinnan asemalta ev\u00e4iksi \u00adostamiaan s\u00e4mpyl\u00f6it\u00e4. Kun jatkamme matkaa, pellot ikkunan \u00adtakana vaihtuvat toisiin peltoihin. Tasoristeyksen j\u00e4lkeen ohi vilahtaa entisen kolhoosin navetta, jonka katto on \u00adromahtanut. Kattohaikara on rakentanut risupes\u00e4ns\u00e4 pylv\u00e4\u00e4n p\u00e4\u00e4lle.<\/p>\n<p>Juna pys\u00e4htyy jarrut kirskahtaen Tarton asemalle kymmenen minuuttia \u00adaikataulusta j\u00e4ljess\u00e4 kello 13.17. Kondukt\u00f6\u00f6ri Keistlepp on kuulutusvuorossa.<\/p>\n<p>\u201dVaihtoyhteys Valgassa odottaa, vaikka olemmekin my\u00f6h\u00e4ss\u00e4.\u201d<\/p>\n<p>    <a href=\"https:\/\/seura.fi\/wp-content\/uploads\/2026\/05\/vilna3.jpg\" rel=\"nofollow noopener\" target=\"_blank\"><img loading=\"lazy\" decoding=\"async\" alt=\"Kondukt\u00f6\u00f6ri Irene Kristlepp odottaa kes\u00e4lomien ajaksi Tallinnan rautateille sankoin joukoin ulkomaalaisia turisteja.\" class=\"wp-image-2153295 awpo-lqip awpo-lazy\" width=\"1349\" height=\"2000\" style=\"--aspect-ratio: 0.67\" src=\"https:\/\/www.europesays.com\/fi\/wp-content\/uploads\/2026\/05\/vilna3.jpg\"\/><\/a><br \/>\n      Kondukt\u00f6\u00f6ri Irene Kristlepp odottaa kes\u00e4lomien ajaksi Tallinnan rautateille sankoin joukoin ulkomaalaisia turisteja.      <\/p>\n<p>          \u00a9 Ville Vanhala        <\/p>\n<p>    <a href=\"https:\/\/seura.fi\/wp-content\/uploads\/2026\/05\/vilna5.jpg\" rel=\"nofollow noopener\" target=\"_blank\"><img loading=\"lazy\" decoding=\"async\" alt=\"Tallinnalainen Silvia Johansoo matkaa syntym\u00e4p\u00e4iv\u00e4n\u00e4\u00e4n kylpyl\u00e4\u00adlomalle Riikaan.\" class=\"wp-image-2153293 awpo-lqip awpo-lazy\" width=\"2000\" height=\"1389\" style=\"--aspect-ratio: 1.44\" src=\"https:\/\/www.europesays.com\/fi\/wp-content\/uploads\/2026\/05\/vilna5.jpg\"\/><\/a><br \/>\n      Tallinnalainen Silvia Johansoo matkaa syntym\u00e4p\u00e4iv\u00e4n\u00e4\u00e4n kylpyl\u00e4\u00adlomalle Riikaan.      <\/p>\n<p>          \u00a9 Ville Vanhala        <\/p>\n<p>Kaksoiskaupungissa<\/p>\n<p>Aardla, Ropka ja Peedu. Asemien nimet vaihtuvat n\u00e4ytt\u00f6taulussa, ja pieni\u00e4 virolaisia kyli\u00e4 vilahtaa ohi. Raiteiden yksitoikkoinen kolkotus ja vaunun keinunta nukuttaa pienen valkoisen koiran em\u00e4nt\u00e4ns\u00e4 syliin.<\/p>\n<p>Valgaan saavutaan 21 minuuttia aikataulusta my\u00f6h\u00e4ss\u00e4. Stadler Flirt -juna \u00advaihtuu liettualaisen rautatieyhti\u00f6 LTG-linkin omistamaan, Puolassa valmistettuun Pesa 730 ML -dieselmoottorijunaan. Junan henkil\u00f6kunta on kuitenkin latvialaisen rautatieyhti\u00f6 Vivin palkkalistoilla.<\/p>\n<p>Toisen luokan lippuun on merkitty per\u00e4ti 16 paikkaa, joista saan valita omani.<\/p>\n<p>Otan vaunun etuosan p\u00f6yd\u00e4n \u00e4\u00e4rest\u00e4 paikan numero 38. Ehdin nostaa laukkuni hattuhyllylle, kun juna nytk\u00e4ht\u00e4\u00e4 jo liikkeelle. Virossa aikataulusta j\u00e4lkeen j\u00e4\u00e4neet minuutit yritet\u00e4\u00e4n kuroa Latviassa kiinni. <\/p>\n<p>Valtioiden raja vaihtuu viel\u00e4 saman kaupungin sis\u00e4ll\u00e4, ja Valgasta tulee Valka. Vaalea kondukt\u00f6\u00f6rinainen kertoo sujuvasti englanniksi, ett\u00e4 yhti\u00f6 on kielt\u00e4nyt henkil\u00f6kuntaa antamasta lausuntoja ulkomaalaiselle medialle eik\u00e4 heit\u00e4 saa my\u00f6sk\u00e4\u00e4n kuvata.<\/p>\n<p>\u201dOlen pahoillani, mutta el\u00e4mme nyt sellaisia aikoja\u201d, \u00adkondukt\u00f6\u00f6ri sanoo ja piipauttaa laiteellaan lippuni QR-koodin.<\/p>\n<p>Juna jytkytt\u00e4\u00e4 Lugazin ohi. Seuraava asema on Strenci.<\/p>\n<p>    <a href=\"https:\/\/seura.fi\/wp-content\/uploads\/2026\/05\/vilna13.jpg\" rel=\"nofollow noopener\" target=\"_blank\"><img loading=\"lazy\" decoding=\"async\" alt=\"Riian rautatieasemalla riitt\u00e4\u00e4 kuhinaa, kun v\u00e4ke\u00e4 j\u00e4\u00e4 pois ja nousee Pesa 730 -dieselmoottorijunan vaunuihin.\" class=\"wp-image-2153296 awpo-lqip awpo-lazy\" width=\"2000\" height=\"1333\" style=\"--aspect-ratio: 1.5\" src=\"https:\/\/www.europesays.com\/fi\/wp-content\/uploads\/2026\/05\/vilna13.jpg\"\/><\/a><br \/>\n      Riian rautatieasemalla riitt\u00e4\u00e4 kuhinaa, kun v\u00e4ke\u00e4 j\u00e4\u00e4 pois ja nousee Pesa 730 -dieselmoottorijunan vaunuihin.      <\/p>\n<p>          \u00a9 Ville Vanhala        <\/p>\n<p>Junamatkan hinta Tallinnasta Vilnaan on toisessa luokassa 39 euroa. K\u00e4tevin tapa ostaa lippu koko matkalle on hankkia se etuk\u00e4teen Elronin lippujen myyntij\u00e4rjestelm\u00e4n tai mobiilisovelluksen kautta. Yhden osuuden kattavia lippuja voi ostaa erikseen kultakin junayhti\u00f6lt\u00e4. <\/p>\n<p>Lis\u00e4tietoja: <a href=\"http:\/\/elron.ee\/en\/tallinn-tartu-riga-vilnius-train-connection\" target=\"_blank\" rel=\"noreferrer noopener nofollow\">elron.ee\/en\/tallinn-tartu-riga-vilnius-train-connection<\/a><\/p>\n<p>Maisemat vaihtuvat<\/p>\n<p>Vaikka plyysipenkill\u00e4 on hyv\u00e4 istua, matkanteko tuntuu jo jaloissa. Noustessa joudun ottamaan huojuvassa junassa ensin tukea penkkien selk\u00e4nojista. Pian rytmi tulee kuitenkin tutuksi, ja askeleeni alkavat sopia vaunun keinuntaan.<\/p>\n<p>Viron verrattain siistien ja suloisten kylien j\u00e4lkeen Lat\u00adviassa vallitsee paikoittain raihnaisuus. On autioita asemia, vanhojen talojen maalipinnat hilseilev\u00e4t ja pihoilla on autonraatoja ja romua. Hetkitt\u00e4in n\u00e4ytt\u00e4\u00e4 silt\u00e4, ett\u00e4 juna kulkee entisess\u00e4 Neuvostoliitossa. <\/p>\n<p>Lakitoimistossa ty\u00f6skentelev\u00e4 <strong>Silvia Juhansoo<\/strong> on saanut matkalleen mukaansa keltaisen ruusun. Juhansoolla on syntym\u00e4p\u00e4iv\u00e4 ja h\u00e4n on ostanut itselleen lahjaksi kylpyl\u00e4loman Riiasta. Aiemmin h\u00e4n on k\u00e4ynyt Riiassa autolla. <\/p>\n<p>\u201dKoska junaa ei tarvitse ajaa itse, ei tarvitse my\u00f6sk\u00e4\u00e4n v\u00e4litt\u00e4\u00e4 nopeusrajoituksista. On ihanaa rentoutua ja matkustaa samaan aikaan.\u201d<\/p>\n<p>Juna saapuu Riikaan \u00adkuusi minuuttia aikataulusta my\u00f6h\u00e4ss\u00e4 kello 16.53. Matkaa pit\u00e4isi jatkaa kahden minuutin \u00adkuluttua, mutta aikataulusta ei kyet\u00e4 pit\u00e4m\u00e4\u00e4n kiinni, \u00adsill\u00e4 junasta poistuu matkustajia ja viel\u00e4 enemm\u00e4n niit\u00e4 nousee kyytiin. <\/p>\n<p>    <a href=\"https:\/\/seura.fi\/wp-content\/uploads\/2026\/05\/vilna10.jpg\" rel=\"nofollow noopener\" target=\"_blank\"><img loading=\"lazy\" decoding=\"async\" alt=\"Riiassa ty\u00f6skentelev\u00e4 rakennusalan ammattilainen Yuri Umedbek matkustaa viikonlopuksi kotiinsa Vilnaan.\" class=\"wp-image-2153297 awpo-lqip awpo-lazy\" width=\"1333\" height=\"2000\" style=\"--aspect-ratio: 0.67\" src=\"https:\/\/www.europesays.com\/fi\/wp-content\/uploads\/2026\/05\/vilna10.jpg\"\/><\/a><br \/>\n      Riiassa ty\u00f6skentelev\u00e4 rakennusalan ammattilainen Yuri Umedbek matkustaa viikonlopuksi kotiinsa Vilnaan.      <\/p>\n<p>          \u00a9 Ville Vanhala        <\/p>\n<p>Ny\u00f6kk\u00e4yksi\u00e4 rajalla<\/p>\n<p>Yli kuuden tunnin matkustamisen j\u00e4lkeen maisemat v\u00e4hitellen t\u00e4yttyneen junan ikkunan takana alkavat h\u00e4m\u00e4rty\u00e4. Kyl\u00e4t vilahtelevat ohi ja vaunun sis\u00e4valot syttyv\u00e4t. Nivelliitosten haitaripalkeet vaunujen v\u00e4liss\u00e4 huojuvat ja nirisev\u00e4t.<\/p>\n<p>Latvialainen henkil\u00f6kunta on vaihtunut Riiassa liettualaiseen, mutta haastattelukielto pysyy yh\u00e4 voimassa.<\/p>\n<p>Kun rajavartijat ilmestyv\u00e4t vaunun per\u00e4lle, ymm\u00e4rr\u00e4n, ett\u00e4 olemme ylitt\u00e4neet Liet\u00adtuan rajan. <\/p>\n<p>Koko matkan ensimm\u00e4isen ja ainoan passintarkastuksen tekev\u00e4 vartija n\u00e4ytt\u00e4\u00e4 niin vakavalta, ett\u00e4 minulle ei tule mieleenk\u00e4\u00e4n yritt\u00e4\u00e4 k\u00e4yd\u00e4 h\u00e4nen kanssaan juttusille.<\/p>\n<p>Pelk\u00e4t ny\u00f6kk\u00e4ykset riitt\u00e4v\u00e4t, kun dokumentit ovat kunnossa.<\/p>\n<p>My\u00f6sk\u00e4\u00e4n Pesa 730 ML -junassa ei ole ravintolavaunua, mutta henkil\u00f6kunnalta voi tilata pikkupurtavia, pikanuudeleita, -keittoja ja virvokkeita. Alkoholia ei ole lupa junassa myyd\u00e4. Kolme euroa ja 65 sentti\u00e4 maksava papu-chilikeitto tarjoillaan koruttomassa pahvikupissa. Keitto n\u00e4ytt\u00e4\u00e4 huonommalta kuin maistuu.<\/p>\n<p>    <a href=\"https:\/\/seura.fi\/wp-content\/uploads\/2026\/05\/istock-1326815927.jpg\" rel=\"nofollow noopener\" target=\"_blank\"><img loading=\"lazy\" decoding=\"async\" alt=\"Liki kuuden tunnin matkustamisen j\u00e4lkeen juna saapuu Riikaan.\" class=\"wp-image-2153292 awpo-lqip awpo-lazy\" width=\"2000\" height=\"1335\" style=\"--aspect-ratio: 1.5\" src=\"https:\/\/www.europesays.com\/fi\/wp-content\/uploads\/2026\/05\/istock-1326815927.jpg\"\/><\/a><br \/>\n      Liki kuuden tunnin matkustamisen j\u00e4lkeen juna saapuu Riikaan.      <\/p>\n<p>          \u00a9  istock \/ AlxeyPnferov aop         <\/p>\n<p>L\u00e4hell\u00e4 mutta kaukana<\/p>\n<p>Kun matkaa on aikataulun mukaan en\u00e4\u00e4 tunti j\u00e4ljell\u00e4, Jonavan asemalta vaunuun nousee Liettuassa komennuksella oleva saksalainen Nato-joukkojen sotilasmestari, joka esitt\u00e4ytyy <strong>Jennyksi<\/strong>. H\u00e4n on matkalla Vilnaan viett\u00e4m\u00e4\u00e4n viikonloppua yst\u00e4viens\u00e4 kanssa.<\/p>\n<p>Juna puskee pime\u00e4n l\u00e4pi. Raiteet kolkottavat ja ikkunaan pirskahtelee pisaroita. Pitk\u00e4, yli kymmenen tuntia kest\u00e4nyt matka alkaa olla takana, mutta viimeiset kymmenet minuutit tuntuvat kuitenkin kovin pitkilt\u00e4. <\/p>\n<p>Juna hiljent\u00e4\u00e4 vauhtiaan jo hyviss\u00e4 ajoin ennen Vilnaa. V\u00e4ki nousee penkeilt\u00e4 ja hamuaa hattuhyllyilt\u00e4 matkatavaroitaan. Raiteiden kolkotus harvenee, jarrut kirskahtavat.<\/p>\n<p>Juna pys\u00e4htyy Vilnan rautatieasemalle kahdeksan minuuttia my\u00f6h\u00e4ss\u00e4 kello 21.18. Aseman suurista ikkunoista loistaa kirkkaat valot. Laiturilla leijuu dieselin, tupakan ja ruoan tuoksu. Ovesta sis\u00e4lle kulkevista matkustajista syntyy kellert\u00e4v\u00e4lle sein\u00e4lle liukuva varjojen jono. <\/p>\n<p>Juna seisoo etuvalot p\u00e4\u00e4ll\u00e4 raiteilla. Aamulla kello 7.03 l\u00e4htee seuraava vuoro kohti Tallinnaa.<\/p>\n<p>    <a href=\"https:\/\/seura.fi\/wp-content\/uploads\/2026\/05\/16.1.839043899.jpg\" rel=\"nofollow noopener\" target=\"_blank\"><img loading=\"lazy\" decoding=\"async\" alt=\"Boheemista U\u017eupiksen vapaakaupungista l\u00f6ytyy rosoa ja kauneutta.\" class=\"wp-image-2153299 awpo-lqip awpo-lazy\" width=\"2000\" height=\"1343\" style=\"--aspect-ratio: 1.49\" src=\"https:\/\/www.europesays.com\/fi\/wp-content\/uploads\/2026\/05\/16.1.839043899.jpg\"\/><\/a><br \/>\n      Boheemista U\u017eupiksen vapaakaupungista l\u00f6ytyy rosoa ja kauneutta.      <\/p>\n<p>          \u00a9 Ville Vanhala        <\/p>\n<p>    <a href=\"https:\/\/seura.fi\/wp-content\/uploads\/2026\/05\/istock-1226823368.jpg\" rel=\"nofollow noopener\" target=\"_blank\"><img loading=\"lazy\" decoding=\"async\" alt=\"Kylm\u00e4 punajuurikeitto kuumilla perunoilla on liettualainen erikoisherkku.\" class=\"wp-image-2153298 awpo-lqip awpo-lazy\" width=\"1256\" height=\"835\" style=\"--aspect-ratio: 1.5\" src=\"https:\/\/www.europesays.com\/fi\/wp-content\/uploads\/2026\/05\/istock-1226823368.jpg\"\/><\/a><br \/>\n      Kylm\u00e4 punajuurikeitto kuumilla perunoilla on liettualainen erikoisherkku.      <\/p>\n<p>          \u00a9 istock\u2009\/\u2009troyka        <\/p>\n<p>Taidetta ja kylm\u00e4\u00e4 soppaa<\/p>\n<p>Liettuan p\u00e4\u00e4kaupunki Vilna ei viel\u00e4 ole suomalaisten keskuudessa yht\u00e4 suosittu matkailukohde kuin Tallinna tai Riika. Yli puolen miljoonan asukkaan Vilnan syd\u00e4n on sen keskiaikaisen muurin ymp\u00e4r\u00f6im\u00e4 vanhakaupunki, mik\u00e4 on luokiteltu UNESCO:n maailmanperint\u00f6kohteeksi. Vanhankaupungin alueella on esimerkiksi kolme linnaa yli 40 eri uskontokuntien kirkkoa. <\/p>\n<p>Vilnan tunnetuimpia museoita ovat Liettuan kansallismuseo, Suurherttuoiden palatsi ja Miehitys- ja vapaustaistelijoiden museo. Suosittuja kohteita ovat my\u00f6s Vilnan kauppahalli ja Subacius-kadun n\u00e4k\u00f6alapaikka, mist\u00e4 aukeaa n\u00e4kym\u00e4 yli koko kaupungin. <\/p>\n<p>Vilnalaiset Mrte ja Marijus Navickas suosittelevat matkailijoille kuitenkin perinteisten kohteiden lis\u00e4ksi my\u00f6s U\u017eupiksen kaupunginosaa, mik\u00e4 tunnetaan t\u00e4t\u00e4 nyky\u00e4 taiteilijoiden tasavaltana. \u201dSe on gallerioineen ja katutaiteineen erilainen vaihtoehto vanhallekaupungille ja museokierrokselle\u201d, Marijus sanoo. <\/p>\n<p>\u201dJa ehdottomasti Vilnassa kannattaa aina maistaa erikoisherkkuamme kylm\u00e4\u00e4 punajuurikeittoa.\u201d <\/p>\n<p>    <a href=\"https:\/\/seura.fi\/wp-content\/uploads\/2026\/05\/vilna6.jpg\" rel=\"nofollow noopener\" target=\"_blank\"><img loading=\"lazy\" decoding=\"async\" alt=\"Mrte ja Marijus Navickas viett\u00e4v\u00e4t romanttista perjantaip\u00e4iv\u00e4\u00e4 kotikaupungissaan Vilnassa.\" class=\"wp-image-2153300 awpo-lqip awpo-lazy\" width=\"1333\" height=\"2000\" style=\"--aspect-ratio: 0.67\" src=\"https:\/\/www.europesays.com\/fi\/wp-content\/uploads\/2026\/05\/vilna6.jpg\"\/><\/a><br \/>\n      Mrte ja Marijus Navickas viett\u00e4v\u00e4t romanttista perjantaip\u00e4iv\u00e4\u00e4 kotikaupungissaan Vilnassa.      <\/p>\n<p>          \u00a9 Ville Vanhala        <\/p>\n<p>Lis\u00e4\u00e4 Vilna-vinkkej\u00e4: <a href=\"http:\/\/govilnius.lt\/visit-vilnius\" target=\"_blank\" rel=\"noreferrer noopener nofollow\">govilnius.lt\/visit-vilnius <\/a><\/p>\n","protected":false},"excerpt":{"rendered":"Pikajuna Tallinnasta kohti Liettuan p\u00e4\u00e4kaupunkia Vilnaa l\u00e4htee laiturilta numero nelj\u00e4. Aurinko paistaa kirkkaalta taivaalta, mutta pureva viima k\u00e4y&hellip;\n","protected":false},"author":2,"featured_media":259225,"comment_status":"","ping_status":"","sticky":false,"template":"","format":"standard","meta":{"footnotes":"","_share_on_mastodon":"0"},"categories":[14],"tags":[4362,22,23,26,27,33,31,30,17,24,25,8251,28,29,1478,15,18,21,32,3129,19,20,56,16,59,60,61],"class_list":["post-259224","post","type-post","status-publish","format-standard","has-post-thumbnail","category-ulkomaat","tag-baltia","tag-breaking-news","tag-breakingnews","tag-featured-news","tag-featurednews","tag-fi","tag-finland","tag-finnish","tag-headlines","tag-latest-news","tag-latestnews","tag-liettua","tag-main-news","tag-mainnews","tag-matkailu","tag-news","tag-otsikot","tag-paauutiset","tag-suomi","tag-tallinna","tag-top-stories","tag-topstories","tag-ulkomaat","tag-uutiset","tag-world","tag-world-news","tag-worldnews"],"share_on_mastodon":{"url":"https:\/\/pubeurope.com\/@fi\/116643937187041134","error":""},"_links":{"self":[{"href":"https:\/\/www.europesays.com\/fi\/wp-json\/wp\/v2\/posts\/259224","targetHints":{"allow":["GET"]}}],"collection":[{"href":"https:\/\/www.europesays.com\/fi\/wp-json\/wp\/v2\/posts"}],"about":[{"href":"https:\/\/www.europesays.com\/fi\/wp-json\/wp\/v2\/types\/post"}],"author":[{"embeddable":true,"href":"https:\/\/www.europesays.com\/fi\/wp-json\/wp\/v2\/users\/2"}],"replies":[{"embeddable":true,"href":"https:\/\/www.europesays.com\/fi\/wp-json\/wp\/v2\/comments?post=259224"}],"version-history":[{"count":0,"href":"https:\/\/www.europesays.com\/fi\/wp-json\/wp\/v2\/posts\/259224\/revisions"}],"wp:featuredmedia":[{"embeddable":true,"href":"https:\/\/www.europesays.com\/fi\/wp-json\/wp\/v2\/media\/259225"}],"wp:attachment":[{"href":"https:\/\/www.europesays.com\/fi\/wp-json\/wp\/v2\/media?parent=259224"}],"wp:term":[{"taxonomy":"category","embeddable":true,"href":"https:\/\/www.europesays.com\/fi\/wp-json\/wp\/v2\/categories?post=259224"},{"taxonomy":"post_tag","embeddable":true,"href":"https:\/\/www.europesays.com\/fi\/wp-json\/wp\/v2\/tags?post=259224"}],"curies":[{"name":"wp","href":"https:\/\/api.w.org\/{rel}","templated":true}]}}