{"id":259323,"date":"2026-05-27T04:24:16","date_gmt":"2026-05-27T04:24:16","guid":{"rendered":"https:\/\/www.europesays.com\/fi\/259323\/"},"modified":"2026-05-27T04:24:16","modified_gmt":"2026-05-27T04:24:16","slug":"oskari-katajisto-suuteli-kaunotarta-salakuvat","status":"publish","type":"post","link":"https:\/\/www.europesays.com\/fi\/259323\/","title":{"rendered":"Oskari Katajisto suuteli kaunotarta \u2013 salakuvat!"},"content":{"rendered":"<p>            Pasi Murto\n        <\/p>\n<p class=\"subtitle \">Oskarilla on kev\u00e4tt\u00e4 rinnassa.<\/p>\n<p class=\"article-content article-content-width !bg-background\">1990-luvun ykk\u00f6skomistus  ei juuri en\u00e4\u00e4 valokeilassa viihdy. Alkuvuodesta kuuskymppisi\u00e4\u00e4n viett\u00e4nyt n\u00e4yttelij\u00e4 on rauhoittunut raikulivuosistaan huomattavasti, eik\u00e4 miehen naiskuvioista en\u00e4\u00e4 pahemmin otsikoita revit\u00e4.\u00a0<\/p>\n<p class=\"font-weight-bold m-font-weight-bold article-content article-content-width !bg-background\">Videolla Oskari Katajisto kertoo el\u00e4m\u00e4ntaparemontistaan:\u00a0<\/p>\n<p class=\"article-content article-content-width !bg-background\">Kes\u00e4n korvalla Oskarikin on kuitenkin kaivautunut pes\u00e4kolostaan ihmisten ilmoille. Seiskan tarkkaavainen lukija kohtasi niin tv:st\u00e4, elokuvista kuin teatteristakin tutun t\u00e4hden Helsingin J\u00e4tk\u00e4saaressa sateisena perjantaina.\u00a0<\/p>\n<p>Koiran ulkoilutusta ja romantiikkaa<\/p>\n<p class=\"article-content article-content-width !bg-background\">P\u00e4\u00e4kaupunkia on viime aikoina hellinyt varsin kes\u00e4inen s\u00e4\u00e4. Oskarilla oli ulkoilulle kuitenkin my\u00f6s toinen syy. H\u00e4nell\u00e4 oli reippailuseuranaan pienikokoinen koira, jonka kanssa Oskarilla n\u00e4ytti olevan antoisaa.\u00a0<\/p>\n<p class=\"article-content article-content-width !bg-background\">Oskari ja hurtta eiv\u00e4t olleet liikkeell\u00e4 kaksin. Mukana oli my\u00f6s muuan blondi, jonka seurassa n\u00e4yttelij\u00e4 vaikuttaisi viihtyv\u00e4 viel\u00e4 koiraakin paremmin.\u00a0<\/p>\n<p class=\"article-content article-content-width !bg-background\">\u2013 He nauroivat niin kovaan \u00e4\u00e4neen, ett\u00e4 remakka kuului kuulokkeiden l\u00e4pi.<\/p>\n<p class=\"article-content article-content-width !bg-background\">\u2013\u00a0Oskari ja blondi juttelivat reippaasti ja pussailivat sek\u00e4 syleiliv\u00e4t toisiaan tihkussa, Helsingin kaduilta kuiskitaan.\u00a0<\/p>\n<p>        <a itemprop=\"url\" href=\"https:\/\/www.seiska.fi\/vain-seiskassa\/seiska-loysi-oskari-katajiston-talta-konkarinayttelija-nayttaa-nyt-paparazzikuvat\/1939255\" rel=\"nofollow noopener\" target=\"_blank\"><\/p>\n<p>\nPaparazzikuvat!\n<\/p>\n<p class=\"section-date\">\n        <strong class=\"article-section\" data-section=\"vain seiskassa\"><br \/>\n            vain seiskassa<br \/>\n        <\/strong><br \/>\n        28.9.2025 08:00\n    <\/p>\n<p>Seiska l\u00f6ysi Oskari Katajiston! T\u00e4lt\u00e4 konkarin\u00e4yttelij\u00e4 n\u00e4ytt\u00e4\u00e4 nyt \u2013 paparazzikuvat!\n    <\/p>\n<p itemprop=\"description\" class=\"subtitle \">\n    Takavuosien seurapiirikasvo seikkaili helsinkil\u00e4isess\u00e4 l\u00e4hi\u00f6ss\u00e4.\n<\/p>\n<p>        <\/a><\/p>\n<p>                <img decoding=\"async\" src=\"https:\/\/www.europesays.com\/fi\/wp-content\/uploads\/2026\/05\/2161807.webp\" width=\"576\" height=\"773\" alt=\"Seiskan lukija todisti n\u00e4yttelij\u00e4n ja kaunottaren hempe\u00e4\u00e4 hetke\u00e4.\" loading=\"lazy\" \/>            <\/p>\n<p>\n            Seiskan lukija todisti n\u00e4yttelij\u00e4n ja kaunottaren hempe\u00e4\u00e4 hetke\u00e4.<br \/>\n            Seiskan lukija\n        <\/p>\n<p>Tuttu rakas<\/p>\n<p class=\"article-content article-content-width !bg-background\">Seiskan toimituksessa vaalea kaunotar tunnistettiin nopeasti Oskarin -rakkaaksi.\u00a0<\/p>\n<p class=\"article-content article-content-width !bg-background\">Kaksikon suhde on ollut vaiheikas. Pariskunta asteli alttarille ensimm\u00e4isen kerran vuonna 2014, mutta ero koitti alle vuoden kuluttua h\u00e4ist\u00e4.\u00a0<\/p>\n<p class=\"article-content article-content-width !bg-background\">V\u00e4lirikko ei kuitenkaan ollut pysyv\u00e4. <a href=\"https:\/\/www.seiska.fi\/kotimaa\/talvella-uudestaan-naimisiin-menevat-oskari-katajisto-ja-sanna-rakas-selattivat-vaikeudet-muutimme-keskelle-korpea\/1731038\" target=\"_blank\" rel=\"nofollow noopener\">Seiska uutisoi syksyll\u00e4 2018 Oskarin ja Sannan palanneen kaikessa hiljaisuudessa yhteen<\/a>. Rakastavaiset olivat my\u00f6s kihlautuneet uudelleen ja suunnittelivat h\u00e4it\u00e4 seuraavalle helmikuulle.\u00a0<\/p>\n<p class=\"article-content article-content-width !bg-background\">\u2013\u00a0Vihkiminen tapahtuu maistraatissa. Naimisiin meneminen on meille t\u00e4rke\u00e4 juttu, koska meill\u00e4 on ollut vuosien saatossa vaikeaa. Emme ole kuitenkaan p\u00e4\u00e4sseet miss\u00e4\u00e4n vaiheessa toisistamme eroon. Olemme sel\u00e4tt\u00e4neet vaikeudet ja ymm\u00e4rt\u00e4neet, mist\u00e4 ongelmat ovat syntyneet, Oskari kertoi tuolloin.\u00a0<\/p>\n<p>        <a itemprop=\"url\" href=\"https:\/\/www.seiska.fi\/kotimaa\/oskari-katajistolla-tuskainen-lemmenloma-paljonkertovat-kuvat\/268608\" rel=\"nofollow noopener\" target=\"_blank\"><\/p>\n<p>\nKATSO KUVAT\n<\/p>\n<p class=\"section-date\">\n        <strong class=\"article-section\" data-section=\"kotimaa\"><br \/>\n            kotimaa<br \/>\n        <\/strong><br \/>\n        2.7.2022 18:30\n    <\/p>\n<p>Oskari Katajistolla tuskainen lemmenloma \u2013 paljonkertovat kuvat!\n    <\/p>\n<p>        <\/a><\/p>\n<p>                <img decoding=\"async\" src=\"https:\/\/www.europesays.com\/fi\/wp-content\/uploads\/2026\/05\/2161803.webp\" width=\"576\" height=\"1037\" alt=\"Muisks!\" loading=\"lazy\" \/>            <\/p>\n<p>\n            Muisks!<br \/>\n            Seiskan lukija\n        <\/p>\n","protected":false},"excerpt":{"rendered":"Pasi Murto Oskarilla on kev\u00e4tt\u00e4 rinnassa. 1990-luvun ykk\u00f6skomistus ei juuri en\u00e4\u00e4 valokeilassa viihdy. Alkuvuodesta kuuskymppisi\u00e4\u00e4n viett\u00e4nyt n\u00e4yttelij\u00e4 on&hellip;\n","protected":false},"author":2,"featured_media":259324,"comment_status":"","ping_status":"","sticky":false,"template":"","format":"standard","meta":{"footnotes":"","_share_on_mastodon":"0"},"categories":[130],"tags":[137,33,31,30,4478,3434,3427,12031,2927,6251,6249,35683,35684,651,32,12215,109],"class_list":["post-259323","post","type-post","status-publish","format-standard","has-post-thumbnail","category-viihde","tag-entertainment","tag-fi","tag-finland","tag-finnish","tag-kaak","tag-koira","tag-lemmikki","tag-oskari-katajisto","tag-puoliso","tag-pusu","tag-salakuva","tag-sanna-katajisto","tag-sanna-vaahti","tag-suhteet","tag-suomi","tag-suudelma","tag-viihde"],"share_on_mastodon":{"url":"https:\/\/pubeurope.com\/@fi\/116644640656398145","error":""},"_links":{"self":[{"href":"https:\/\/www.europesays.com\/fi\/wp-json\/wp\/v2\/posts\/259323","targetHints":{"allow":["GET"]}}],"collection":[{"href":"https:\/\/www.europesays.com\/fi\/wp-json\/wp\/v2\/posts"}],"about":[{"href":"https:\/\/www.europesays.com\/fi\/wp-json\/wp\/v2\/types\/post"}],"author":[{"embeddable":true,"href":"https:\/\/www.europesays.com\/fi\/wp-json\/wp\/v2\/users\/2"}],"replies":[{"embeddable":true,"href":"https:\/\/www.europesays.com\/fi\/wp-json\/wp\/v2\/comments?post=259323"}],"version-history":[{"count":0,"href":"https:\/\/www.europesays.com\/fi\/wp-json\/wp\/v2\/posts\/259323\/revisions"}],"wp:featuredmedia":[{"embeddable":true,"href":"https:\/\/www.europesays.com\/fi\/wp-json\/wp\/v2\/media\/259324"}],"wp:attachment":[{"href":"https:\/\/www.europesays.com\/fi\/wp-json\/wp\/v2\/media?parent=259323"}],"wp:term":[{"taxonomy":"category","embeddable":true,"href":"https:\/\/www.europesays.com\/fi\/wp-json\/wp\/v2\/categories?post=259323"},{"taxonomy":"post_tag","embeddable":true,"href":"https:\/\/www.europesays.com\/fi\/wp-json\/wp\/v2\/tags?post=259323"}],"curies":[{"name":"wp","href":"https:\/\/api.w.org\/{rel}","templated":true}]}}