{"id":259996,"date":"2026-05-27T21:54:18","date_gmt":"2026-05-27T21:54:18","guid":{"rendered":"https:\/\/www.europesays.com\/fi\/259996\/"},"modified":"2026-05-27T21:54:18","modified_gmt":"2026-05-27T21:54:18","slug":"hallan-saunamaailma-myytiin-30-000-eurolla-kainuu","status":"publish","type":"post","link":"https:\/\/www.europesays.com\/fi\/259996\/","title":{"rendered":"Hallan Saunamaailma myytiin 30 000 eurolla | Kainuu"},"content":{"rendered":"<p class=\"aw__sc-1qwuw0s-0 aw__sc-1vg2sqm-0 epAWpq ecELkD yle__article__paragraph\">Hyrynsalmen kunnanhallitus hyv\u00e4ksyi eilen Hallan Saunamaailman myynnin 30 000 euron kauppahinnalla. Ostaja on Starfinance oy:n omistama kiinteist\u00f6\u00adosakeyhti\u00f6.<\/p>\n<p><img decoding=\"async\" alt=\"Sauna.\" src=\"https:\/\/www.europesays.com\/fi\/wp-content\/uploads\/2026\/05\/1589969505.jpeg\" class=\"aw__sc-dklauk-0 LPzKX\"\/><\/p>\n<p>Avaa kuvien katselu<\/p>\n<p>Hallan Saunmaailma oli myynniss\u00e4 huutokauppasivulla, jossa kohdetta k\u00e4vi katsomassa l\u00e4hes 9 000 kiinnostunutta. Kuva: Jarmo Nuotio \/ Yle <\/p>\n<p class=\"aw__sc-1qwuw0s-0 aw__sc-ngllmo-0 epAWpq fzYpjk yle__article__paragraph\">Hyrynsalmen kunnanhallitus p\u00e4\u00e4tti tiistaina antaa kunnanjohtajalle oikeuden neuvotella kauppakirja Hallan Saunamaailman myyntiin 30 000 euron kauppahinnalla. Ostaja on Starfinance Oy:n omistama kiinteist\u00f6osakeyhti\u00f6.<\/p>\n<p class=\"aw__sc-1qwuw0s-0 aw__sc-ngllmo-0 epAWpq fzYpjk yle__article__paragraph\">Kolmenkymmen tuhannen euron kauppahinnalla saa kylpyl\u00e4rakennuksen terassialueineen ja yhdysk\u00e4yt\u00e4vineen sek\u00e4 piha-alueella sijaitsevan kelosaunan ja muut rakennelmat.<\/p>\n<p class=\"aw__sc-1qwuw0s-0 aw__sc-ngllmo-0 epAWpq fzYpjk yle__article__paragraph\">Samalla kunta vuokraa kiinti\u00f6n maa-alueen 50 vuodeksi samalle yhti\u00f6lle.<\/p>\n<p class=\"aw__sc-1qwuw0s-0 aw__sc-ngllmo-0 epAWpq fzYpjk yle__article__paragraph\">Starfinancen taustalla on liikemies <strong class=\"aw__sc-ngllmo-2 gdRrun yle__article__strong\">Kimmo Kyh\u00e4l\u00e4<\/strong>, joka on pitk\u00e4\u00e4n toiminut Ukkohallan alueella eri teht\u00e4viss\u00e4.<\/p>\n<p class=\"aw__sc-1qwuw0s-0 aw__sc-ngllmo-0 epAWpq fzYpjk yle__article__paragraph\">Saunamaailma oli myynniss\u00e4 huutokaupat.com -palvelussa helmi\u2013huhtikuussa. Kohde her\u00e4tti runsaasti kiinnostusta, ja huutokauppasivulla vieraili l\u00e4hes 9 000 kiinnostunutta. M\u00e4\u00e4r\u00e4aikaan menness\u00e4 saatiin yhteens\u00e4 14 tarjousta, joista Starfinancen tarjous oli korkein.<\/p>\n<p class=\"aw__sc-1qwuw0s-0 aw__sc-ngllmo-0 epAWpq fzYpjk yle__article__paragraph\">Maanvuokrasopimus astuu voimaan, kun Hallan Saunamaailman kiinteist\u00f6kauppa on toteutunut ja lainvoimainen. Kauppakirja tuodaan viel\u00e4 erikseen kunnanhallituksen hyv\u00e4ksytt\u00e4v\u00e4ksi.<\/p>\n","protected":false},"excerpt":{"rendered":"Hyrynsalmen kunnanhallitus hyv\u00e4ksyi eilen Hallan Saunamaailman myynnin 30 000 euron kauppahinnalla. Ostaja on Starfinance oy:n omistama kiinteist\u00f6\u00adosakeyhti\u00f6. Avaa&hellip;\n","protected":false},"author":2,"featured_media":259997,"comment_status":"","ping_status":"","sticky":false,"template":"","format":"standard","meta":{"footnotes":"","_share_on_mastodon":"0"},"categories":[76],"tags":[79,77,33,31,30,29767,723,1833,2349,8754,32,78],"class_list":["post-259996","post","type-post","status-publish","format-standard","has-post-thumbnail","category-talous","tag-business","tag-economy","tag-fi","tag-finland","tag-finnish","tag-hyrynsalmi","tag-kainuu","tag-kunnat","tag-myynti","tag-saunat","tag-suomi","tag-talous"],"share_on_mastodon":{"url":"https:\/\/pubeurope.com\/@fi\/116648769682829939","error":""},"_links":{"self":[{"href":"https:\/\/www.europesays.com\/fi\/wp-json\/wp\/v2\/posts\/259996","targetHints":{"allow":["GET"]}}],"collection":[{"href":"https:\/\/www.europesays.com\/fi\/wp-json\/wp\/v2\/posts"}],"about":[{"href":"https:\/\/www.europesays.com\/fi\/wp-json\/wp\/v2\/types\/post"}],"author":[{"embeddable":true,"href":"https:\/\/www.europesays.com\/fi\/wp-json\/wp\/v2\/users\/2"}],"replies":[{"embeddable":true,"href":"https:\/\/www.europesays.com\/fi\/wp-json\/wp\/v2\/comments?post=259996"}],"version-history":[{"count":0,"href":"https:\/\/www.europesays.com\/fi\/wp-json\/wp\/v2\/posts\/259996\/revisions"}],"wp:featuredmedia":[{"embeddable":true,"href":"https:\/\/www.europesays.com\/fi\/wp-json\/wp\/v2\/media\/259997"}],"wp:attachment":[{"href":"https:\/\/www.europesays.com\/fi\/wp-json\/wp\/v2\/media?parent=259996"}],"wp:term":[{"taxonomy":"category","embeddable":true,"href":"https:\/\/www.europesays.com\/fi\/wp-json\/wp\/v2\/categories?post=259996"},{"taxonomy":"post_tag","embeddable":true,"href":"https:\/\/www.europesays.com\/fi\/wp-json\/wp\/v2\/tags?post=259996"}],"curies":[{"name":"wp","href":"https:\/\/api.w.org\/{rel}","templated":true}]}}