{"id":26000,"date":"2025-09-05T02:45:10","date_gmt":"2025-09-05T02:45:10","guid":{"rendered":"https:\/\/www.europesays.com\/fi\/26000\/"},"modified":"2025-09-05T02:45:10","modified_gmt":"2025-09-05T02:45:10","slug":"meri-lapissa-raskaan-liikenteen-tehoiskussa-torkeitakin-juttuja-tama-oli-suomalaisten-rekkojen-osuus","status":"publish","type":"post","link":"https:\/\/www.europesays.com\/fi\/26000\/","title":{"rendered":"Meri-Lapissa raskaan liikenteen tehoiskussa t\u00f6rkeit\u00e4kin juttuja &#8211; t\u00e4m\u00e4 oli suomalaisten rekkojen osuus"},"content":{"rendered":"<p>Meri-Lapin alueella suoritettiin kahtena p\u00e4iv\u00e4n\u00e4 Lapin ja Oulun poliisilaitosten raskaan liikenteen valvontaisku.<\/p>\n<p>Noin puolet tarkastetuista kuljetuksista sai maksullisen seuraamuksen.<\/p>\n<p>Sattumanvaraisesti tarkastukseen otetut kuljetukset tarkastettiin teknisen kunnon, kuormituksen, ajo- ja lepoaikojen sek\u00e4 ajopiirturin k\u00e4yt\u00f6n osalta. Eniten seuraamuksia tuli ajo- ja lepoajoista, ajopiirturin virheellisest\u00e4 k\u00e4yt\u00f6st\u00e4 sek\u00e4 kuntopuutteista. Tarkastettuja kuljetuksia oli 77 kappaletta, joista ulkomaalaisten kuljetusten osuus oli noin 15 prosenttia.<\/p>\n<p>Muutamasta ajoneuvosta poistettiin rekisterikilvet kuntopuutteiden vuoksi. Yhdess\u00e4 per\u00e4vaunussa oli yhdelt\u00e4 akselilta poistettu jarrupalat vioittuneen jarrulevyn vuoksi. T\u00e4llaiset toimet osoittavat poliisin mukaan selke\u00e4\u00e4 tahallisuutta, jossa ajoneuvoa ei korjata liikenteeseen vaan yritet\u00e4\u00e4n est\u00e4\u00e4 vian vaikutus ajamiseen.<\/p>\n<p>Lis\u00e4ksi valvonnassa l\u00f6ytyi ajokiellossa ollut kuljettaja, jolla ei ollut kuljettajakorttia k\u00e4yt\u00f6ss\u00e4 ajopiirturissa, ja liikennelupakaan ei ollut voimassa.<\/p>\n<p>Kaiken kaikkiaan ajoneuvot olivat paremmassa kunnossa kuin edellisess\u00e4 vastaavassa valvontaiskussa.<\/p>\n<p>Lue my\u00f6s: <a href=\"https:\/\/www.como.fi\/tilaa-comon-uutiskirje\/\" title=\"Tilaa Comon uutiskirje ja tied\u00e4t mist\u00e4 kahvitauolla puhutaan! Nappaa kotimaan tv-vinkit ja puheenaiheet suoraan s\u00e4hk\u00f6postiin t\u00e4st\u00e4.\" class=\"underline-custom !font-montserrat !font-bold !underline-offset-4 !decoration-4 !decoration-red-600 !text-md\" rel=\"nofollow noopener\" target=\"_blank\">Tilaa Comon uutiskirje ja tied\u00e4t mist\u00e4 kahvitauolla puhutaan! Nappaa kotimaan tv-vinkit ja puheenaiheet suoraan s\u00e4hk\u00f6postiin t\u00e4st\u00e4.<\/a><\/p>\n","protected":false},"excerpt":{"rendered":"Meri-Lapin alueella suoritettiin kahtena p\u00e4iv\u00e4n\u00e4 Lapin ja Oulun poliisilaitosten raskaan liikenteen valvontaisku. Noin puolet tarkastetuista kuljetuksista sai maksullisen&hellip;\n","protected":false},"author":2,"featured_media":8827,"comment_status":"","ping_status":"","sticky":false,"template":"","format":"standard","meta":{"footnotes":""},"categories":[76],"tags":[79,77,33,31,30,52,32,78],"class_list":{"0":"post-26000","1":"post","2":"type-post","3":"status-publish","4":"format-standard","5":"has-post-thumbnail","7":"category-talous","8":"tag-business","9":"tag-economy","10":"tag-fi","11":"tag-finland","12":"tag-finnish","13":"tag-poliisi","14":"tag-suomi","15":"tag-talous"},"share_on_mastodon":{"url":"","error":""},"_links":{"self":[{"href":"https:\/\/www.europesays.com\/fi\/wp-json\/wp\/v2\/posts\/26000","targetHints":{"allow":["GET"]}}],"collection":[{"href":"https:\/\/www.europesays.com\/fi\/wp-json\/wp\/v2\/posts"}],"about":[{"href":"https:\/\/www.europesays.com\/fi\/wp-json\/wp\/v2\/types\/post"}],"author":[{"embeddable":true,"href":"https:\/\/www.europesays.com\/fi\/wp-json\/wp\/v2\/users\/2"}],"replies":[{"embeddable":true,"href":"https:\/\/www.europesays.com\/fi\/wp-json\/wp\/v2\/comments?post=26000"}],"version-history":[{"count":0,"href":"https:\/\/www.europesays.com\/fi\/wp-json\/wp\/v2\/posts\/26000\/revisions"}],"wp:featuredmedia":[{"embeddable":true,"href":"https:\/\/www.europesays.com\/fi\/wp-json\/wp\/v2\/media\/8827"}],"wp:attachment":[{"href":"https:\/\/www.europesays.com\/fi\/wp-json\/wp\/v2\/media?parent=26000"}],"wp:term":[{"taxonomy":"category","embeddable":true,"href":"https:\/\/www.europesays.com\/fi\/wp-json\/wp\/v2\/categories?post=26000"},{"taxonomy":"post_tag","embeddable":true,"href":"https:\/\/www.europesays.com\/fi\/wp-json\/wp\/v2\/tags?post=26000"}],"curies":[{"name":"wp","href":"https:\/\/api.w.org\/{rel}","templated":true}]}}