{"id":26001,"date":"2025-09-05T02:46:08","date_gmt":"2025-09-05T02:46:08","guid":{"rendered":"https:\/\/www.europesays.com\/fi\/26001\/"},"modified":"2025-09-05T02:46:08","modified_gmt":"2025-09-05T02:46:08","slug":"teneriffa-varautuu-pahimpaan","status":"publish","type":"post","link":"https:\/\/www.europesays.com\/fi\/26001\/","title":{"rendered":"Teneriffa varautuu pahimpaan"},"content":{"rendered":"<p>Teneriffalla j\u00e4rjestet\u00e4\u00e4n saaren historian suurin harjoitus, jonka tarkoituksena on valmistautua mahdolliseen tulivuorenpurkaukseen.<\/p>\n<p><img decoding=\"async\" class=\"image image-show image-preview\" src=\"https:\/\/www.europesays.com\/fi\/wp-content\/uploads\/2025\/09\/5f87549fbb9f0acad6aa31a44799ed33d16004364aa06dcccb15b0ebc1e5ab39.jpg\" alt=\"\"\/><img decoding=\"async\" class=\"image image-show\" src=\"https:\/\/www.europesays.com\/fi\/wp-content\/uploads\/2025\/09\/1757040368_555_5f87549fbb9f0acad6aa31a44799ed33d16004364aa06dcccb15b0ebc1e5ab39.jpg\" alt=\"\"\/><\/p>\n<p>Teneriffan saarella sijaitsevalla Teide-tulivuorella on havaittu elokuun lopussa maanpinnan v\u00e4r\u00e4htely\u00e4. EPA \/ AOP<\/p>\n<p class=\"paragraph\">Kanariansaarten Teneriffalla varaudutaan mahdolliseen tulivuorenpurkaukseen, kun saarella j\u00e4rjestet\u00e4\u00e4n t\u00e4h\u00e4n menness\u00e4 suurin tulivuorenpurkauksen aiheuttamaa h\u00e4t\u00e4tilaa simuloiva harjoitus, kertoo paikallismedia <a href=\"https:\/\/www.canarianweekly.com\/posts\/Tenerife-to-carry-out-largest-ever-volcanic-eruption-drill\" target=\"_blank\" rel=\"noopener nofollow\">Canarian Weekly<\/a>.<\/p>\n<p class=\"paragraph\">Harjoituksessa on mukana yli 1\u00a0000 osallistujaa h\u00e4t\u00e4- ja pelastuspalveluista sek\u00e4 tieteellisist\u00e4 organisaatioista. Harjoitus j\u00e4rjestet\u00e4\u00e4n Garachicon kaupungin alueella 22.\u201326. syyskuuta.<\/p>\n<p class=\"paragraph\">Kanariansaarten vulkanologian instituutin (Involcan) mukaan suurin riski tulivuorenpurkaukselle on juuri Garachicon alueella. Garachicon l\u00e4hell\u00e4 sijaitsee turistien suosima Teiden kansallispuisto.<\/p>\n<p class=\"paragraph\">Teneriffan valtuuston puheenjohtaja <strong>Rosa D\u00e1vila<\/strong> vakuuttaa, ett\u00e4 v\u00e4lit\u00f6nt\u00e4 riski\u00e4 tulivuorenpurkaukselle ei ole. D\u00e1vilan mukaan on kuitenkin t\u00e4rke\u00e4\u00e4, ett\u00e4 saarella ollaan valmistautuneita kaikkiin mahdollisiin skenaarioihin.<\/p>\n<p class=\"paragraph\">\u2013 Kyse ei ole pelon lietsomisesta, vaan yhteisen strategian luomisesta ihmishenkien suojelemiseksi ja kansalaisten tiedottamiseksi, D\u00e1vila sanoi.<\/p>\n<p class=\"paragraph\">Harjoitus alkaa 22. syyskuuta kello 9, jolloin Teneriffan asukkaat saavat puhelimiinsa \u201dpunaista h\u00e4lytyst\u00e4\u201d simuloivan tekstiviestin tulivuorenpurkauksesta.<\/p>\n<p class=\"paragraph\">T\u00e4m\u00e4n j\u00e4lkeen Garachicossa j\u00e4rjestet\u00e4\u00e4n evakuointiharjoituksia. Operaation eri toimia koordinoi pelastustoimi, asevoimat, paikalliset viranomaiset ja Punainen Risti. Mukana ovat yliopistot sek\u00e4 kansalliset meteorologiset ja geofysiikan laitokset.<\/p>\n<p>Teneriffa on suosittu turistikohde, joten h\u00e4t\u00e4tilaan valmistautumisessa on otettu huomioon my\u00f6s turistien evakuointi. Kuvituskuva. EPA \/ AOP<\/p>\n<p>Riski tulivuorenpurkaukselle<\/p>\n<p class=\"paragraph\">Involcan on havainnut seismist\u00e4 aktiivisuutta saarella. Hiljattain Teide-tulivuorella on raportoitu 90 pienest\u00e4 maanj\u00e4ristyksest\u00e4, mutta ne eiv\u00e4t tutkijoiden mukaan liity v\u00e4litt\u00f6m\u00e4\u00e4n magman liikkeeseen.<\/p>\n<p class=\"paragraph\">Vulkanologi <strong>Luca D\u2019Aurian<\/strong> mukaan Teneriffa on edelleen \u201dvakaassa tilassa\u201d, mutta Teneriffa sijaitsee geologisesti aktiivisella alueella. Uusi purkaus saattaa tapahtua vuoden tai vuosisadan p\u00e4\u00e4st\u00e4, D\u2019Auria kertoo.<\/p>\n<p class=\"paragraph\">Riski tulivuorenpurkaukselle Teneriffalla on seuraavan 50 vuoden aikana noin 40 prosenttia.<\/p>\n<p class=\"paragraph\">\u2013 Riski kasvaa, ei siksi, ett\u00e4 tulivuori olisi aktiivisempi, vaan siksi, ett\u00e4 infrastruktuuria on enemm\u00e4n ja suurempi m\u00e4\u00e4r\u00e4 ihmisi\u00e4 on alttiina mahdollisille vaaroille, D\u2019Auria sanoo.<\/p>\n<p class=\"paragraph\">Viranomaiset korostivat, ett\u00e4 Teneriffa on investoinut voimakkaasti riskien ennaltaehk\u00e4isyyn ja valmiuteen.<\/p>\n<p class=\"paragraph\">Valmistautumiseen kuuluu haavoittuvaisessa asemassa olevien ihmisten tunnistaminen, huolehtiminen saaren el\u00e4imist\u00e4, suunnitelmat turistien evakuoimiseksi ja resilienssin yll\u00e4pito yhteiskunnan eri tasoilla.<\/p>\n","protected":false},"excerpt":{"rendered":"Teneriffalla j\u00e4rjestet\u00e4\u00e4n saaren historian suurin harjoitus, jonka tarkoituksena on valmistautua mahdolliseen tulivuorenpurkaukseen. Teneriffan saarella sijaitsevalla Teide-tulivuorella on havaittu&hellip;\n","protected":false},"author":2,"featured_media":26002,"comment_status":"","ping_status":"","sticky":false,"template":"","format":"standard","meta":{"footnotes":""},"categories":[14],"tags":[35,22,23,26,27,33,31,30,17,24,25,533,72,28,29,15,120,18,21,32,19,20,56,16,872,59,60,61,534],"class_list":{"0":"post-26001","1":"post","2":"type-post","3":"status-publish","4":"format-standard","5":"has-post-thumbnail","7":"category-ulkomaat","8":"tag-24h","9":"tag-breaking-news","10":"tag-breakingnews","11":"tag-featured-news","12":"tag-featurednews","13":"tag-fi","14":"tag-finland","15":"tag-finnish","16":"tag-headlines","17":"tag-latest-news","18":"tag-latestnews","19":"tag-luonnonkatastrofi","20":"tag-luonto","21":"tag-main-news","22":"tag-mainnews","23":"tag-news","24":"tag-onnettomuustapaus","25":"tag-otsikot","26":"tag-paauutiset","27":"tag-suomi","28":"tag-top-stories","29":"tag-topstories","30":"tag-ulkomaat","31":"tag-uutiset","32":"tag-vesistot","33":"tag-world","34":"tag-world-news","35":"tag-worldnews","36":"tag-ymparisto-ja-luonto"},"share_on_mastodon":{"url":"","error":""},"_links":{"self":[{"href":"https:\/\/www.europesays.com\/fi\/wp-json\/wp\/v2\/posts\/26001","targetHints":{"allow":["GET"]}}],"collection":[{"href":"https:\/\/www.europesays.com\/fi\/wp-json\/wp\/v2\/posts"}],"about":[{"href":"https:\/\/www.europesays.com\/fi\/wp-json\/wp\/v2\/types\/post"}],"author":[{"embeddable":true,"href":"https:\/\/www.europesays.com\/fi\/wp-json\/wp\/v2\/users\/2"}],"replies":[{"embeddable":true,"href":"https:\/\/www.europesays.com\/fi\/wp-json\/wp\/v2\/comments?post=26001"}],"version-history":[{"count":0,"href":"https:\/\/www.europesays.com\/fi\/wp-json\/wp\/v2\/posts\/26001\/revisions"}],"wp:featuredmedia":[{"embeddable":true,"href":"https:\/\/www.europesays.com\/fi\/wp-json\/wp\/v2\/media\/26002"}],"wp:attachment":[{"href":"https:\/\/www.europesays.com\/fi\/wp-json\/wp\/v2\/media?parent=26001"}],"wp:term":[{"taxonomy":"category","embeddable":true,"href":"https:\/\/www.europesays.com\/fi\/wp-json\/wp\/v2\/categories?post=26001"},{"taxonomy":"post_tag","embeddable":true,"href":"https:\/\/www.europesays.com\/fi\/wp-json\/wp\/v2\/tags?post=26001"}],"curies":[{"name":"wp","href":"https:\/\/api.w.org\/{rel}","templated":true}]}}