{"id":260188,"date":"2026-05-28T03:21:12","date_gmt":"2026-05-28T03:21:12","guid":{"rendered":"https:\/\/www.europesays.com\/fi\/260188\/"},"modified":"2026-05-28T03:21:12","modified_gmt":"2026-05-28T03:21:12","slug":"shirly-karvinen-ja-ahti-peltonen-sopoilivat-avoimesti-salakuvat","status":"publish","type":"post","link":"https:\/\/www.europesays.com\/fi\/260188\/","title":{"rendered":"Shirly Karvinen ja Ahti Peltonen s\u00f6p\u00f6iliv\u00e4t avoimesti: Salakuvat!"},"content":{"rendered":"<p>            <img decoding=\"async\" src=\"https:\/\/www.europesays.com\/fi\/wp-content\/uploads\/2026\/05\/2161992.webp\" width=\"620\" height=\"349\" title=\"Salakuvat! Shirly Karvinen ja Ahti Peltonen s\u00f6p\u00f6iliv\u00e4t avoimesti\" alt=\"Shirly karvinen ja ahti peltonen k-ruokakaupassa.\"  fetchpriority=\"high\"\/>        <\/p>\n<p>\n            Shirly karvinen ja ahti peltonen k-ruokakaupassa.<br \/>\n            Seiskan lukija, Seiskan arkisto, Timo Korhonen, Warner\n        <\/p>\n<p class=\"subtitle \">Kev\u00e4\u00e4n puhutuin pari ei peitellyt tunteitaan.<\/p>\n<p class=\"article-content article-content-width !bg-background\">Seiskan lukija havaitsi viime viikon sunnuntaina, kuinka <a alt=\"Haku\" class=\"text-primary-red font-extrabold\" href=\"https:\/\/www.seiska.fi\/haku?q=Shirly\" rel=\"nofollow noopener\" target=\"_blank\">Shirly<\/a> <a alt=\"Haku\" class=\"text-primary-red font-extrabold\" href=\"https:\/\/www.seiska.fi\/haku?q=Karvinen\" rel=\"nofollow noopener\" target=\"_blank\">Karvinen<\/a> ja <a alt=\"Haku\" class=\"text-primary-red font-extrabold\" href=\"https:\/\/www.seiska.fi\/haku?q=Ahti\" rel=\"nofollow noopener\" target=\"_blank\">Ahti<\/a> <a alt=\"Haku\" class=\"text-primary-red font-extrabold\" href=\"https:\/\/www.seiska.fi\/haku?q=Peltonen\" rel=\"nofollow noopener\" target=\"_blank\">Peltonen<\/a> piipahtivat espoolaisessa K-Supermarketissa.<\/p>\n<p class=\"font-weight-bold m-font-weight-bold article-content article-content-width !bg-background\">Arkistovideo: T\u00e4llainen on Shirlyn ja Ahdin uusi koti<\/p>\n<p class=\"article-content article-content-width !bg-background\">Noin iltakahdeksan aikaan ostoksille l\u00e4htenyt pariskunta her\u00e4tti huomiota n\u00e4ytt\u00e4v\u00e4ll\u00e4 kuhertelullaan.<\/p>\n<p class=\"article-content article-content-width !bg-background\">\u2013 Shirly ja Ahti viihtyiv\u00e4t l\u00e4heisiss\u00e4 tunnelmissa heti autosta noustuttuaan.\u00a0<\/p>\n<p class=\"article-content article-content-width !bg-background\">\u2013 He ovat ihana pari ja vaikuttivat niin rakastuneilta, Seiskalle raportoidaan.<\/p>\n<p>                <img decoding=\"async\" src=\"https:\/\/www.europesays.com\/fi\/wp-content\/uploads\/2026\/05\/2162144.webp\" width=\"576\" height=\"591\" title=\"Shirly Karvinen ja Ahti Peltonen k\u00e4viv\u00e4t ostoksilla ruokakaupassa sunnuntai-iltana 24.5.\" alt=\"Shirly Karvinen ja Ahti Peltonen\" loading=\"lazy\" \/>            <\/p>\n<p>\n            Shirly Karvinen ja Ahti Peltonen k\u00e4viv\u00e4t ostoksilla ruokakaupassa sunnuntai-iltana 24.5.<br \/>\n            Seiskan lukija\n        <\/p>\n<p>                <img decoding=\"async\" src=\"https:\/\/www.europesays.com\/fi\/wp-content\/uploads\/2026\/05\/2162146.webp\" width=\"576\" height=\"639\" title=\"Shirly ja Ahti eiv\u00e4t malttaneet pit\u00e4\u00e4 n\u00e4ppej\u00e4\u00e4n erossa toisistaan.\" alt=\"Shirly Karvinen ja Ahti Peltonen kuvattuina K-Supermarketin sis\u00e4\u00e4nk\u00e4ynnill\u00e4.\" loading=\"lazy\" \/>            <\/p>\n<p>\n            Shirly ja Ahti eiv\u00e4t malttaneet pit\u00e4\u00e4 n\u00e4ppej\u00e4\u00e4n erossa toisistaan.<br \/>\n            Seiskan lukija\n        <\/p>\n<p>Avoliitto<\/p>\n<p class=\"article-content article-content-width !bg-background\">Shirly ja Ahti ovat olleet kev\u00e4\u00e4n puhutuimpia julkkispareja.<\/p>\n<p class=\"article-content article-content-width !bg-background\">Viime kes\u00e4st\u00e4 saakka yht\u00e4 pit\u00e4neet kyyhkyl\u00e4iset hankkivat taannoin yhteisen pes\u00e4kolon Espoon perukoilta, mets\u00e4alueen reunamilta.<\/p>\n<p class=\"article-content article-content-width !bg-background\">Seiskan tietojen mukaan Shirly ja Ahti maksoivat 158-neli\u00f6isest\u00e4 mustasta omakotitalosta kymmeni\u00e4 tuhansia euroja v\u00e4hemm\u00e4n kuin mit\u00e4 sen pyyntihinta alun perin oli.<\/p>\n<p class=\"article-content article-content-width !bg-background\">Shirly on my\u00f6s esitellyt uutta kotiaan sosiaalisessa mediassa.<\/p>\n<p>                <img decoding=\"async\" src=\"https:\/\/www.europesays.com\/fi\/wp-content\/uploads\/2026\/05\/2121168.webp\" width=\"576\" height=\"610\" alt=\"Arkistokuva Ahti Peltosesta ja Shirly Karvisesta.\" loading=\"lazy\" \/>            <\/p>\n<p>\n            Arkistokuva Ahti Peltosesta ja Shirly Karvisesta.<br \/>\n            Juhamatti Nieminen\n        <\/p>\n<p>&#8221;Olemme maalaissieluja&#8221;<\/p>\n<p class=\"article-content article-content-width !bg-background\">Shirly vieraili viime viikonloppuna\u00a0MTV:n <a href=\"https:\/\/www.mtv.fi\/lyhyet\/d304170fe5e73ae8afa2\/video-shirly-karvisella-isojen-elamanmuutosten-vuosi?playlist=auto_7f26814afbc512b3338f&amp;isAutoplay=false\" target=\"_blank\" rel=\"nofollow noopener\">Huomenta Suomen haastattelussa<\/a>. H\u00e4n puhui suhteestaan Ahtiin.<\/p>\n<p class=\"article-content article-content-width !bg-background\">\u2013 Asumme yhdess\u00e4 ja olemme yhdess\u00e4. H\u00e4n on avopuolisoni \u2013 ja oikein ihana ihminen.<\/p>\n<p class=\"article-content article-content-width !bg-background\">\u2013 Minusta tuntuu, ett\u00e4 olemme molemmat v\u00e4h\u00e4n sellaisia maalaissieluja: min\u00e4 olen Jyv\u00e4skyl\u00e4st\u00e4 ja h\u00e4n Porvoosta, Shirly mainitsi ohjelmassa.<\/p>\n","protected":false},"excerpt":{"rendered":"Shirly karvinen ja ahti peltonen k-ruokakaupassa. Seiskan lukija, Seiskan arkisto, Timo Korhonen, Warner Kev\u00e4\u00e4n puhutuin pari ei peitellyt&hellip;\n","protected":false},"author":2,"featured_media":260189,"comment_status":"","ping_status":"","sticky":false,"template":"","format":"standard","meta":{"footnotes":"","_share_on_mastodon":"0"},"categories":[136],"tags":[8139,3579,407,137,33,31,30,408,5265,1770,12364,6249,5457,32,109],"class_list":["post-260188","post","type-post","status-publish","format-standard","has-post-thumbnail","category-julkkikset","tag-ahti-peltonen","tag-arki","tag-celebrities","tag-entertainment","tag-fi","tag-finland","tag-finnish","tag-julkkikset","tag-lukijan-kuva","tag-ruoka_ja_juoma","tag-ruokakauppa","tag-salakuva","tag-shirly-karvinen","tag-suomi","tag-viihde"],"share_on_mastodon":{"url":"https:\/\/pubeurope.com\/@fi\/116650055464859592","error":""},"_links":{"self":[{"href":"https:\/\/www.europesays.com\/fi\/wp-json\/wp\/v2\/posts\/260188","targetHints":{"allow":["GET"]}}],"collection":[{"href":"https:\/\/www.europesays.com\/fi\/wp-json\/wp\/v2\/posts"}],"about":[{"href":"https:\/\/www.europesays.com\/fi\/wp-json\/wp\/v2\/types\/post"}],"author":[{"embeddable":true,"href":"https:\/\/www.europesays.com\/fi\/wp-json\/wp\/v2\/users\/2"}],"replies":[{"embeddable":true,"href":"https:\/\/www.europesays.com\/fi\/wp-json\/wp\/v2\/comments?post=260188"}],"version-history":[{"count":0,"href":"https:\/\/www.europesays.com\/fi\/wp-json\/wp\/v2\/posts\/260188\/revisions"}],"wp:featuredmedia":[{"embeddable":true,"href":"https:\/\/www.europesays.com\/fi\/wp-json\/wp\/v2\/media\/260189"}],"wp:attachment":[{"href":"https:\/\/www.europesays.com\/fi\/wp-json\/wp\/v2\/media?parent=260188"}],"wp:term":[{"taxonomy":"category","embeddable":true,"href":"https:\/\/www.europesays.com\/fi\/wp-json\/wp\/v2\/categories?post=260188"},{"taxonomy":"post_tag","embeddable":true,"href":"https:\/\/www.europesays.com\/fi\/wp-json\/wp\/v2\/tags?post=260188"}],"curies":[{"name":"wp","href":"https:\/\/api.w.org\/{rel}","templated":true}]}}