{"id":260257,"date":"2026-05-28T04:53:12","date_gmt":"2026-05-28T04:53:12","guid":{"rendered":"https:\/\/www.europesays.com\/fi\/260257\/"},"modified":"2026-05-28T04:53:12","modified_gmt":"2026-05-28T04:53:12","slug":"helsinkilaiskoulun-oppilas-koki-opettajan-puheen-epaasialliseksi-nauhoitti-puhetta-tunnilla-paikalliset","status":"publish","type":"post","link":"https:\/\/www.europesays.com\/fi\/260257\/","title":{"rendered":"Helsinkil\u00e4iskoulun oppilas koki opettajan puheen ep\u00e4asialliseksi \u2013 nauhoitti puhetta tunnilla | Paikalliset"},"content":{"rendered":"<p>Vesalan peruskoulua k\u00e4yv\u00e4n oppilaan vanhempien mielest\u00e4 opettaja on puhunut toistuvasti ep\u00e4asiallisesti osaa luokan oppilaita kohtaan tuntien aikana.<\/p>\n<p>T\u00e4st\u00e4 syyst\u00e4 lapsi nauhoitti opettajan puhetta.<\/p>\n<p><strong class=\"diks-storyline__impact\">Syy<\/strong> puheen nauhoittamiseen oli vanhempien mukaan se, ett\u00e4 vanhemmat eiv\u00e4t alkuun uskoneet, kun lapsi kertoi, mit\u00e4 opettaja tunnilla puhuu. Saadakseen vanhempansa uskomaan asian, alakouluik\u00e4inen lapsi nauhoitti opettajan puhetta tunnilla omalla k\u00e4nnyk\u00e4ll\u00e4\u00e4n.<\/p>\n<p>Ep\u00e4asiallinen ja loukkaava puhe kohdistui pojan vanhempien mukaan erityisesti joihinkin luokan maahanmuuttajataustaisiin oppilaisiin.<\/p>\n<p>Helsingin Uutiset on saanut haltuunsa \u00e4\u00e4nitallenteen, jossa opettaja vanhempien mukaan puhuu.<\/p>\n<p>Suomea murtaen puhuva opettaja toteaa tunnin aikana muun muassa, ett\u00e4 &#8221;M\u00e4 ihmettelen Suomen valtiota. Mink\u00e4 takia pit\u00e4\u00e4 niin paljon maksaa teid\u00e4n maahanmuutosta, ett\u00e4 sitten saadaan sellaisia ihmisi\u00e4, jotka eiv\u00e4t halua tehd\u00e4 mit\u00e4\u00e4n&#8221;.<\/p>\n<p>Heti per\u00e4\u00e4n opettaja sanoo, ett\u00e4 &#8221;El\u00e4m\u00e4 on hauskaa, ei tehd\u00e4 mit\u00e4\u00e4n&#8221;. Kommentilla opettaja kuvastaa lasten asennetta.<\/p>\n<p>Helsingin Uutiset on kuunnellut tallenteen, mutta sen alkuper\u00e4st\u00e4 ei ole t\u00e4ytt\u00e4 varmuutta.<\/p>\n<p><strong class=\"diks-storyline__impact\">Ep\u00e4asiallinen<\/strong> k\u00e4yt\u00f6s alkoi \u00e4idin mukaan viime syksyn\u00e4 noin kuukausi koulujen alkamisen j\u00e4lkeen. Edellisen\u00e4 vuonna oppilailla oli ollut toinen opettaja, eik\u00e4 ongelmia vanhempien mukaan ollut.<\/p>\n<p>\u2013\u2009Minulla on ollut kova huoli lapsesta, jos h\u00e4n kasvaa t\u00e4llaisessa ymp\u00e4rist\u00f6ss\u00e4, jossa on n\u00e4in kielteinen asenne, \u00e4iti toteaa Helsingin Uutisille.<\/p>\n<p>Vanhemmat kuvailevat lastaan rauhalliseksi ja sopeutuvaiseksi. Lapsi oli aiemmin viihtynyt koulussa, mutta opettajan asenteen my\u00f6t\u00e4 kouluun l\u00e4hteminen oli loppuvuodesta ollut ajoittain vaikeaa.<\/p>\n<p>Lapsi nauhoitti opettajan puhetta tunnilla tammikuussa.<\/p>\n<p><strong class=\"diks-storyline__impact\">\u00c4iti <\/strong>otti omien sanojensa mukaan yhteytt\u00e4 my\u00f6s kouluun, mutta koki, ettei saanut riitt\u00e4v\u00e4sti tukea koululta.<\/p>\n<p>Alkuvuodesta vanhemmat olivat yhteydess\u00e4 my\u00f6s kaupunginvaltuutettu <strong>Mahad Ahmediin<\/strong> (sd.) ja pyysiv\u00e4t t\u00e4lt\u00e4 neuvoa sek\u00e4 my\u00f6s tukea perheen tilanteeseen.<\/p>\n<p>Ahmed uskoo, ett\u00e4 \u00e4\u00e4ni nauhalla on opettajan ja ett\u00e4 nauha on tosi.<\/p>\n<p>\u2013\u2009Tunnen vanhemmat. Olen pit\u00e4nyt maahanmuuttajataustaisille vanhemmille p\u00e4ihdekoulutusta. Tunnen heid\u00e4t sit\u00e4 kautta.<\/p>\n<p>Koulutusta annetaan maahanmuuttajataustaisille vanhemmille liittyen nuorten mahdolliseen p\u00e4ihteidenk\u00e4ytt\u00f6\u00f6n.<\/p>\n<p>HU tapasi lapsen vanhemmat kulttuurikeskus Stoassa It\u00e4keskuksessa. Ahmed oli paikalla ja mukana tulkkaamassa vanhempien kanssa k\u00e4yty\u00e4 keskustelua.<\/p>\n<p><strong class=\"diks-storyline__impact\">My\u00f6s<\/strong> Ahmed oli s\u00e4hk\u00f6postitse yhteydess\u00e4 koulun vararehtoriin <strong>Tytti Toivaseen<\/strong> ja kertoi \u00e4\u00e4ninauhasta sek\u00e4 lapsen ajatuksista.<\/p>\n<p>Koulu ei vanhempien mukaan ottanut nauhaa kuunneltavakseen, vaikka siihen tarjottiin mahdollisuus. Ahmed kertoo vanhempien sanoneen n\u00e4in.<\/p>\n<p>Vararehtori vastasi Ahmedin s\u00e4hk\u00f6postiviestiin kiitt\u00e4en viestist\u00e4 ja huolen esiin tuomisesta. HU on n\u00e4hnyt Ahmedin koululle l\u00e4hett\u00e4m\u00e4n s\u00e4hk\u00f6postin.<\/p>\n<p>Toukokuun toiseksi viimeisell\u00e4 viikolla Ahmed kertoo l\u00e4hett\u00e4neens\u00e4 itse \u00e4\u00e4ninauhan koululle.<\/p>\n<p>\u2013\u2009Ajattelin, ett\u00e4 on t\u00e4rke\u00e4\u00e4, ett\u00e4 my\u00f6s he kuulevat asian suoraan nauhalta, koska kyse on vakavasta asiasta ja opettajan ep\u00e4asiallisesta k\u00e4yt\u00f6ksest\u00e4.<\/p>\n<p><strong class=\"diks-storyline__impact\">HU <\/strong>otti yhteytt\u00e4 vararehtoriin sek\u00e4 koulun rehtoriin <strong>Niina Halonen-Malliarakis,<\/strong> joka ei halunnut ottaa asiaan kantaa.<\/p>\n<p>\u2013 Yleisesti emme voi kommentoida yksitt\u00e4isen oppilaan asioita.<\/p>\n<p>Halonen-Malliarakis ei my\u00f6sk\u00e4\u00e4n vastannut yhteenk\u00e4\u00e4n HU:n esitt\u00e4m\u00e4\u00e4n kysymykseen, kuten, onko koulu kuunnelleet \u00e4\u00e4ninauhan, k\u00e4ytt\u00e4ytyik\u00f6 opettaja koulun mielest\u00e4 ep\u00e4asiallisesti ja miten koulu on puuttunut asiaan.<\/p>\n<p>It\u00e4isen suurpiirin perusopetuksen aluep\u00e4\u00e4llikk\u00f6 <strong>Katriina Aaltio<\/strong> puolestaan kertoo HU:lle, ett\u00e4 ei ole kuullut asiasta.<\/p>\n<p>\u2013\u2009Kouluarjen asiat eiv\u00e4t v\u00e4ltt\u00e4m\u00e4tt\u00e4 kantaudu korviini. Id\u00e4ss\u00e4 on 10 000 oppilasta, h\u00e4n toteaa s\u00e4hk\u00f6postilla.<\/p>\n<p>Aaltio ei my\u00f6sk\u00e4\u00e4n vastaa en\u00e4\u00e4 HU:n jatkokysymyksiin, kuten toimiko koulu oikein, jos \u00e4\u00e4ninauhaa ei haluttu kuunnella tai pit\u00e4isik\u00f6 t\u00e4llaisten tapausten tulla aluejohtajan tietoisuuteen.<\/p>\n<p>HU:lla on tiedossa tallenteella v\u00e4itetysti puhuvan opettajan henkil\u00f6llisyys. HU ei ole tavoittanut h\u00e4nt\u00e4 haastatteluun.<\/p>\n<p>Ahmed kertoo HU:lle, ett\u00e4 opettaja on my\u00f6s itse maahanmuuttajataustainen, mik\u00e4 tekee puheesta erityisen loukkaavaa ja h\u00e4iritsev\u00e4\u00e4.<\/p>\n<p>\u2013\u2009Se osoittaa selke\u00e4\u00e4 asenneongelmaa ja lapseen kohdistunutta syrjint\u00e4\u00e4, Ahmed sanoo.<\/p>\n<p>H\u00e4n haluaa korostaa kaikkien lasten oikeutta turvalliseen kouluymp\u00e4rist\u00f6\u00f6n.<\/p>\n<p>\u2013\u2009Jos lapsen ja opettajan v\u00e4lill\u00e4 ilmenee ongelmia, on ensiarvoisen t\u00e4rke\u00e4\u00e4, ett\u00e4 asia selvitet\u00e4\u00e4n huolellisesti ja viipym\u00e4tt\u00e4. Koulu on yksi t\u00e4rkeimmist\u00e4 paikoista lapsen kehitykselle, oppimiselle ja hyvinvoinnille.<\/p>\n<p>Ahmed kertoo saaneensa s\u00e4\u00e4nn\u00f6llisesti yhteydenottoja Helsingist\u00e4 ja sen l\u00e4hialueiltakin maahanmuuttajataustaisilta perheilt\u00e4 erilaisista ongelmista liittyen kouluarkeen.<\/p>\n<p>\u2013\u2009Ohjaan heit\u00e4 palveluihin ja kerron, miten t\u00e4m\u00e4 j\u00e4rjestelm\u00e4 toimii. He eiv\u00e4t v\u00e4ltt\u00e4m\u00e4tt\u00e4 tied\u00e4, mist\u00e4 saisivat tukea.<\/p>\n<p>Ahmed ohjaa vanhempia muun muassa lastensuojelun piiriin, ottamaan yhteytt\u00e4 sosiaality\u00f6ntekij\u00f6ihin, koulukuraattoreihin tai koulun rehtoriin, jos ongelmia ilmaantuu.<\/p>\n<p><strong class=\"diks-storyline__impact\">Alkuvuoden<\/strong> j\u00e4lkeen tilanne on vanhempien mukaan korjaantunut. Poika on viihtynyt j\u00e4lleen koulussa.<\/p>\n<p><strong class=\"diks-storyline__impact\">K\u00e4nnyk\u00f6iden<\/strong> <a href=\"https:\/\/www.helsinginuutiset.fi\/paikalliset\/8787580\" rel=\"nofollow noopener\" target=\"_blank\">k\u00e4ytt\u00f6 ilman opettajan lupaa on ollut kielletty\u00e4<\/a> peruskoulun oppitunneilla Helsingiss\u00e4 t\u00e4m\u00e4n lukuvuoden alusta.<\/p>\n<p><strong class=\"diks-storyline__impact\">Ahmed<\/strong> on keskustellut asiasta my\u00f6s kasvatuksen ja koulutuksen toimialan apulaispormestari <strong>Shawn Huffin<\/strong> (vihr.) kanssa.<\/p>\n<p>Huff toteaa HU:lle olleensa my\u00f6s itse yhteydess\u00e4 kouluun.<\/p>\n<p>\u2013 Totta kai olen yhteydess\u00e4 kouluun, jos minuun ollaan yhteydess\u00e4 t\u00e4llaisessa asiassa. Minulla on t\u00e4ysi luotto siihen, ett\u00e4 meid\u00e4n kouluissamme t\u00e4llaiset asiat hoidetaan asianmukaisesti ja asianosaisten kesken.<\/p>\n<p>Huff ei ota kantaa yksitt\u00e4iseen tapaukseen, mutta puhuu yhteiskunnassa tapahtuvasta rasismista yleisell\u00e4 tasolla. Koulut ovat osa yhteiskuntaa<\/p>\n<p>H\u00e4n sanoo, ettei Vesalan kaltainen tapaus ole siin\u00e4 mieless\u00e4 poikkeuksellinen.<\/p>\n<p>\u2013 Jos olet n\u00e4kyv\u00e4\u00e4n v\u00e4hemmist\u00f6\u00f6n kuuluva, rasismin kokeminen valkonormatiivisessa maassa on enemm\u00e4n s\u00e4\u00e4nt\u00f6 kuin poikkeus, h\u00e4n toteaa.<\/p>\n<p>Huff koki lapsuudessaan itse kahden kulttuurin v\u00e4lill\u00e4 kasvamisen usein hankalana.<\/p>\n<p><a href=\"https:\/\/www.helsinginuutiset.fi\/paikalliset\/9176602\" rel=\"nofollow noopener\" target=\"_blank\">HU:n apulaispormestarihaastattelussa<\/a> h\u00e4n kertoi kokeneensa ep\u00e4varmuutta ollessaan eri n\u00e4k\u00f6inen kuin muut. Huffin vanhemmat ovat suomalaisia. Is\u00e4 on syntyj\u00e4\u00e4n yhdysvaltalainen.<\/p>\n<p>\u2013\u2009Siit\u00e4 voi jokainen kysy\u00e4 itselt\u00e4\u00e4n, ett\u00e4 miksi me olemme t\u00e4llaisessa tilanteessa, ett\u00e4 n\u00e4it\u00e4 sattuu. Sanoisin ett\u00e4 jos seuraa yleist\u00e4 tapaa, niin ei t\u00e4m\u00e4 ihan yll\u00e4tyksen\u00e4k\u00e4\u00e4n pit\u00e4isi tulla, ett\u00e4 t\u00e4llaista tapahtuu.<\/p>\n<p><strong class=\"diks-storyline__impact\">Mink\u00e4<\/strong> takia tapaus ei tule yll\u00e4tyksen\u00e4?<\/p>\n<p>\u2013 Enemm\u00e4nkin voisin kysy\u00e4, ett\u00e4 miksi t\u00e4llaiseen tapaukseen on niin suuri kiinnostus? Kyll\u00e4 t\u00e4m\u00e4 osoittaa my\u00f6s sen, ett\u00e4 ehk\u00e4 etuoikeusasemasta tehd\u00e4\u00e4n asioita. Ajatellaan, ett\u00e4 t\u00e4mm\u00f6isi\u00e4 asioita ei tapahtuisi.<\/p>\n<p>Yksitt\u00e4isen tapauksen puiminen julkisuudessa saattaa Huffin mukaan muuttua helposti &#8221;kauhistelevaksi viihteeksi&#8221;. Sen sijaan h\u00e4nen mielest\u00e4\u00e4n pit\u00e4isi puhua enemm\u00e4nkin rakenteista ja siit\u00e4, ovatko kouluissa ja yhteiskunnassa rakenteet t\u00e4llaisten tapausten hoitamiseen kunnossa.<\/p>\n<p>Huff jatkaa kysymysten listaa siit\u00e4, mihin pit\u00e4isi kiinnitt\u00e4\u00e4 huomiota.<\/p>\n<p>\u2013 Mink\u00e4laisia mahdollisuuksia meill\u00e4 on v\u00e4hemmist\u00f6ryhmill\u00e4 menesty\u00e4 t\u00e4ss\u00e4 maassa? Onko heill\u00e4 samanlaiset mahdollisuudet menesty\u00e4 koulussa?<\/p>\n<p><strong class=\"diks-storyline__impact\">Onko<\/strong> yksitt\u00e4isen tapauksen esille nostaminen mielest\u00e4si turhaa?<\/p>\n<p>\u2013 En sanoisi, ett\u00e4 se on ikin\u00e4 turhaa, mutta kyll\u00e4h\u00e4n t\u00e4m\u00e4 sama kaava usein toistaa itse\u00e4ns\u00e4. Totta kai se on hyv\u00e4, ett\u00e4 n\u00e4it\u00e4 nostetaan, koska tietoisuus on se ensimm\u00e4inen asia eli ett\u00e4 olemme tietoisia n\u00e4ist\u00e4 asioista. Toivoisin kuitenkin keskustelussa seuraavaa askelta. Ett\u00e4 pureutuisimme v\u00e4h\u00e4n syvemm\u00e4lle t\u00e4h\u00e4n asiaan.<\/p>\n<p>Huffin mukaan t\u00e4rkeint\u00e4 on, ett\u00e4 kouluilla on keinoja k\u00e4sitell\u00e4 vastaavanlaisia tapauksia ja ennaltaehk\u00e4ist\u00e4 niit\u00e4.<\/p>\n<p>\u2013\u2009Meill\u00e4 on n\u00e4m\u00e4 ty\u00f6kalut. Teemme t\u00f6it\u00e4 joka p\u00e4iv\u00e4.<\/p>\n<p>Helsinki on laatinut tasa-arvo- ja yhdenvertaisuussuunnitelman vuosille 2026\u20132029.<\/p>\n<p>Suunnitelmassa panostetaan muun muassa kouluissa ja oppilaitoksissa tapahtuvaan my\u00f6nteisen toimintakulttuurin rakentamiseen.<\/p>\n<p><strong class=\"diks-storyline__impact\">Kasvatus- ja koulutuslautakunta<\/strong> k\u00e4sitteli alkuvuodesta nuorten aloitetta, jossa ehdotettiin syrjinn\u00e4n vastaisia teemap\u00e4ivi\u00e4 kouluihin.<\/p>\n<p>Aloitteessa todettiin, ett\u00e4 syrjint\u00e4\u00e4 esiintyy edelleen koulujen arjessa ja ett\u00e4 kaikilla nuorilla tulisi olla oikeus turvalliseen ja kunnioittavaan oppimisymp\u00e4rist\u00f6\u00f6n. Lautakunta piti aloitteen teemaa t\u00e4rke\u00e4n\u00e4 ja tunnisti ongelman.<\/p>\n<p>Huff teki aloitteen k\u00e4sittelyss\u00e4 vastaehdotuksen, joka hyv\u00e4ksyttiin yksimielisesti. Kaupunki voisi tuottaa esimerkiksi valmiin oppituntipaketin ja aamunavauksen rasismin vastaiselle viikolle.<\/p>\n","protected":false},"excerpt":{"rendered":"Vesalan peruskoulua k\u00e4yv\u00e4n oppilaan vanhempien mielest\u00e4 opettaja on puhunut toistuvasti ep\u00e4asiallisesti osaa luokan oppilaita kohtaan tuntien aikana. T\u00e4st\u00e4&hellip;\n","protected":false},"author":2,"featured_media":260258,"comment_status":"","ping_status":"","sticky":false,"template":"","format":"standard","meta":{"footnotes":"","_share_on_mastodon":"0"},"categories":[12],"tags":[2268,22,23,26,27,33,31,30,17,4106,104,615,96,24,25,28,29,15,18,21,2305,32,5308,19,20,16],"class_list":["post-260257","post","type-post","status-publish","format-standard","has-post-thumbnail","category-suomi","tag-alkoholi","tag-breaking-news","tag-breakingnews","tag-featured-news","tag-featurednews","tag-fi","tag-finland","tag-finnish","tag-headlines","tag-helsingin-kaupunki-hallinto","tag-helsinki","tag-koulut","tag-koulutus","tag-latest-news","tag-latestnews","tag-main-news","tag-mainnews","tag-news","tag-otsikot","tag-paauutiset","tag-puheenaiheet","tag-suomi","tag-suomi-valtio","tag-top-stories","tag-topstories","tag-uutiset"],"share_on_mastodon":{"url":"https:\/\/pubeurope.com\/@fi\/116650417491815652","error":""},"_links":{"self":[{"href":"https:\/\/www.europesays.com\/fi\/wp-json\/wp\/v2\/posts\/260257","targetHints":{"allow":["GET"]}}],"collection":[{"href":"https:\/\/www.europesays.com\/fi\/wp-json\/wp\/v2\/posts"}],"about":[{"href":"https:\/\/www.europesays.com\/fi\/wp-json\/wp\/v2\/types\/post"}],"author":[{"embeddable":true,"href":"https:\/\/www.europesays.com\/fi\/wp-json\/wp\/v2\/users\/2"}],"replies":[{"embeddable":true,"href":"https:\/\/www.europesays.com\/fi\/wp-json\/wp\/v2\/comments?post=260257"}],"version-history":[{"count":0,"href":"https:\/\/www.europesays.com\/fi\/wp-json\/wp\/v2\/posts\/260257\/revisions"}],"wp:featuredmedia":[{"embeddable":true,"href":"https:\/\/www.europesays.com\/fi\/wp-json\/wp\/v2\/media\/260258"}],"wp:attachment":[{"href":"https:\/\/www.europesays.com\/fi\/wp-json\/wp\/v2\/media?parent=260257"}],"wp:term":[{"taxonomy":"category","embeddable":true,"href":"https:\/\/www.europesays.com\/fi\/wp-json\/wp\/v2\/categories?post=260257"},{"taxonomy":"post_tag","embeddable":true,"href":"https:\/\/www.europesays.com\/fi\/wp-json\/wp\/v2\/tags?post=260257"}],"curies":[{"name":"wp","href":"https:\/\/api.w.org\/{rel}","templated":true}]}}