{"id":260298,"date":"2026-05-28T05:51:08","date_gmt":"2026-05-28T05:51:08","guid":{"rendered":"https:\/\/www.europesays.com\/fi\/260298\/"},"modified":"2026-05-28T05:51:08","modified_gmt":"2026-05-28T05:51:08","slug":"kotiakut-eivat-ole-taloudellisesti-kannattavia-suomessa-oman-aurinkosahkon-varastointiin-varsinais-suomi","status":"publish","type":"post","link":"https:\/\/www.europesays.com\/fi\/260298\/","title":{"rendered":"Kotiakut eiv\u00e4t ole taloudellisesti kannattavia Suomessa oman aurinkos\u00e4hk\u00f6n varastointiin | Varsinais-Suomi"},"content":{"rendered":"<p class=\"aw__sc-1qwuw0s-0 aw__sc-1vg2sqm-0 epAWpq ecELkD yle__article__paragraph\">Tutkimuksen mukaan aurinkoenergian varastointiin tarkoitettujen kotiakkujen tuomat s\u00e4\u00e4st\u00f6t eiv\u00e4t riit\u00e4 kattamaan edes akkujen hintaa.<\/p>\n<p><img decoding=\"async\" alt=\"Aurinkopaneeleita omakotitalon katolla.\" src=\"https:\/\/www.europesays.com\/fi\/wp-content\/uploads\/2026\/05\/1715857300.jpeg\" class=\"aw__sc-dklauk-0 LPzKX\"\/><\/p>\n<p>Avaa kuvien katselu<\/p>\n<p>Aurinkopaneeleita omakotitalon katolla Paraisilla. Arkistokuva. Kuva: Carmela Johansson \/ Yle<\/p>\n<p class=\"aw__sc-1qwuw0s-0 aw__sc-ngllmo-0 epAWpq fzYpjk yle__article__paragraph\">Aurinkos\u00e4hk\u00f6j\u00e4rjestelm\u00e4\u00e4n liitett\u00e4v\u00e4 kotiakku ei ole t\u00e4ll\u00e4 hetkell\u00e4 taloudellisesti kannattava hankinta suomalaisille kotitalouksille, selvi\u00e4\u00e4 <a class=\"aw__sc-ngllmo-1 bTDnwX yle__article__link\" href=\"https:\/\/www.sciencedirect.com\/science\/article\/pii\/S2352152X26009655?via%3Dihub\" role=\"link\" rel=\"nofollow noopener\" target=\"_blank\">Turun yliopiston ja Turun ammattikorkeakoulun uudesta tutkimuksesta<\/a>.<\/p>\n<p class=\"aw__sc-1qwuw0s-0 aw__sc-ngllmo-0 epAWpq fzYpjk yle__article__paragraph\">Vaikka s\u00e4hk\u00f6markkinoilla esiintyisi voimakasta hintavaihtelua, akun korkeat kustannukset ja sen kuluminen sy\u00f6v\u00e4t s\u00e4\u00e4st\u00f6t s\u00e4hk\u00f6laskussa, kerrotaan tiedotteessa.<\/p>\n<p class=\"aw__sc-1qwuw0s-0 aw__sc-ngllmo-0 epAWpq fzYpjk yle__article__paragraph\">Edes optimointiin tai koneoppimiseen perustuvat algoritmit akun latauksen ja purkamisen ajoittamiseen eiv\u00e4t tuoneet tarpeeksi s\u00e4\u00e4st\u00f6j\u00e4 akun hinnan takaisinmaksuun.<\/p>\n<p class=\"aw__sc-1qwuw0s-0 aw__sc-ngllmo-0 epAWpq fzYpjk yle__article__paragraph\">Aurinkos\u00e4hk\u00f6n yleistyess\u00e4 Suomessa moni kotitalous on harkinnut akkujen liitt\u00e4mist\u00e4 katoille asennettuihin aurinkopaneelij\u00e4rjestelmiin.<\/p>\n<p class=\"aw__sc-1qwuw0s-0 aw__sc-ngllmo-0 epAWpq fzYpjk yle__article__paragraph\">Uusi tutkimus osoittaa kuitenkin, ett\u00e4 kun todelliset s\u00e4hk\u00f6n hinnat ja akun kuluminen otetaan huomioon, investointi ei viel\u00e4 maksa itse\u00e4\u00e4n takaisin, kertoo v\u00e4it\u00f6skirjatutkija <strong class=\"aw__sc-ngllmo-2 gdRrun yle__article__strong\">Lauri Karttunen<\/strong> Turun yliopistosta.<\/p>\n<p class=\"aw__sc-1qwuw0s-0 aw__sc-ngllmo-0 epAWpq fzYpjk yle__article__paragraph\">\u2012 Vaikka akulla saataisiin satojen eurojen vuosis\u00e4\u00e4st\u00f6t, akun hintalappu on asennuksineen ainakin toistaiseksi liian suuri, jotta se maksaisi itsens\u00e4 takaisin elinik\u00e4ns\u00e4 aikana, kertoo Karttunen yliopiston tiedotteessa.<\/p>\n","protected":false},"excerpt":{"rendered":"Tutkimuksen mukaan aurinkoenergian varastointiin tarkoitettujen kotiakkujen tuomat s\u00e4\u00e4st\u00f6t eiv\u00e4t riit\u00e4 kattamaan edes akkujen hintaa. Avaa kuvien katselu Aurinkopaneeleita&hellip;\n","protected":false},"author":2,"featured_media":260299,"comment_status":"","ping_status":"","sticky":false,"template":"","format":"standard","meta":{"footnotes":"","_share_on_mastodon":"0"},"categories":[113],"tags":[6863,35745,10583,2038,25141,446,33,31,30,71,2007,118,32,119,472,663,447],"class_list":["post-260298","post","type-post","status-publish","format-standard","has-post-thumbnail","category-ymparisto","tag-akut","tag-alykas-energia","tag-aurinkoenergia","tag-energia","tag-energiansaasto","tag-environment","tag-fi","tag-finland","tag-finnish","tag-kotimaa","tag-sahko","tag-science","tag-suomi","tag-tiede","tag-tutkimus","tag-varsinais-suomi","tag-ymparisto"],"share_on_mastodon":{"url":"https:\/\/pubeurope.com\/@fi\/116650645292012090","error":""},"_links":{"self":[{"href":"https:\/\/www.europesays.com\/fi\/wp-json\/wp\/v2\/posts\/260298","targetHints":{"allow":["GET"]}}],"collection":[{"href":"https:\/\/www.europesays.com\/fi\/wp-json\/wp\/v2\/posts"}],"about":[{"href":"https:\/\/www.europesays.com\/fi\/wp-json\/wp\/v2\/types\/post"}],"author":[{"embeddable":true,"href":"https:\/\/www.europesays.com\/fi\/wp-json\/wp\/v2\/users\/2"}],"replies":[{"embeddable":true,"href":"https:\/\/www.europesays.com\/fi\/wp-json\/wp\/v2\/comments?post=260298"}],"version-history":[{"count":0,"href":"https:\/\/www.europesays.com\/fi\/wp-json\/wp\/v2\/posts\/260298\/revisions"}],"wp:featuredmedia":[{"embeddable":true,"href":"https:\/\/www.europesays.com\/fi\/wp-json\/wp\/v2\/media\/260299"}],"wp:attachment":[{"href":"https:\/\/www.europesays.com\/fi\/wp-json\/wp\/v2\/media?parent=260298"}],"wp:term":[{"taxonomy":"category","embeddable":true,"href":"https:\/\/www.europesays.com\/fi\/wp-json\/wp\/v2\/categories?post=260298"},{"taxonomy":"post_tag","embeddable":true,"href":"https:\/\/www.europesays.com\/fi\/wp-json\/wp\/v2\/tags?post=260298"}],"curies":[{"name":"wp","href":"https:\/\/api.w.org\/{rel}","templated":true}]}}