{"id":26030,"date":"2025-09-05T03:34:08","date_gmt":"2025-09-05T03:34:08","guid":{"rendered":"https:\/\/www.europesays.com\/fi\/26030\/"},"modified":"2025-09-05T03:34:08","modified_gmt":"2025-09-05T03:34:08","slug":"topi-borg-huomasi-siskossaan-sointu-borgissa-jotakin-outoa-taa-haisee","status":"publish","type":"post","link":"https:\/\/www.europesays.com\/fi\/26030\/","title":{"rendered":"Topi Borg huomasi siskossaan Sointu Borgissa jotakin outoa: \u201dT\u00e4\u00e4 haisee\u201d"},"content":{"rendered":"<p>\n            20250214, Tampere. Iskelm\u00e4 Gaala 2025 pressi. Kuvassa Sointu ja Topi Borg.<br \/>\n            Timo Korhonen\n        <\/p>\n<p class=\"subtitle \">Sointu Borg joutui rikoksen uhriksi.<\/p>\n<p class=\"article-content article-content-width !bg-background\">Ylen Perjantai-dokumentti k\u00e4sittelee 5. syyskuuta deepfakea eli syv\u00e4v\u00e4\u00e4renn\u00f6st\u00e4. Kyseess\u00e4 on teko\u00e4lyn luoma videov\u00e4\u00e4renn\u00f6s.<\/p>\n<p class=\"article-content article-content-width !bg-background\">  joutui deepfaken uhriksi, kun h\u00e4nen \u00e4\u00e4nens\u00e4 v\u00e4\u00e4rennettiin aikuisviihdemainokseen ilman h\u00e4nen suostumustaan. <\/p>\n<p class=\"font-weight-bold m-font-weight-bold article-content article-content-width !bg-background\">Videolla Sointu ja Topi Borgin tv-sarjasuosituksia:<\/p>\n<p class=\"article-content article-content-width !bg-background\">\u2013 Hei sin\u00e4 siell\u00e4, muna k\u00e4dess\u00e4! Soinnun \u00e4\u00e4ni huutelee tekaistussa mainoksessa.<\/p>\n<p class=\"article-content article-content-width !bg-background\">Nyt Sointu kertoo tapahtumista Perjantai-dokumentissa Minusta tehtiin deepfake.<\/p>\n<p class=\"article-content article-content-width !bg-background\">\u2013 Kun kuulin \u00e4\u00e4neni pornomainoksessa, se tuntui likaiselta. Tein rikosilmoituksen, mutta se ei johtanut mihink\u00e4\u00e4n. M\u00e4 v\u00e4h\u00e4n pelk\u00e4\u00e4n, ett\u00e4 toi pornomainos oli vain esimaistiainen. M\u00e4h\u00e4n oon vapaata riistaa, h\u00e4n kauhistelee.<\/p>\n<p>        <a itemprop=\"url\" href=\"https:\/\/www.seiska.fi\/katso\/sointu-borg-tasta-syysta-en-ole-kelvannut-mainoksiin\/1912253\" rel=\"nofollow noopener\" target=\"_blank\"><\/p>\n<p>\nSointu Borg\n<\/p>\n<p class=\"section-date\">\n        <strong class=\"article-section\" data-section=\"katso\"><br \/>\n            katso<br \/>\n        <\/strong><br \/>\n        30.8. 10:15\n    <\/p>\n<p>    Sointu Borg: &#8221;T\u00e4st\u00e4 syyst\u00e4 en ole kelvannut mainoksiin&#8221;<\/p>\n<p itemprop=\"description\" class=\"subtitle \">\n    Menestyneell\u00e4 Soinnulla on varasuunnitelma silt\u00e4 varalta, ett\u00e4 media- ja somepersoonan ty\u00f6t loppuvat.\n<\/p>\n<p>        <\/a><\/p>\n<p>                <img decoding=\"async\" src=\"https:\/\/www.europesays.com\/fi\/wp-content\/uploads\/2025\/09\/1913907.webp\" width=\"576\" height=\"274\" alt=\"Sointu h\u00e4mm\u00e4styy, miten aidon n\u00e4k\u00f6isi\u00e4 v\u00e4\u00e4renn\u00f6kset ovat.\" loading=\"lazy\" \/>            <\/p>\n<p>\n            Sointu h\u00e4mm\u00e4styy, miten aidon n\u00e4k\u00f6isi\u00e4 v\u00e4\u00e4renn\u00f6kset ovat.<br \/>\n            Yle\n        <\/p>\n<p>Ei mene l\u00e4pi<\/p>\n<p class=\"article-content article-content-width !bg-background\">Dokumentissa testataan Soinnun avulla, millaisia deepfake-huijauksia on mahdollista tehd\u00e4.\u00a0<\/p>\n<p class=\"article-content article-content-width !bg-background\">Soinnusta tehd\u00e4\u00e4n syv\u00e4v\u00e4\u00e4renn\u00f6s ja sill\u00e4 yritet\u00e4\u00e4n petkuttaa niin poliisitarkastaja , Soinnun yst\u00e4v\u00e4\u00e4  kuin omaa velje\u00e4 . Kimmo ja Topi n\u00e4kev\u00e4t Soinnun videopuhelun yhteydell\u00e4, ja Tapio kuulee pelk\u00e4n \u00e4\u00e4nen.<\/p>\n<p class=\"article-content article-content-width !bg-background\">Topi huomaa aika pian, ett\u00e4 puhelussa on jotakin outoa.<\/p>\n<p class=\"article-content article-content-width !bg-background\">\u2013 T\u00e4\u00e4 haisee. Puhelimella mieluummin, k\u00e4yk\u00f6? h\u00e4n kysyy.<\/p>\n<p class=\"article-content article-content-width !bg-background\">Tapiokin alkaa ep\u00e4ill\u00e4, koska vale-Sointu pyyt\u00e4\u00e4 rahaa sek\u00e4 passitietoja. My\u00f6s poliisitarkastaja tunnistaa, ett\u00e4 kyseess\u00e4 on deepfake.<\/p>\n<p>        <a itemprop=\"url\" href=\"https:\/\/www.seiska.fi\/kotimaa\/jestas-sointu-borgilta-paljastus-kauneusoperaatiostaan\/1897103\" rel=\"nofollow noopener\" target=\"_blank\"><\/p>\n<p>\nJestas!\n<\/p>\n<p class=\"section-date\">\n        <strong class=\"article-section\" data-section=\"kotimaa\"><br \/>\n            kotimaa<br \/>\n        <\/strong><br \/>\n        12.8. 14:26\n    <\/p>\n<p>    Jestas! Sointu Borgilta paljastus kauneusoperaatiostaan<\/p>\n<p itemprop=\"description\" class=\"subtitle \">\n    Sointu ei piilottele kauneutensa saloja.\n<\/p>\n<p>        <\/a><\/p>\n<p>                <img decoding=\"async\" src=\"https:\/\/www.europesays.com\/fi\/wp-content\/uploads\/2025\/09\/1618951.webp\" width=\"576\" height=\"274\" alt=\"Topia ei huijata.\" loading=\"lazy\" \/>            <\/p>\n<p>\n            Topia ei huijata.<br \/>\n            Timo Korhonen\n        <\/p>\n<p>&#8221;Koominen lopputulos&#8221;<\/p>\n<p class=\"article-content article-content-width !bg-background\">T\u00e4ss\u00e4 vaiheessa Sointuna esiintyv\u00e4 toimittaja paljastaa, ettei ole oikeasti Sointu.<\/p>\n<p class=\"article-content article-content-width !bg-background\">\u2013 Todella koominen lopputulos, Topi arvioi v\u00e4\u00e4renn\u00f6st\u00e4 siskostaan.<\/p>\n<p class=\"article-content article-content-width !bg-background\">Kimmo Ulkuniemi kommentoi dokumentissa, ett\u00e4 jos joutuu syv\u00e4v\u00e4\u00e4renn\u00f6ksen uhriksi, on hyvin v\u00e4h\u00e4n, mit\u00e4 asialle voi tehd\u00e4. Sointu onkin huolissaan ilmi\u00f6n yleistymisest\u00e4.<\/p>\n<p class=\"article-content article-content-width !bg-background\">\u2013 Her\u00e4t\u00e4\u00e4n ennen kuin paska osuu tuulettimeen.<\/p>\n<p class=\"italic m-italic article-content article-content-width !bg-background\">Perjantai-dokkari Minusta tehtiin deepfake Yle Areenassa perjantaina 5.9. klo 17.00.<\/p>\n<p>        <a itemprop=\"url\" href=\"https:\/\/www.seiska.fi\/katso\/tasta-syysta-topi-borg-poistui-kirjolla-sarjasta-yle-vastaa\/1643456\" rel=\"nofollow noopener\" target=\"_blank\"><\/p>\n<p>\nKirjolla-sarja\n<\/p>\n<p class=\"section-date\">\n        <strong class=\"article-section\" data-section=\"katso\"><br \/>\n            katso<br \/>\n        <\/strong><br \/>\n        14.3. 12:45\n    <\/p>\n<p>    T\u00e4st\u00e4 syyst\u00e4 Topi Borg poistui Kirjolla-sarjasta \u2013 Yle vastaa<\/p>\n<p itemprop=\"description\" class=\"subtitle \">\n    Tv-t\u00e4hden sisko Sointu Borg esiintyy usein veljens\u00e4 rinnalla.\n<\/p>\n<p>        <\/a><\/p>\n","protected":false},"excerpt":{"rendered":"20250214, Tampere. Iskelm\u00e4 Gaala 2025 pressi. Kuvassa Sointu ja Topi Borg. Timo Korhonen Sointu Borg joutui rikoksen uhriksi.&hellip;\n","protected":false},"author":2,"featured_media":26031,"comment_status":"","ping_status":"","sticky":false,"template":"","format":"standard","meta":{"footnotes":""},"categories":[130],"tags":[8274,819,137,33,31,30,8275,52,38,2680,32,8271,433,8272,156,109,1149,8273],"class_list":{"0":"post-26030","1":"post","2":"type-post","3":"status-publish","4":"format-standard","5":"has-post-thumbnail","7":"category-viihde","8":"tag-deepfake","9":"tag-dokumentti","10":"tag-entertainment","11":"tag-fi","12":"tag-finland","13":"tag-finnish","14":"tag-minusta-tehtiin-deepfake","15":"tag-poliisi","16":"tag-rikos","17":"tag-sointu-borg","18":"tag-suomi","19":"tag-tapio-viinikangas","20":"tag-tekoaly","21":"tag-topi-borg","22":"tag-tv","23":"tag-viihde","24":"tag-yle","25":"tag-yle-perjantai-dokumentti"},"share_on_mastodon":{"url":"","error":""},"_links":{"self":[{"href":"https:\/\/www.europesays.com\/fi\/wp-json\/wp\/v2\/posts\/26030","targetHints":{"allow":["GET"]}}],"collection":[{"href":"https:\/\/www.europesays.com\/fi\/wp-json\/wp\/v2\/posts"}],"about":[{"href":"https:\/\/www.europesays.com\/fi\/wp-json\/wp\/v2\/types\/post"}],"author":[{"embeddable":true,"href":"https:\/\/www.europesays.com\/fi\/wp-json\/wp\/v2\/users\/2"}],"replies":[{"embeddable":true,"href":"https:\/\/www.europesays.com\/fi\/wp-json\/wp\/v2\/comments?post=26030"}],"version-history":[{"count":0,"href":"https:\/\/www.europesays.com\/fi\/wp-json\/wp\/v2\/posts\/26030\/revisions"}],"wp:featuredmedia":[{"embeddable":true,"href":"https:\/\/www.europesays.com\/fi\/wp-json\/wp\/v2\/media\/26031"}],"wp:attachment":[{"href":"https:\/\/www.europesays.com\/fi\/wp-json\/wp\/v2\/media?parent=26030"}],"wp:term":[{"taxonomy":"category","embeddable":true,"href":"https:\/\/www.europesays.com\/fi\/wp-json\/wp\/v2\/categories?post=26030"},{"taxonomy":"post_tag","embeddable":true,"href":"https:\/\/www.europesays.com\/fi\/wp-json\/wp\/v2\/tags?post=26030"}],"curies":[{"name":"wp","href":"https:\/\/api.w.org\/{rel}","templated":true}]}}