{"id":26034,"date":"2025-09-05T03:38:07","date_gmt":"2025-09-05T03:38:07","guid":{"rendered":"https:\/\/www.europesays.com\/fi\/26034\/"},"modified":"2025-09-05T03:38:07","modified_gmt":"2025-09-05T03:38:07","slug":"trump-aikoo-puhua-putinin-kanssa-piakkoin-uutissuomalainen","status":"publish","type":"post","link":"https:\/\/www.europesays.com\/fi\/26034\/","title":{"rendered":"Trump aikoo puhua Putinin kanssa piakkoin | Uutissuomalainen"},"content":{"rendered":"<p>Yhdysvaltain presidentti Donald Trump sanoo, ett\u00e4 h\u00e4n aikoo puhua Ven\u00e4j\u00e4n presidentin Vladimir Putinin kanssa piakkoin.<\/p>\n<p>Toimittaja kysyi Trumpilta Washingtonin aikaa torstaina, aikooko yhdysvaltalaispresidentti puhua Putinin kanssa l\u00e4hitulevaisuudessa. Trump vastasi, ett\u00e4 h\u00e4n aikoo tehd\u00e4 n\u00e4in.<\/p>\n<p>Trump oli aiemmin torstaina keskustellut puhelimessa Ukrainan presidentin Volodymyr Zelenskyin kanssa. Zelenskyin <a href=\"https:\/\/x.com\/ZelenskyyUa\/status\/1963642002819465708\" rel=\"nofollow\">mukaan<\/a> kaksikko oli keskustellut Ven\u00e4j\u00e4n vastaisista pakotteista sek\u00e4 Ukrainan ilmatilan turvaamisesta.<\/p>\n<p>Zelenskyi kertoo, ett\u00e4 presidentit keskustelivat Ukrainaa tukevien maiden koalition kokouksen j\u00e4lkeen. Niin kutsuttu halukkaiden koalitio tapasi torstaina Pariisissa. My\u00f6s n\u00e4iden maiden johtajat osallistuivat puheluun.<\/p>\n<p>Zelenskyin mukaan keskustelussa olivat vahvat toimet, joita voidaan k\u00e4ytt\u00e4\u00e4 sodan lopettamiseksi. H\u00e4n korosti taloudellisten toimien merkityst\u00e4.<\/p>\n<p>Ukrainalaispresidentin mukaan puhelussa sovittiin my\u00f6s yhteydenpidon jatkamisesta.<\/p>\n<p>Valkoisen talon nimett\u00f6m\u00e4n\u00e4 pysytellyt virkamiesl\u00e4hde kertoi uutistoimisto AFP:lle Trumpin sanoneen, ett\u00e4 Euroopan maiden tulisi lis\u00e4t\u00e4 Kiinan taloudellista painostusta, koska Kiina tukee Ven\u00e4j\u00e4n hy\u00f6kk\u00e4yssotaa.<\/p>\n","protected":false},"excerpt":{"rendered":"Yhdysvaltain presidentti Donald Trump sanoo, ett\u00e4 h\u00e4n aikoo puhua Ven\u00e4j\u00e4n presidentin Vladimir Putinin kanssa piakkoin. Toimittaja kysyi Trumpilta&hellip;\n","protected":false},"author":2,"featured_media":26035,"comment_status":"","ping_status":"","sticky":false,"template":"","format":"standard","meta":{"footnotes":""},"categories":[14],"tags":[22,23,585,2267,26,27,33,31,30,17,24,25,28,29,15,18,21,142,637,144,32,19,20,549,56,16,2257,59,60,61],"class_list":{"0":"post-26034","1":"post","2":"type-post","3":"status-publish","4":"format-standard","5":"has-post-thumbnail","7":"category-ulkomaat","8":"tag-breaking-news","9":"tag-breakingnews","10":"tag-donald-trump","11":"tag-eurooppa","12":"tag-featured-news","13":"tag-featurednews","14":"tag-fi","15":"tag-finland","16":"tag-finnish","17":"tag-headlines","18":"tag-latest-news","19":"tag-latestnews","20":"tag-main-news","21":"tag-mainnews","22":"tag-news","23":"tag-otsikot","24":"tag-paauutiset","25":"tag-poliitikot","26":"tag-politiikka","27":"tag-presidentti","28":"tag-suomi","29":"tag-top-stories","30":"tag-topstories","31":"tag-ukrainan-sota","32":"tag-ulkomaat","33":"tag-uutiset","34":"tag-vladimir-putin","35":"tag-world","36":"tag-world-news","37":"tag-worldnews"},"share_on_mastodon":{"url":"","error":""},"_links":{"self":[{"href":"https:\/\/www.europesays.com\/fi\/wp-json\/wp\/v2\/posts\/26034","targetHints":{"allow":["GET"]}}],"collection":[{"href":"https:\/\/www.europesays.com\/fi\/wp-json\/wp\/v2\/posts"}],"about":[{"href":"https:\/\/www.europesays.com\/fi\/wp-json\/wp\/v2\/types\/post"}],"author":[{"embeddable":true,"href":"https:\/\/www.europesays.com\/fi\/wp-json\/wp\/v2\/users\/2"}],"replies":[{"embeddable":true,"href":"https:\/\/www.europesays.com\/fi\/wp-json\/wp\/v2\/comments?post=26034"}],"version-history":[{"count":0,"href":"https:\/\/www.europesays.com\/fi\/wp-json\/wp\/v2\/posts\/26034\/revisions"}],"wp:featuredmedia":[{"embeddable":true,"href":"https:\/\/www.europesays.com\/fi\/wp-json\/wp\/v2\/media\/26035"}],"wp:attachment":[{"href":"https:\/\/www.europesays.com\/fi\/wp-json\/wp\/v2\/media?parent=26034"}],"wp:term":[{"taxonomy":"category","embeddable":true,"href":"https:\/\/www.europesays.com\/fi\/wp-json\/wp\/v2\/categories?post=26034"},{"taxonomy":"post_tag","embeddable":true,"href":"https:\/\/www.europesays.com\/fi\/wp-json\/wp\/v2\/tags?post=26034"}],"curies":[{"name":"wp","href":"https:\/\/api.w.org\/{rel}","templated":true}]}}