{"id":260457,"date":"2026-05-28T09:40:12","date_gmt":"2026-05-28T09:40:12","guid":{"rendered":"https:\/\/www.europesays.com\/fi\/260457\/"},"modified":"2026-05-28T09:40:12","modified_gmt":"2026-05-28T09:40:12","slug":"syyttaja-ei-valita-auer-ja-ihle-ovat-syyttomia-seksuaalirikoksiin-valtava-helpotus-sanoo-auerin-asianajaja-kotimaa","status":"publish","type":"post","link":"https:\/\/www.europesays.com\/fi\/260457\/","title":{"rendered":"Syytt\u00e4j\u00e4 ei valita: Auer ja Ihle ovat syytt\u00f6mi\u00e4 seksuaalirikoksiin \u2013 \u201dValtava helpotus\u201d, sanoo Auerin asianajaja | Kotimaa"},"content":{"rendered":"<p class=\"aw__sc-1qwuw0s-0 aw__sc-ngllmo-0 epAWpq fzYpjk yle__article__paragraph\">Valtakunnansyytt\u00e4j\u00e4 ei valita hovioikeuteen <strong class=\"aw__sc-ngllmo-2 gdRrun yle__article__strong\">Anneli Auerin<\/strong> ja <strong class=\"aw__sc-ngllmo-2 gdRrun yle__article__strong\">Jens Ihlen<\/strong> vapauttavasta seksuaalirikostuomiosta.<\/p>\n<p class=\"aw__sc-1qwuw0s-0 aw__sc-ngllmo-0 epAWpq fzYpjk yle__article__paragraph\">Se tarkoittaa sit\u00e4, ett\u00e4 Varsinais-Suomen k\u00e4r\u00e4j\u00e4oikeuden vapauttava tuomio j\u00e4\u00e4 lainvoimaiseksi.<\/p>\n<p class=\"aw__sc-1qwuw0s-0 aw__sc-ngllmo-0 epAWpq fzYpjk yle__article__paragraph\">Sen mukaan Auer ja Ihle ovat syytt\u00f6mi\u00e4 Auerin lapsiin kohdistuneisiin seksuaalirikoksiin, joista Aueria ja Ihle\u00e4 syytettiin.<\/p>\n<p class=\"aw__sc-1qwuw0s-0 aw__sc-ngllmo-0 epAWpq fzYpjk yle__article__paragraph\">Yle tavoitti <strong class=\"aw__sc-ngllmo-2 gdRrun yle__article__strong\">Jens Ihlen<\/strong> asianajajan <strong class=\"aw__sc-ngllmo-2 gdRrun yle__article__strong\">Kaarle Gummeruksen<\/strong> torstaina aamup\u00e4iv\u00e4ll\u00e4.<\/p>\n<p class=\"aw__sc-1qwuw0s-0 aw__sc-ngllmo-0 epAWpq fzYpjk yle__article__paragraph\">\u2013 H\u00e4n [Ihle] on ehdottoman helpottunut, Gummerus sanoo.<\/p>\n<p class=\"aw__sc-1qwuw0s-0 aw__sc-ngllmo-0 epAWpq fzYpjk yle__article__paragraph\">\u2013 T\u00e4m\u00e4 painajainen on kest\u00e4nyt syyskuusta 2011 asti, ja nyt se on p\u00e4\u00e4ttynyt, Gummerus jatkaa.<\/p>\n<p class=\"aw__sc-1qwuw0s-0 aw__sc-ngllmo-0 epAWpq fzYpjk yle__article__paragraph\">\u2013 Valtava helpotus, sanoo Ylelle Auerin asianajaja Fredman.<\/p>\n<p><img decoding=\"async\" alt=\"Jens Kukka puhuu medialle Turun oikeustalolla.\" src=\"https:\/\/www.europesays.com\/fi\/wp-content\/uploads\/2026\/05\/1761135418.jpeg\" loading=\"lazy\" class=\"aw__sc-dklauk-0 LPzKX\"\/><\/p>\n<p>Avaa kuvien katselu<\/p>\n<p>Jens Ihle\u00e4 syytettiin seksuaalirikoksista Varsinais-Suomen k\u00e4r\u00e4j\u00e4oikeudessa. Ihle kommentoi tapausta medialle lokakuussa 2025. Kuva: Kalle M\u00e4kel\u00e4 \/ YleSyytt\u00e4j\u00e4 valittaa asianajajien palkkioista<\/p>\n<p class=\"aw__sc-1qwuw0s-0 aw__sc-ngllmo-0 epAWpq fzYpjk yle__article__paragraph\">Valtakunnansyytt\u00e4j\u00e4 haluaa kuitenkin jatkaa oikeudenk\u00e4ynti\u00e4 hovioikeudessa.<\/p>\n<p class=\"aw__sc-1qwuw0s-0 aw__sc-ngllmo-0 epAWpq fzYpjk yle__article__paragraph\">Syytt\u00e4j\u00e4 valittaa hovioikeuteen niist\u00e4 k\u00e4r\u00e4j\u00e4oikeuden hylk\u00e4\u00e4mist\u00e4 pahoinpitelytuomioista, joita korkein oikeus ei ollut aiemmin purkanut.<\/p>\n<p class=\"aw__sc-1qwuw0s-0 aw__sc-ngllmo-0 epAWpq fzYpjk yle__article__paragraph\">Lis\u00e4ksi valtakunnansyytt\u00e4j\u00e4 valittaa hovioikeuteen asianajajien palkkioista.<\/p>\n<p class=\"aw__sc-1qwuw0s-0 aw__sc-ngllmo-0 epAWpq fzYpjk yle__article__paragraph\">Varsinais-Suomen k\u00e4r\u00e4j\u00e4oikeus m\u00e4\u00e4r\u00e4si valtion maksamaan oikeudenk\u00e4yntikuluja yli 400 000 euroa.<\/p>\n<p class=\"aw__sc-1qwuw0s-0 aw__sc-ngllmo-0 epAWpq fzYpjk yle__article__paragraph\">Jens Ihlen asianajajalle Kaarle Gummerukselle valtio m\u00e4\u00e4r\u00e4ttiin maksamaan Ihlen avustamisesta noin 136\u00a0000 euroa.<\/p>\n<p class=\"aw__sc-1qwuw0s-0 aw__sc-ngllmo-0 epAWpq fzYpjk yle__article__paragraph\">Anneli Auerin asianajajalle <strong class=\"aw__sc-ngllmo-2 gdRrun yle__article__strong\">Markku Fredmanille<\/strong> valtion on korvattava oikeudenk\u00e4yntikuluja noin 232\u00a0000 euroa.<\/p>\n<p class=\"aw__sc-1qwuw0s-0 aw__sc-ngllmo-0 epAWpq fzYpjk yle__article__paragraph\">Jotta juttu voi jatkua hovioikeudessa, syytt\u00e4j\u00e4 tarvitsee hovioikeudelta jatkok\u00e4sittelyluvan.<\/p>\n<p><img decoding=\"async\" alt=\"Anneli Auer l\u00e4hikuvassa. \" src=\"https:\/\/www.europesays.com\/fi\/wp-content\/uploads\/2026\/05\/1762245884.jpeg\" loading=\"lazy\" class=\"aw__sc-dklauk-0 LPzKX\"\/><\/p>\n<p>Avaa kuvien katselu<\/p>\n<p>Syytt\u00e4j\u00e4 haluaa, ett\u00e4 hovioikeus k\u00e4sittelee Anneli Auerin pahoinpitelyrikoksia. Kuva: Kalle M\u00e4kel\u00e4 \/ YlePahoinpitelyjutut hovioikeuteen?<\/p>\n<p class=\"aw__sc-1qwuw0s-0 aw__sc-ngllmo-0 epAWpq fzYpjk yle__article__paragraph\">Syytt\u00e4j\u00e4 valittaa hovioikeuteen siis sellaisista pahoinpitelyrikoksista, joita korkein oikeus ei purkanut.<\/p>\n<p class=\"aw__sc-1qwuw0s-0 aw__sc-ngllmo-0 epAWpq fzYpjk yle__article__paragraph\">Kyse on kolmesta pahoinpitelyst\u00e4.<\/p>\n<p class=\"aw__sc-1qwuw0s-0 aw__sc-ngllmo-0 epAWpq fzYpjk yle__article__paragraph\">Anneli Auer on tuomittu aiemmin esimerkiksi tytt\u00e4rens\u00e4 tukistamisesta.<\/p>\n<p class=\"aw__sc-1qwuw0s-0 aw__sc-ngllmo-0 epAWpq fzYpjk yle__article__paragraph\">Lis\u00e4ksi Auer on tuomittu aiemmin my\u00f6s siit\u00e4, ett\u00e4 h\u00e4n on ly\u00f6nyt poikaansa lukuisia kertoja nyrkill\u00e4 p\u00e4\u00e4h\u00e4n ja kasvojen alueelle. Lapselle aiheutui mustelmia ja nen\u00e4verenvuotoa.<\/p>\n<p class=\"aw__sc-1qwuw0s-0 aw__sc-ngllmo-0 epAWpq fzYpjk yle__article__paragraph\">Yhden ly\u00f6ntikerran j\u00e4lkeen poika joutui olemaan koulusta pois useita p\u00e4ivi\u00e4 kasvoihin tulleen mustelman vuoksi.<\/p>\n<p class=\"aw__sc-1qwuw0s-0 aw__sc-ngllmo-0 epAWpq fzYpjk yle__article__paragraph\">Lis\u00e4ksi Auer on tuomittu siit\u00e4, ett\u00e4 h\u00e4n on ly\u00f6nyt poikaansa lautasella p\u00e4\u00e4h\u00e4n niin voimakkaasti, ett\u00e4 lapsen p\u00e4\u00e4st\u00e4 tuli verta.<\/p>\n<p class=\"aw__sc-1qwuw0s-0 aw__sc-ngllmo-0 epAWpq fzYpjk yle__article__paragraph\">N\u00e4ist\u00e4 teoista Auer on siis tuomittu aiemmin, eik\u00e4 korkein oikeus n\u00e4it\u00e4 tuomioita purkanut. K\u00e4r\u00e4j\u00e4oikeus kuitenkin hylk\u00e4si n\u00e4m\u00e4 syytteet, ja nyt syytt\u00e4j\u00e4 haluaa vied\u00e4 pahoinpitelyrikokset hovioikeuteen<\/p>\n<p class=\"aw__sc-1qwuw0s-0 aw__sc-ngllmo-0 epAWpq fzYpjk yle__article__paragraph\">Auerin asianajaja Markku Fredman toteaa syytt\u00e4j\u00e4n pahoinpitelyvalitukseen n\u00e4in.<\/p>\n<p class=\"aw__sc-1qwuw0s-0 aw__sc-ngllmo-0 epAWpq fzYpjk yle__article__paragraph\">\u2013 T\u00e4m\u00e4 on vain syytt\u00e4j\u00e4n yritys saada huomio kiinnittym\u00e4\u00e4n muuhun siit\u00e4, ett\u00e4 syytt\u00f6m\u00e4t ovat istuneet vankilassa, sanoo Auerin asianajaja Markku Fredman.<\/p>\n<p><img decoding=\"async\" alt=\"Valtiosyytt\u00e4j\u00e4 Ari-Pekka Koivisto.\" src=\"https:\/\/www.europesays.com\/fi\/wp-content\/uploads\/2026\/05\/1773235721.jpeg\" loading=\"lazy\" class=\"aw__sc-dklauk-0 LPzKX\"\/><\/p>\n<p>Avaa kuvien katselu<\/p>\n<p>Valtionsyytt\u00e4j\u00e4 Ari-Pekka Koivisto kertoi p\u00e4\u00e4t\u00f6ksest\u00e4\u00e4n torstaina. Kuva: Ghadi Boustani \/ YleMiksi syytt\u00e4j\u00e4 ei valita seksuaalirikoksista?<\/p>\n<p class=\"aw__sc-1qwuw0s-0 aw__sc-ngllmo-0 epAWpq fzYpjk yle__article__paragraph\">Syytt\u00e4j\u00e4 katsoo, ett\u00e4 hovioikeus ei olisi todenn\u00e4k\u00f6isesti langettanut tuomiota seksuaalirikoksista syytt\u00e4j\u00e4n n\u00e4yt\u00f6n perusteella.<\/p>\n<p class=\"aw__sc-1qwuw0s-0 aw__sc-ngllmo-0 epAWpq fzYpjk yle__article__paragraph\">Syytt\u00e4j\u00e4n t\u00e4rkein n\u00e4ytt\u00f6 olivat k\u00e4r\u00e4j\u00e4oikeudessa lasten aiemmat kertomukset 15 vuoden takaa.<\/p>\n<p class=\"aw__sc-1qwuw0s-0 aw__sc-ngllmo-0 epAWpq fzYpjk yle__article__paragraph\">Syytt\u00e4j\u00e4n p\u00e4\u00e4t\u00f6kseen vaikutti siis se, ett\u00e4 lapset muuttivat aiempia kertomuksiaan.<\/p>\n<p class=\"aw__sc-1qwuw0s-0 aw__sc-ngllmo-0 epAWpq fzYpjk yle__article__paragraph\">Lapset kertoivat muutama vuosi sitten, ettei heihin olekaan kohdistunut v\u00e4itettyj\u00e4 rikoksia.<\/p>\n<p class=\"aw__sc-1qwuw0s-0 aw__sc-ngllmo-0 epAWpq fzYpjk yle__article__paragraph\">Valtakunnansyytt\u00e4j\u00e4 <strong class=\"aw__sc-ngllmo-2 gdRrun yle__article__strong\">Ari-Pekka Koivisto<\/strong> <a class=\"aw__sc-ngllmo-1 bTDnwX yle__article__link\" href=\"https:\/\/yle.fi\/a\/74-20224210\" role=\"link\" rel=\"nofollow noopener\" target=\"_blank\">ilmoitti<\/a> aiemmin toukokuussa tyytym\u00e4tt\u00f6myytt\u00e4 k\u00e4r\u00e4j\u00e4oikeuden vapauttavaan tuomioon.<\/p>\n<p class=\"aw__sc-1qwuw0s-0 aw__sc-ngllmo-0 epAWpq fzYpjk yle__article__paragraph\">Varsinais-Suomen k\u00e4r\u00e4j\u00e4oikeus <a class=\"aw__sc-ngllmo-1 bTDnwX yle__article__link\" href=\"https:\/\/yle.fi\/a\/74-20218380\" role=\"link\" rel=\"nofollow noopener\" target=\"_blank\">hylk\u00e4si<\/a> huhtikuun lopussa kaikki Anneli Auerin ja Jens Ihlen seksuaalirikos- ja pahoinpitelysyytteet.<\/p>\n<p class=\"aw__sc-1qwuw0s-0 aw__sc-ngllmo-0 epAWpq fzYpjk yle__article__paragraph\">K\u00e4r\u00e4j\u00e4oikeuden mukaan Auerin lasten aiemmat puheet heihin kohdistuneista teoista ovat ep\u00e4uskottavia, eiv\u00e4tk\u00e4 ne saaneet oikeudenk\u00e4ynniss\u00e4 merkityksellisell\u00e4 tavalla tukea muusta todistelusta.<\/p>\n<p class=\"aw__sc-1qwuw0s-0 aw__sc-ngllmo-0 epAWpq fzYpjk yle__article__paragraph\">Oikeuden mukaan lasten kertomukset ovat osin jopa selv\u00e4sti ristiriidassa muun todistelun kanssa.<\/p>\n<p class=\"aw__sc-1qwuw0s-0 aw__sc-ngllmo-0 epAWpq fzYpjk yle__article__paragraph\">Syytt\u00e4j\u00e4 on pit\u00e4nyt k\u00e4r\u00e4j\u00e4oikeuden ratkaisua v\u00e4\u00e4r\u00e4n\u00e4.<\/p>\n<p class=\"aw__sc-1qwuw0s-0 aw__sc-ngllmo-0 epAWpq fzYpjk yle__article__paragraph\">Syytt\u00e4j\u00e4 totesi tuomion j\u00e4lkeen, ett\u00e4 \u201dsyytt\u00e4j\u00e4ll\u00e4 oli toisenlainen n\u00e4kemys\u201d siit\u00e4, olivatko lasten aiemmat kertomukset luotettavia.<\/p>\n<p>Vuosien oikeusprosessi<\/p>\n<p class=\"aw__sc-1qwuw0s-0 aw__sc-ngllmo-0 epAWpq fzYpjk yle__article__paragraph\">Varsinais-Suomen k\u00e4r\u00e4j\u00e4oikeus tuomitsi Auerin ja Ihlen vuonna 2012 Auerin lapsiin kohdistuneista julmista seksuaali- ja pahoinpitelyrikoksista pitkiin vankeusrangaistuksiin.<\/p>\n<p class=\"aw__sc-1qwuw0s-0 aw__sc-ngllmo-0 epAWpq fzYpjk yle__article__paragraph\">My\u00f6s Turun hovioikeus tuomitsi heid\u00e4t vuonna 2013.<\/p>\n<p class=\"aw__sc-1qwuw0s-0 aw__sc-ngllmo-0 epAWpq fzYpjk yle__article__paragraph\">Hovioikeus langetti Auerille 7,5 vuoden vankeustuomion ja Ihlelle 10 vuoden vankeustuomion.<\/p>\n<p class=\"aw__sc-1qwuw0s-0 aw__sc-ngllmo-0 epAWpq fzYpjk yle__article__paragraph\">Auer ja Ihle istuivat ensikertalaisina puolet tuomiostaan.<\/p>\n<p class=\"aw__sc-1qwuw0s-0 aw__sc-ngllmo-0 epAWpq fzYpjk yle__article__paragraph\">Auerin lapset kertoivat muutama vuosi sitten, ett\u00e4 he olivat aiemmin kertoneet totuudenvastaisesti heihin kohdistuneista teoista.<\/p>\n<p class=\"aw__sc-1qwuw0s-0 aw__sc-ngllmo-0 epAWpq fzYpjk yle__article__paragraph\">Korkein oikeus purki vuonna 2024 Auerin ja Ihlen aiemmat tuomiot seksuaalirikoksista.<\/p>\n<p class=\"aw__sc-1qwuw0s-0 aw__sc-ngllmo-0 epAWpq fzYpjk yle__article__paragraph\">Valtakunnansyytt\u00e4j\u00e4 nosti uudet syytteet, ja uusi oikeudenk\u00e4ynti alkoi viime syksyn\u00e4.<\/p>\n<p class=\"aw__sc-1qwuw0s-0 aw__sc-ngllmo-0 epAWpq fzYpjk yle__article__paragraph\"><strong class=\"aw__sc-ngllmo-2 gdRrun yle__article__strong\">N\u00e4in erikoissyytt\u00e4j\u00e4 Leena Koivuniemi kommentoi syytteiden hylk\u00e4\u00e4mist\u00e4 29. huhtikuuta 2026:<\/strong><\/p>\n<p class=\"aw__sc-1qwuw0s-0 aw__sc-ngllmo-0 epAWpq fzYpjk yle__article__paragraph\">Uutinen p\u00e4ivittyy.<\/p>\n","protected":false},"excerpt":{"rendered":"Valtakunnansyytt\u00e4j\u00e4 ei valita hovioikeuteen Anneli Auerin ja Jens Ihlen vapauttavasta seksuaalirikostuomiosta. Se tarkoittaa sit\u00e4, ett\u00e4 Varsinais-Suomen k\u00e4r\u00e4j\u00e4oikeuden vapauttava&hellip;\n","protected":false},"author":2,"featured_media":260458,"comment_status":"","ping_status":"","sticky":false,"template":"","format":"standard","meta":{"footnotes":"","_share_on_mastodon":"0"},"categories":[12],"tags":[10877,22,23,26,27,33,31,30,17,71,24,25,28,29,15,2098,18,21,32,19,20,662,16,6472,663],"class_list":["post-260457","post","type-post","status-publish","format-standard","has-post-thumbnail","category-suomi","tag-anneli-auer","tag-breaking-news","tag-breakingnews","tag-featured-news","tag-featurednews","tag-fi","tag-finland","tag-finnish","tag-headlines","tag-kotimaa","tag-latest-news","tag-latestnews","tag-main-news","tag-mainnews","tag-news","tag-oikeudenkaynnit","tag-otsikot","tag-paauutiset","tag-suomi","tag-top-stories","tag-topstories","tag-turku","tag-uutiset","tag-varsinais-suomen-karajaoikeus","tag-varsinais-suomi"],"share_on_mastodon":{"url":"https:\/\/pubeurope.com\/@fi\/116651545658129377","error":""},"_links":{"self":[{"href":"https:\/\/www.europesays.com\/fi\/wp-json\/wp\/v2\/posts\/260457","targetHints":{"allow":["GET"]}}],"collection":[{"href":"https:\/\/www.europesays.com\/fi\/wp-json\/wp\/v2\/posts"}],"about":[{"href":"https:\/\/www.europesays.com\/fi\/wp-json\/wp\/v2\/types\/post"}],"author":[{"embeddable":true,"href":"https:\/\/www.europesays.com\/fi\/wp-json\/wp\/v2\/users\/2"}],"replies":[{"embeddable":true,"href":"https:\/\/www.europesays.com\/fi\/wp-json\/wp\/v2\/comments?post=260457"}],"version-history":[{"count":0,"href":"https:\/\/www.europesays.com\/fi\/wp-json\/wp\/v2\/posts\/260457\/revisions"}],"wp:featuredmedia":[{"embeddable":true,"href":"https:\/\/www.europesays.com\/fi\/wp-json\/wp\/v2\/media\/260458"}],"wp:attachment":[{"href":"https:\/\/www.europesays.com\/fi\/wp-json\/wp\/v2\/media?parent=260457"}],"wp:term":[{"taxonomy":"category","embeddable":true,"href":"https:\/\/www.europesays.com\/fi\/wp-json\/wp\/v2\/categories?post=260457"},{"taxonomy":"post_tag","embeddable":true,"href":"https:\/\/www.europesays.com\/fi\/wp-json\/wp\/v2\/tags?post=260457"}],"curies":[{"name":"wp","href":"https:\/\/api.w.org\/{rel}","templated":true}]}}