{"id":26079,"date":"2025-09-05T04:52:08","date_gmt":"2025-09-05T04:52:08","guid":{"rendered":"https:\/\/www.europesays.com\/fi\/26079\/"},"modified":"2025-09-05T04:52:08","modified_gmt":"2025-09-05T04:52:08","slug":"osa-kokkolan-kinojuhlien-naytoksista-on-jo-loppuunmyyty-alueen-kansanedustajat-kutsuttiin-todistamaan-elokuvan-voimaa-keski-pohjanmaa","status":"publish","type":"post","link":"https:\/\/www.europesays.com\/fi\/26079\/","title":{"rendered":"Osa Kokkolan Kinojuhlien n\u00e4yt\u00f6ksist\u00e4 on jo loppuunmyyty \u2013 alueen kansanedustajat kutsuttiin todistamaan elokuvan voimaa | Keski-Pohjanmaa"},"content":{"rendered":"<p class=\"sc-jYczwO sc-dNFkOE frIBdZ edVjwg yle__article__paragraph\">Festivaalin teemamaana on t\u00e4ll\u00e4 kertaa Iso-Britannia. Kinojuhlat j\u00e4rjestet\u00e4\u00e4n ensi viikolla Kokkolassa.<\/p>\n<p><img decoding=\"async\" alt=\"Elokuvateatterissa yleis\u00f6 katsoo mustavalkoista elokuvaa ja lavalla soittaa live-orkesteri.\" src=\"https:\/\/www.europesays.com\/fi\/wp-content\/uploads\/2025\/09\/39-133721766c739f6ad47b.jpeg\" class=\"sc-dntSTA iywpZY\"\/><\/p>\n<p>Avaa kuvien katselu<\/p>\n<p>Kino-orkesteri s\u00e4esti Juho Kuosmasen mykk\u00e4elokuvatrilogian esityst\u00e4 vuoden 2023 Kinojuhlilla. Kuva: Clas-Olav Slotte \/ Kokkolan Kinojuhlat<\/p>\n<p class=\"sc-jYczwO sc-ciCoXh frIBdZ cPdSqu yle__article__paragraph\">Osa Kokkolan Kinojuhlien n\u00e4yt\u00f6ksist\u00e4 on jo myyty loppuun. Liput tulivat myyntiin viikko sitten.<\/p>\n<p class=\"sc-jYczwO sc-ciCoXh frIBdZ cPdSqu yle__article__paragraph\">\u2013 Ensimm\u00e4isten n\u00e4yt\u00f6sten liput meniv\u00e4t k\u00e4yt\u00e4nn\u00f6ss\u00e4 muutamassa tunnissa, kertoo festivaalin toiminnanjohtaja <strong class=\"sc-eEHciv kkmMDs yle__article__strong\">Kaisa Kukkola<\/strong>.<\/p>\n<p class=\"sc-jYczwO sc-ciCoXh frIBdZ cPdSqu yle__article__paragraph\">T\u00e4ysille saleille py\u00f6riv\u00e4t muun muassa <strong class=\"sc-eEHciv kkmMDs yle__article__strong\">Charlie Chaplinin<\/strong> mykk\u00e4elokuvien konsertti ja <strong class=\"sc-eEHciv kkmMDs yle__article__strong\">Payal Kapadianin<\/strong> ohjaama All We Imagine as Light. My\u00f6s festivaalin avajaiselokuva, <strong class=\"sc-eEHciv kkmMDs yle__article__strong\">Mike Leigh\u2019n<\/strong> Vuosi el\u00e4m\u00e4st\u00e4 on loppuunmyyty.<\/p>\n<p class=\"sc-jYczwO sc-ciCoXh frIBdZ cPdSqu yle__article__paragraph\">\u2013 On poikkeuksellista, ett\u00e4 avajaisillan esitys torstaina on t\u00e4ynn\u00e4. Muistaakseni n\u00e4in ei ole aiemmin k\u00e4ynyt, pohtii Kukkola.<\/p>\n<p class=\"sc-jYczwO sc-ciCoXh frIBdZ cPdSqu yle__article__paragraph\">T\u00e4n\u00e4 vuonna lipunmyynti on h\u00e4nen mukaansa jakautunut aiempaa tasaisemmin eri p\u00e4iville.<\/p>\n<p class=\"sc-jYczwO sc-ciCoXh frIBdZ cPdSqu yle__article__paragraph\">Festivaali j\u00e4rjestet\u00e4\u00e4n ensi viikolla Kokkolassa. Teemamaana on t\u00e4n\u00e4 vuonna Iso-Britannia.<\/p>\n<p>Kansanedustajat kutsuttu mukaan<\/p>\n<p class=\"sc-jYczwO sc-ciCoXh frIBdZ cPdSqu yle__article__paragraph\">Kokkolan Kinojuhlat nostaa esiin my\u00f6s elokuva-alan huolen hallituksen esitt\u00e4mist\u00e4 budjettileikkauksista. Suomen Elokuvas\u00e4\u00e4ti\u00f6n mukaan budjettiesityksen noin 7 miljoonan euron leikkaukset kohdistuvat suoraan kotimaisen elokuvan tuotantoon.<\/p>\n<p><img decoding=\"async\" alt=\"Duudsonien elkokuvantekoa hein\u00e4kuussa 2025.\" src=\"https:\/\/www.europesays.com\/fi\/wp-content\/uploads\/2025\/09\/1757047928_675_39-1493903687640ca00557.jpeg\" class=\"sc-dntSTA iywpZY\"\/><\/p>\n<p class=\"sc-jYczwO sc-ciCoXh frIBdZ cPdSqu yle__article__paragraph\">J\u00e4rjest\u00e4j\u00e4t ovatkin kutsuneet alueen kansanedustajat katsomaan kuinka kulttuurity\u00f6t\u00e4 tehd\u00e4\u00e4n, ja miten elokuva koskettaa ihmisi\u00e4.<\/p>\n<p class=\"sc-jYczwO sc-ciCoXh frIBdZ cPdSqu yle__article__paragraph\">\u2013 Haluamme osoittaa, milt\u00e4 kulttuurity\u00f6 n\u00e4ytt\u00e4\u00e4 paikan p\u00e4\u00e4ll\u00e4 ja kuinka merkityksellist\u00e4 se on niin tekij\u00f6ille kuin k\u00e4vij\u00f6illekin. Toivomme, ett\u00e4 kulttuurin merkitys avautuisi kansanedustajille muutenkin kuin vain paperilla, Kaisa Kukkola sanoo.<\/p>\n<p class=\"sc-jYczwO sc-ciCoXh frIBdZ cPdSqu yle__article__paragraph\">H\u00e4n muistuttaa my\u00f6s elokuvan merkityksest\u00e4 yhteiskunnalle.<\/p>\n<p class=\"sc-jYczwO sc-ciCoXh frIBdZ cPdSqu yle__article__paragraph\">\u2013 Suomalaiseen elokuvaan investoitu euro tulee valtiolle kaksinkertaisena takaisin. T\u00e4st\u00e4 on tuoretta tutkimustietoa. Elokuvaa ei pid\u00e4 rinnastaa yritystukeen, vaan n\u00e4hd\u00e4 laajempana kulttuurisena panostuksena.<\/p>\n","protected":false},"excerpt":{"rendered":"Festivaalin teemamaana on t\u00e4ll\u00e4 kertaa Iso-Britannia. Kinojuhlat j\u00e4rjestet\u00e4\u00e4n ensi viikolla Kokkolassa. Avaa kuvien katselu Kino-orkesteri s\u00e4esti Juho Kuosmasen&hellip;\n","protected":false},"author":2,"featured_media":26080,"comment_status":"","ping_status":"","sticky":false,"template":"","format":"standard","meta":{"footnotes":""},"categories":[130],"tags":[6149,155,137,970,33,31,30,451,991,108,32,109],"class_list":{"0":"post-26079","1":"post","2":"type-post","3":"status-publish","4":"format-standard","5":"has-post-thumbnail","7":"category-viihde","8":"tag-elokuvafestivaalit","9":"tag-elokuvat","10":"tag-entertainment","11":"tag-festivaalit","12":"tag-fi","13":"tag-finland","14":"tag-finnish","15":"tag-keski-pohjanmaa","16":"tag-kokkola","17":"tag-kulttuuri","18":"tag-suomi","19":"tag-viihde"},"share_on_mastodon":{"url":"","error":""},"_links":{"self":[{"href":"https:\/\/www.europesays.com\/fi\/wp-json\/wp\/v2\/posts\/26079","targetHints":{"allow":["GET"]}}],"collection":[{"href":"https:\/\/www.europesays.com\/fi\/wp-json\/wp\/v2\/posts"}],"about":[{"href":"https:\/\/www.europesays.com\/fi\/wp-json\/wp\/v2\/types\/post"}],"author":[{"embeddable":true,"href":"https:\/\/www.europesays.com\/fi\/wp-json\/wp\/v2\/users\/2"}],"replies":[{"embeddable":true,"href":"https:\/\/www.europesays.com\/fi\/wp-json\/wp\/v2\/comments?post=26079"}],"version-history":[{"count":0,"href":"https:\/\/www.europesays.com\/fi\/wp-json\/wp\/v2\/posts\/26079\/revisions"}],"wp:featuredmedia":[{"embeddable":true,"href":"https:\/\/www.europesays.com\/fi\/wp-json\/wp\/v2\/media\/26080"}],"wp:attachment":[{"href":"https:\/\/www.europesays.com\/fi\/wp-json\/wp\/v2\/media?parent=26079"}],"wp:term":[{"taxonomy":"category","embeddable":true,"href":"https:\/\/www.europesays.com\/fi\/wp-json\/wp\/v2\/categories?post=26079"},{"taxonomy":"post_tag","embeddable":true,"href":"https:\/\/www.europesays.com\/fi\/wp-json\/wp\/v2\/tags?post=26079"}],"curies":[{"name":"wp","href":"https:\/\/api.w.org\/{rel}","templated":true}]}}