{"id":26081,"date":"2025-09-05T04:54:17","date_gmt":"2025-09-05T04:54:17","guid":{"rendered":"https:\/\/www.europesays.com\/fi\/26081\/"},"modified":"2025-09-05T04:54:17","modified_gmt":"2025-09-05T04:54:17","slug":"janne-ikola-potkii-yrityksia-tekoalyn-pariin-paljasjalkainen-helsinkilainen-toi-yrityksensa-kajaaniin-ja-kiittaa-nyt-onneaan","status":"publish","type":"post","link":"https:\/\/www.europesays.com\/fi\/26081\/","title":{"rendered":"Janne Ikola potkii yrityksi\u00e4 teko\u00e4lyn pariin \u2013 paljasjalkainen helsinkil\u00e4inen toi yrityksens\u00e4 Kajaaniin ja kiitt\u00e4\u00e4 nyt onneaan"},"content":{"rendered":"<p>                                  Paikallisuutiset<\/p>\n<p>                <img loading=\"lazy\" decoding=\"async\" itemprop=\"contentUrl\" class=\"figure-img img-fluid\"  src=\"https:\/\/www.europesays.com\/fi\/wp-content\/uploads\/2025\/09\/1757048056_650_imengine.public.prod.hil.infomaker.io\" width=\"6240\" height=\"3510\"  alt=\"\"\/><\/p>\n<p>                                    Janne Ikolan Bottiverstas aloittaa uusissa tiloissa vanhalla L\u00f6nnrotin koululla. Tilassa on ollut aikoinaan esimerkiksi Kajaanin Ase- ja Varusmuseo ja Kainuun Pirtti.<br \/>\n                                                    Kuva:<br \/>\n                    Tanja Nuotio<\/p>\n<p class=\"ew-preamble\" itemprop=\"description\">Janne Ikolan Sipoossa perustama Bottiverstas auttaa ty\u00f6paikkoja teko\u00e4lyn kanssa vauhtiin nyt Kajaanista k\u00e4sin. \u201dIsoista yrityksist\u00e4 l\u00e4htien ollaan l\u00e4ht\u00f6kuopissa kautta linjan\u201d, Ikola kuvailee teko\u00e4lyn hy\u00f6dynt\u00e4mist\u00e4.<\/p>\n<p>      MAINOS &#8211; juttu jatkuu mainoksen j\u00e4lkeen<\/p>\n<p>      MAINOS &#8211; mainos p\u00e4\u00e4ttyy<\/p>\n<p class=\"ew-body\">\u2013 Perustin yrityksen, koska haluaisin, ett\u00e4 suomalaiset yritykset olisivat t\u00e4ll\u00e4 kertaa enemm\u00e4n etukenossa kuin takakenossa ottamassa uutta teknologiaa k\u00e4ytt\u00f6\u00f6n.<\/p>\n<p class=\"ew-body\">N\u00e4in toteaa kajaanilainen Janne Ikola, 47, joka perusti Bottiverstas-yrityksen kaksi vuotta sitten. Bottiverstas tarjoaa teko\u00e4lyn ty\u00f6kaluja<\/p>\n<p>  <a class=\"btn btn-secondary btn-icon-left\" href=\"#coral_thread\"><br \/>\n    <img decoding=\"async\" src=\"https:\/\/www.kainuunsanomat.fi\/wp-content\/themes\/hilla-theme\/assets\/img\/icon_comments.svg\" alt=\"\"\/><br \/>\n    Kommentoi<br \/>\n  <\/a><\/p>\n<p>  <a class=\"btn btn-secondary btn-icon-left mailto_web\" href=\"mailto:toimitus@kainuunsanomat.fi?subject=Ilmoita%20asiavirheest%C3%A4&amp;body=Otsikko%3A%20Janne%20Ikola%20potkii%20yrityksi%C3%A4%20teko%C3%A4lyn%20pariin%20%E2%80%93%20paljasjalkainen%20helsinkil%C3%A4inen%20toi%20yrityksens%C3%A4%20Kajaaniin%20ja%20kiitt%C3%A4%C3%A4%20nyt%20onneaan%0AUuid%3A%2078302fc3-7791-47af-a0d5-da9532632887%0AUrl%3A%20https%3A%2F%2Fwww.kainuunsanomat.fi%2Fartikkeli%2Fjanne-ikola-potkii-yrityksia-tekoalyn-pariin-paljasjalkainen-helsinkilainen-toi-yrityksensa-kajaan\"><br \/>\n    <img decoding=\"async\" src=\"https:\/\/www.kainuunsanomat.fi\/wp-content\/themes\/hilla-theme\/assets\/img\/icon_feedback.svg\" alt=\"\"\/><br \/>\n    Ilmoita asiavirheest\u00e4<br \/>\n  <\/a><\/p>\n","protected":false},"excerpt":{"rendered":"Paikallisuutiset Janne Ikolan Bottiverstas aloittaa uusissa tiloissa vanhalla L\u00f6nnrotin koululla. Tilassa on ollut aikoinaan esimerkiksi Kajaanin Ase- ja&hellip;\n","protected":false},"author":2,"featured_media":26082,"comment_status":"","ping_status":"","sticky":false,"template":"","format":"standard","meta":{"footnotes":""},"categories":[84],"tags":[33,31,30,32,91,92],"class_list":{"0":"post-26081","1":"post","2":"type-post","3":"status-publish","4":"format-standard","5":"has-post-thumbnail","7":"category-teknologia","8":"tag-fi","9":"tag-finland","10":"tag-finnish","11":"tag-suomi","12":"tag-technology","13":"tag-teknologia"},"share_on_mastodon":{"url":"","error":""},"_links":{"self":[{"href":"https:\/\/www.europesays.com\/fi\/wp-json\/wp\/v2\/posts\/26081","targetHints":{"allow":["GET"]}}],"collection":[{"href":"https:\/\/www.europesays.com\/fi\/wp-json\/wp\/v2\/posts"}],"about":[{"href":"https:\/\/www.europesays.com\/fi\/wp-json\/wp\/v2\/types\/post"}],"author":[{"embeddable":true,"href":"https:\/\/www.europesays.com\/fi\/wp-json\/wp\/v2\/users\/2"}],"replies":[{"embeddable":true,"href":"https:\/\/www.europesays.com\/fi\/wp-json\/wp\/v2\/comments?post=26081"}],"version-history":[{"count":0,"href":"https:\/\/www.europesays.com\/fi\/wp-json\/wp\/v2\/posts\/26081\/revisions"}],"wp:featuredmedia":[{"embeddable":true,"href":"https:\/\/www.europesays.com\/fi\/wp-json\/wp\/v2\/media\/26082"}],"wp:attachment":[{"href":"https:\/\/www.europesays.com\/fi\/wp-json\/wp\/v2\/media?parent=26081"}],"wp:term":[{"taxonomy":"category","embeddable":true,"href":"https:\/\/www.europesays.com\/fi\/wp-json\/wp\/v2\/categories?post=26081"},{"taxonomy":"post_tag","embeddable":true,"href":"https:\/\/www.europesays.com\/fi\/wp-json\/wp\/v2\/tags?post=26081"}],"curies":[{"name":"wp","href":"https:\/\/api.w.org\/{rel}","templated":true}]}}