{"id":260819,"date":"2026-05-28T17:56:13","date_gmt":"2026-05-28T17:56:13","guid":{"rendered":"https:\/\/www.europesays.com\/fi\/260819\/"},"modified":"2026-05-28T17:56:13","modified_gmt":"2026-05-28T17:56:13","slug":"valtakunnansyyttaja-jyrahtaa-auer-jutun-asianajajien-palkkioista-hottoa-kotimaa","status":"publish","type":"post","link":"https:\/\/www.europesays.com\/fi\/260819\/","title":{"rendered":"Valtakunnansyytt\u00e4j\u00e4 jyr\u00e4ht\u00e4\u00e4 Auer-jutun asianajajien palkkioista: \u201dH\u00f6tt\u00f6\u00e4\u201d | Kotimaa"},"content":{"rendered":"<p class=\"aw__sc-1qwuw0s-0 aw__sc-1vg2sqm-0 epAWpq ecELkD yle__article__paragraph\">Valtakunnansyytt\u00e4j\u00e4 haluaa hovioikeuden antavan Anneli Auerille rangaistuksen kolmesta pahoinpitelyst\u00e4. H\u00e4n pit\u00e4\u00e4 my\u00f6s asianajajien palkkioita liian suurina.<\/p>\n<p><img decoding=\"async\" alt=\"Harmaapukuinen henkil\u00f6 katsoo kameran yli punatiilisen rakennuksen edess\u00e4.\" src=\"https:\/\/www.europesays.com\/fi\/wp-content\/uploads\/2026\/05\/1779973756.jpeg\" class=\"aw__sc-dklauk-0 LPzKX\"\/><\/p>\n<p>Avaa kuvien katselu<\/p>\n<p>Valtakunnansyytt\u00e4j\u00e4 Ari-Pekka Koivisto ei pid\u00e4 todenn\u00e4k\u00f6isen\u00e4, ett\u00e4 hovioikeus tuomitsisi Anneli Aueria ja Jens Ihle\u00e4 seksuaalirikoksista k\u00e4r\u00e4j\u00e4oikeuden vapauttavan tuomion j\u00e4lkeen. Kuva: Silja Viitala \/ Yle<\/p>\n<p class=\"aw__sc-1qwuw0s-0 aw__sc-ngllmo-0 epAWpq fzYpjk yle__article__paragraph\">Syytt\u00e4j\u00e4 haluaa, ett\u00e4 <strong class=\"aw__sc-ngllmo-2 gdRrun yle__article__strong\">Anneli Auerin<\/strong> pahoinpitelyrikokset k\u00e4sitell\u00e4\u00e4n viel\u00e4 hovioikeudessa.<\/p>\n<p class=\"aw__sc-1qwuw0s-0 aw__sc-ngllmo-0 epAWpq fzYpjk yle__article__paragraph\">Valtakunnansyytt\u00e4j\u00e4 <strong class=\"aw__sc-ngllmo-2 gdRrun yle__article__strong\">Ari-Pekka Koivisto<\/strong> toivoo, ett\u00e4 hovioikeus poistaisi t\u00e4lt\u00e4 osin k\u00e4r\u00e4j\u00e4oikeuden tuoreimman tuomion ja m\u00e4\u00e4r\u00e4isi Auerille kolmesta lapsiinsa kohdistuneesta pahoinpitelyst\u00e4 \u201dasianmukaisen rangaistuksen\u201d.<\/p>\n<p class=\"aw__sc-1qwuw0s-0 aw__sc-ngllmo-0 epAWpq fzYpjk yle__article__paragraph\">Anneli Auer syyllistyi vuoden 2013 tuomion mukaan muun muassa tytt\u00e4rens\u00e4 tukistamiseen ja poikansa ly\u00f6miseen.<\/p>\n<p class=\"aw__sc-1qwuw0s-0 aw__sc-ngllmo-0 epAWpq fzYpjk yle__article__paragraph\"><strong class=\"aw__sc-ngllmo-2 gdRrun yle__article__strong\">N\u00e4in<\/strong> <strong class=\"aw__sc-ngllmo-2 gdRrun yle__article__strong\">valtakunnansyytt\u00e4j\u00e4 perustelee<\/strong> <strong class=\"aw__sc-ngllmo-2 gdRrun yle__article__strong\">Ylelle, miksi valittaa kolmeen pahoinpitelyyn liittyv\u00e4st\u00e4 ratkaisusta:<\/strong><\/p>\n<p>Ari-Pekka Koivisto oli Yle Uutisten haastattelussa 28. toukokuuta 2026.<\/p>\n<p class=\"aw__sc-1qwuw0s-0 aw__sc-ngllmo-0 epAWpq fzYpjk yle__article__paragraph\">N\u00e4ist\u00e4 teoista Auer on siis tuomittu aiemmin, eik\u00e4 korkein oikeus n\u00e4it\u00e4 tuomioita purkanut. K\u00e4r\u00e4j\u00e4oikeus kuitenkin hylk\u00e4si n\u00e4m\u00e4 syytteet tuoreessa p\u00e4\u00e4t\u00f6ksess\u00e4\u00e4n.<\/p>\n<p class=\"aw__sc-1qwuw0s-0 aw__sc-ngllmo-0 epAWpq fzYpjk yle__article__paragraph\">Valtakunnansyytt\u00e4j\u00e4 h\u00e4mm\u00e4stelee ristiriitaa.<\/p>\n<p class=\"aw__sc-1qwuw0s-0 aw__sc-ngllmo-0 epAWpq fzYpjk yle__article__paragraph\">\u2013 Kysymys kuuluu, ett\u00e4 jos n\u00e4m\u00e4 kerran olivat hyl\u00e4tt\u00e4vi\u00e4 asioita, miksi korkein oikeus ei hyl\u00e4nnyt niit\u00e4 suoraan.<\/p>\n<p class=\"aw__sc-1qwuw0s-0 aw__sc-ngllmo-0 epAWpq fzYpjk yle__article__paragraph\">Koiviston mukaan uutta p\u00e4\u00e4k\u00e4sittely\u00e4 hovioikeudessa ei t\u00e4m\u00e4n vuoksi tarvitsisi j\u00e4rjest\u00e4\u00e4.<\/p>\n<p class=\"aw__sc-1qwuw0s-0 aw__sc-ngllmo-0 epAWpq fzYpjk yle__article__paragraph\">\u2013 Ne ovat hovioikeuden ratkaistavissa paperiprosessilla, luonnollisesti Anneli Aueria kuullen.<\/p>\n<p class=\"aw__sc-1qwuw0s-0 aw__sc-ngllmo-0 epAWpq fzYpjk yle__article__paragraph\">Jos syytt\u00e4j\u00e4n vaatimus menisi l\u00e4pi, se voisi alentaa Auerille maksettavia korvauksia syytt\u00f6m\u00e4n\u00e4 vankilassa istumisesta.<\/p>\n<p>Koivisto: Asianajajien laskuissa on \u201dh\u00f6tt\u00f6\u00e4\u201d<\/p>\n<p class=\"aw__sc-1qwuw0s-0 aw__sc-ngllmo-0 epAWpq fzYpjk yle__article__paragraph\">Valtakunnansyytt\u00e4j\u00e4 valittaa my\u00f6s asianajajien palkkioista.<\/p>\n<p class=\"aw__sc-1qwuw0s-0 aw__sc-ngllmo-0 epAWpq fzYpjk yle__article__paragraph\">Varsinais-Suomen k\u00e4r\u00e4j\u00e4oikeus m\u00e4\u00e4r\u00e4si valtion maksamaan oikeudenk\u00e4yntikuluja asianajajille yli 400 000 euroa.<\/p>\n<p class=\"aw__sc-1qwuw0s-0 aw__sc-ngllmo-0 epAWpq fzYpjk yle__article__paragraph\">Jens Ihlen asianajajalle <strong class=\"aw__sc-ngllmo-2 gdRrun yle__article__strong\">Kaarle Gummerukselle<\/strong> valtio m\u00e4\u00e4r\u00e4ttiin maksamaan noin 136 000 euroa.<\/p>\n<p class=\"aw__sc-1qwuw0s-0 aw__sc-ngllmo-0 epAWpq fzYpjk yle__article__paragraph\">Anneli Auerin asianajajalle <strong class=\"aw__sc-ngllmo-2 gdRrun yle__article__strong\">Markku Fredmanille<\/strong> valtion on korvattava oikeudenk\u00e4yntikuluja noin 232 000 euroa.<\/p>\n<p class=\"aw__sc-1qwuw0s-0 aw__sc-ngllmo-0 epAWpq fzYpjk yle__article__paragraph\">Auerin lapsia avustaneen asianajaja <strong class=\"aw__sc-ngllmo-2 gdRrun yle__article__strong\">Hanna S\u00f6derlundin<\/strong> kohdalla korvaus on yli 60 000 euroa.<\/p>\n<p class=\"aw__sc-1qwuw0s-0 aw__sc-ngllmo-0 epAWpq fzYpjk yle__article__paragraph\">Ari-Pekka Koivisto sanoo, ett\u00e4 asianajajien palkkiolaskelmissa on mukana \u201dh\u00f6tt\u00f6\u00e4\u201d.<\/p>\n<p class=\"aw__sc-1qwuw0s-0 aw__sc-ngllmo-0 epAWpq fzYpjk yle__article__paragraph\">H\u00e4nen mielest\u00e4\u00e4n laskuihin on esimerkiksi kirjattu toimenpiteit\u00e4, joita valtion ei kuulu korvata.<\/p>\n<p class=\"aw__sc-1qwuw0s-0 aw__sc-ngllmo-0 epAWpq fzYpjk yle__article__paragraph\">T\u00e4llaista ovat Koiviston mukaan esimerkiksi laskutukset Teams-palavereista sek\u00e4 yhteydenpidosta henkil\u00f6ihin, joita ei ole kuultu Varsinais-Suomen k\u00e4r\u00e4j\u00e4oikeudessa.<\/p>\n<p class=\"aw__sc-1qwuw0s-0 aw__sc-ngllmo-0 epAWpq fzYpjk yle__article__paragraph\">\u2013 Meid\u00e4n teht\u00e4v\u00e4mme on arvioida, ovatko ne [korvaukset] kohtuullisia, Koivisto perustelee.<\/p>\n<p>\u201dTuomio on ep\u00e4tasapainossa\u201d<\/p>\n<p class=\"aw__sc-1qwuw0s-0 aw__sc-ngllmo-0 epAWpq fzYpjk yle__article__paragraph\">Valtakunnansyytt\u00e4j\u00e4 <a class=\"aw__sc-ngllmo-1 bTDnwX yle__article__link\" href=\"https:\/\/yle.fi\/a\/74-20227409\" role=\"link\" rel=\"nofollow noopener\" target=\"_blank\">ei aio valittaa<\/a> Anneli Auerin ja <strong class=\"aw__sc-ngllmo-2 gdRrun yle__article__strong\">Jens Ihlen<\/strong> vapauttavasta seksuaalirikostuomiosta.<\/p>\n<p class=\"aw__sc-1qwuw0s-0 aw__sc-ngllmo-0 epAWpq fzYpjk yle__article__paragraph\">Koiviston mielest\u00e4 ei ole todenn\u00e4k\u00f6ist\u00e4, ett\u00e4 hovioikeus p\u00e4\u00e4tyisi toisenlaiseen ratkaisuun kuin k\u00e4r\u00e4j\u00e4oikeus.<\/p>\n<p class=\"aw__sc-1qwuw0s-0 aw__sc-ngllmo-0 epAWpq fzYpjk yle__article__paragraph\">H\u00e4n ilmaisee kuitenkin pettymyksens\u00e4 k\u00e4r\u00e4j\u00e4oikeuden tuomioon, sill\u00e4 h\u00e4nen mukaansa tuomiossa syytt\u00e4j\u00e4n perustelut \u201dloistavat poissaolollaan\u201d.<\/p>\n<p class=\"aw__sc-1qwuw0s-0 aw__sc-ngllmo-0 epAWpq fzYpjk yle__article__paragraph\">\u2013 Tuomio on sill\u00e4 tavalla ep\u00e4tasapainossa.<\/p>\n<p class=\"aw__sc-1qwuw0s-0 aw__sc-ngllmo-0 epAWpq fzYpjk yle__article__paragraph\">Auer ja Ihle ovat nyt syytt\u00f6mi\u00e4 Auerin lapsiin kohdistuneisiin seksuaalirikoksiin, joista he istuivat vankilassa vuosia.<\/p>\n<p class=\"aw__sc-1qwuw0s-0 aw__sc-ngllmo-0 epAWpq fzYpjk yle__article__paragraph\">Miten on mahdollista, ett\u00e4 Suomessa voi joutua syytt\u00f6m\u00e4n\u00e4 vankilaan?<\/p>\n<p class=\"aw__sc-1qwuw0s-0 aw__sc-ngllmo-0 epAWpq fzYpjk yle__article__paragraph\">\u2013 Se on tietysti kovin hyv\u00e4 kysymys, valtakunnansyytt\u00e4j\u00e4 tuumaa.<\/p>\n<p class=\"aw__sc-1qwuw0s-0 aw__sc-ngllmo-0 epAWpq fzYpjk yle__article__paragraph\">H\u00e4n toteaa, ettei vuosina 2012\u20132013 k\u00e4ydyiss\u00e4 Auerin ja Ihlen seksuaalirikosoikeudenk\u00e4ynneiss\u00e4 ollut korkeimman oikeuden mukaan tapahtunut prosessuaalista virhett\u00e4.<\/p>\n<p class=\"aw__sc-1qwuw0s-0 aw__sc-ngllmo-0 epAWpq fzYpjk yle__article__paragraph\">\u2013 Itse en ollut edes syytt\u00e4j\u00e4laitoksessa silloin vuonna 2013, eik\u00e4 minulla ole mit\u00e4\u00e4n tietoa, millainen se prosessi on ollut.<\/p>\n<p class=\"aw__sc-1qwuw0s-0 aw__sc-ngllmo-0 epAWpq fzYpjk yle__article__paragraph\"><strong class=\"aw__sc-ngllmo-2 gdRrun yle__article__strong\">Kuuntele my\u00f6s:<\/strong><\/p>\n<p><img decoding=\"async\" alt=\"\" src=\"https:\/\/www.europesays.com\/fi\/wp-content\/uploads\/2026\/05\/13-1-61894955-1744190688509.png\" class=\"aw__sc-dklauk-0 LPzKX\"\/><\/p>\n","protected":false},"excerpt":{"rendered":"Valtakunnansyytt\u00e4j\u00e4 haluaa hovioikeuden antavan Anneli Auerille rangaistuksen kolmesta pahoinpitelyst\u00e4. H\u00e4n pit\u00e4\u00e4 my\u00f6s asianajajien palkkioita liian suurina. Avaa kuvien&hellip;\n","protected":false},"author":2,"featured_media":260820,"comment_status":"","ping_status":"","sticky":false,"template":"","format":"standard","meta":{"footnotes":"","_share_on_mastodon":"0"},"categories":[12],"tags":[10877,22,23,26,27,33,31,30,17,71,24,25,28,29,15,2098,1915,18,21,4353,32,19,20,16,6472,663],"class_list":["post-260819","post","type-post","status-publish","format-standard","has-post-thumbnail","category-suomi","tag-anneli-auer","tag-breaking-news","tag-breakingnews","tag-featured-news","tag-featurednews","tag-fi","tag-finland","tag-finnish","tag-headlines","tag-kotimaa","tag-latest-news","tag-latestnews","tag-main-news","tag-mainnews","tag-news","tag-oikeudenkaynnit","tag-oikeus","tag-otsikot","tag-paauutiset","tag-seksuaalirikokset","tag-suomi","tag-top-stories","tag-topstories","tag-uutiset","tag-varsinais-suomen-karajaoikeus","tag-varsinais-suomi"],"share_on_mastodon":{"url":"https:\/\/pubeurope.com\/@fi\/116653496251314194","error":""},"_links":{"self":[{"href":"https:\/\/www.europesays.com\/fi\/wp-json\/wp\/v2\/posts\/260819","targetHints":{"allow":["GET"]}}],"collection":[{"href":"https:\/\/www.europesays.com\/fi\/wp-json\/wp\/v2\/posts"}],"about":[{"href":"https:\/\/www.europesays.com\/fi\/wp-json\/wp\/v2\/types\/post"}],"author":[{"embeddable":true,"href":"https:\/\/www.europesays.com\/fi\/wp-json\/wp\/v2\/users\/2"}],"replies":[{"embeddable":true,"href":"https:\/\/www.europesays.com\/fi\/wp-json\/wp\/v2\/comments?post=260819"}],"version-history":[{"count":0,"href":"https:\/\/www.europesays.com\/fi\/wp-json\/wp\/v2\/posts\/260819\/revisions"}],"wp:featuredmedia":[{"embeddable":true,"href":"https:\/\/www.europesays.com\/fi\/wp-json\/wp\/v2\/media\/260820"}],"wp:attachment":[{"href":"https:\/\/www.europesays.com\/fi\/wp-json\/wp\/v2\/media?parent=260819"}],"wp:term":[{"taxonomy":"category","embeddable":true,"href":"https:\/\/www.europesays.com\/fi\/wp-json\/wp\/v2\/categories?post=260819"},{"taxonomy":"post_tag","embeddable":true,"href":"https:\/\/www.europesays.com\/fi\/wp-json\/wp\/v2\/tags?post=260819"}],"curies":[{"name":"wp","href":"https:\/\/api.w.org\/{rel}","templated":true}]}}