{"id":260841,"date":"2026-05-28T18:35:10","date_gmt":"2026-05-28T18:35:10","guid":{"rendered":"https:\/\/www.europesays.com\/fi\/260841\/"},"modified":"2026-05-28T18:35:10","modified_gmt":"2026-05-28T18:35:10","slug":"nayttelijat-joel-hirvonen-ja-isla-mustanoja-muuttivat-avoliittoon","status":"publish","type":"post","link":"https:\/\/www.europesays.com\/fi\/260841\/","title":{"rendered":"N\u00e4yttelij\u00e4t Joel Hirvonen ja Isla Mustanoja muuttivat avoliittoon"},"content":{"rendered":"<p>            MTV3 ja Seiska\n        <\/p>\n<p class=\"subtitle \">Isla Mustanoja ja Joel Hirvonen esiintyiv\u00e4t yhdess\u00e4 Omenavarkaat-elokuvassa.<\/p>\n<p class=\"article-content article-content-width !bg-background\">N\u00e4yttelij\u00e4 , 29, ja h\u00e4nen kollegansa , 31, kertovat Instagramissa iloisesta perheuutisesta.<\/p>\n<p class=\"font-weight-bold m-font-weight-bold article-content article-content-width !bg-background\">Videolla Joel ja H\u00e4jyjen p\u00e4\u00e4t\u00e4hdet kohtaavat etel\u00e4pohjalaisessa murrevisassa<\/p>\n<p class=\"article-content article-content-width !bg-background\">Joelin julkaisemassa Instagram-kuvakarusellissa todetaan kuin ohimennen parin olevan avoliitossa.<\/p>\n<p class=\"article-content article-content-width !bg-background\">\u2013 Laitettiin hynttyyt yhteen, Joel kirjoittaa.<\/p>\n<p>        <a itemprop=\"url\" href=\"https:\/\/www.seiska.fi\/katso\/nyt-puhuu-hajyt-tahti-saamastaan-kritiikista\/1653323\" rel=\"nofollow noopener\" target=\"_blank\"><\/p>\n<p>\nH\u00e4jyt-t\u00e4hti\n<\/p>\n<p class=\"section-date\">\n        <strong class=\"article-section\" data-section=\"katso\"><br \/>\n            katso<br \/>\n        <\/strong><br \/>\n        29.3.2025 16:15\n    <\/p>\n<p>Nyt puhuu H\u00e4jyt-t\u00e4hti saamastaan kritiikist\u00e4\n    <\/p>\n<p itemprop=\"description\" class=\"subtitle \">\n    Kriitikot eiv\u00e4t ole uudesta H\u00e4jyt-elokuvasta juuri pit\u00e4neen, mutta katsojia se on kuitenkin l\u00f6yt\u00e4nyt jo pitk\u00e4n matkaa yli 100 000 silm\u00e4paria.\n<\/p>\n<p>        <\/a><\/p>\n<p class=\"article-content article-content-width !bg-background\">Kuvassa on kerrostaloasunnon postiluukku, jossa on avoparin nimet samalla rivill\u00e4.<\/p>\n<p>&#8221;Pojat muuttivat my\u00f6s&#8221;<\/p>\n<p class=\"article-content article-content-width !bg-background\">Joel ja Isla ovat nuoria n\u00e4yttelij\u00f6it\u00e4, mutta jo kovia tekij\u00f6it\u00e4.<\/p>\n<p class=\"article-content article-content-width !bg-background\">T\u00e4st\u00e4 kertoo vaatimaton ylpeys heid\u00e4n saamastaan tunnustuksesta.\u00a0Samassa Instagram-julkaisussaan avoliittotiedon kanssa Joel on kirjoittanut yhden kuvan kuvatekstiin kuivakkaan toteamuksen.<\/p>\n<p class=\"article-content article-content-width !bg-background\">\u2013 Pojat muuttivat my\u00f6s.<\/p>\n<p>        <a itemprop=\"url\" href=\"https:\/\/www.seiska.fi\/kotimaa\/anna-hajyt-tahden-pituuskasvulla-karut-seuraukset\/2078878\" rel=\"nofollow noopener\" target=\"_blank\"><\/p>\n<p>\nH\u00e4jyt-t\u00e4hti Annassa:\n<\/p>\n<p class=\"section-date\">\n        <strong class=\"article-section\" data-section=\"kotimaa\"><br \/>\n            kotimaa<br \/>\n        <\/strong><br \/>\n        18.2. 08:31\n    <\/p>\n<p>Anna: H\u00e4jyt-t\u00e4hden pituuskasvulla karut seuraukset\n    <\/p>\n<p itemprop=\"description\" class=\"subtitle \">\n    Joelin urahaaveet kaatuivat harmillisella tavalla.\n<\/p>\n<p>        <\/a><\/p>\n<p class=\"article-content article-content-width !bg-background\">Kuvassa on kaksi Jussi-patsasta uuden asunnon ikkunalaudalla. P\u00e4\u00e4set kuvaan klikkaamalla kuvan reunoissa olevia nuolia. Kuva yhteisest\u00e4 postiluukusta on toisena, Jussi-patsaat ovat kolmantena.<\/p>\n<p class=\"article-content article-content-width !bg-background\">\u00a0Joel ja Isla ovat esiintyneet yhdess\u00e4 Omenavarkaat-elokuvassa, joka palkittiin viime vuonna Jussi-palkinnolla Ensemble-kategoriassa.<\/p>\n<p class=\"article-content article-content-width !bg-background\">Palkinto oli historiallinen, sill\u00e4 se oli k\u00e4yt\u00f6ss\u00e4 ensimm\u00e4ist\u00e4 kertaa. Koko esiintyj\u00e4ryhm\u00e4lle kuuluvan Ensemble-palkinnon Jussi-patsaatkin ovat nyt siis avoliitossa.<\/p>\n<p>N\u00e4ist\u00e4 heid\u00e4t muistetaan<\/p>\n<p class=\"article-content article-content-width !bg-background\">Isla on tuttu muun muassa tuoreesta Atlantis Pasila -sarjasta ja nuorten aikuisten toilailusta kertovasta Aikuiset-sarjasta. My\u00f6s Vares- ja Aallonmurtaja-sarjat muistetaan. Turun kaupunginteatterissa h\u00e4n oli Pikku naisia -n\u00e4ytelm\u00e4ss\u00e4.<\/p>\n<p>        <a itemprop=\"url\" href=\"https:\/\/www.seiska.fi\/katso\/katsojat-kiihtyivat-ylen-uudesta-kotimaisesta-sarjasta-petyin\/2066247\" rel=\"nofollow noopener\" target=\"_blank\"><\/p>\n<p>\nAtlantis Pasila\n<\/p>\n<p class=\"section-date\">\n        <strong class=\"article-section\" data-section=\"katso\"><br \/>\n            katso<br \/>\n        <\/strong><br \/>\n        5.2. 11:15\n    <\/p>\n<p>Katsojat kiihtyiv\u00e4t Ylen uudesta kotimaisesta sarjasta: &#8221;Petyin&#8221;\n    <\/p>\n<p itemprop=\"description\" class=\"subtitle \">\n    Atlantis Pasila -sarja on jakanut rajusti katsojien mielipiteit\u00e4 sosiaalisessa mediassa.\n<\/p>\n<p>        <\/a><\/p>\n<p class=\"article-content article-content-width !bg-background\">Joel tunnetaan erityisesti\u00a0H\u00e4jyt 2 -elokuvasta sek\u00e4 takavuosina kulttisuosion saaneesta Ylen nuortensarjasta #Lovemilla.\u00a0Kotikatu-sarjassa h\u00e4n esiintyi jo teinin\u00e4yttelij\u00e4n\u00e4.<\/p>\n<p>        <a itemprop=\"url\" href=\"https:\/\/www.seiska.fi\/katso\/joel-hirvonen-sai-uransa-isoimman-roolin-hajyt-elokuvassa-yksi-asia-tuntui-vaikealta\/1602838\" rel=\"nofollow noopener\" target=\"_blank\"><\/p>\n<p>\nH\u00e4jyt 2\n<\/p>\n<p class=\"section-date\">\n        <strong class=\"article-section\" data-section=\"katso\"><br \/>\n            katso<br \/>\n        <\/strong><br \/>\n        12.2.2025 08:15\n    <\/p>\n<p>Joel Hirvonen sai uransa isoimman roolin H\u00e4jyt-elokuvassa \u2013 yksi asia tuntui vaikealta\n    <\/p>\n<p itemprop=\"description\" class=\"subtitle \">\n    H\u00e4jyt on elokuva, josta jokaisella sen n\u00e4hneell\u00e4 on vahva mielipide. Monet ovatkin skeptisi\u00e4 sen suhteen, kuinka puukkojunkkaritarina voi toimia vuonna 2025.\n<\/p>\n<p>        <\/a><\/p>\n<p class=\"article-content article-content-width !bg-background\">Omenavarkaat-leffa toi my\u00f6s henkil\u00f6kohtaisen Jussi-ehdokkuuden p\u00e4\u00e4roolista, vaikka pysti\u00e4 siit\u00e4 ei irronnutkaan. J\u00e4\u00e4kiekkomaailmanmestaruusvuodesta kertovassa elokuvassa 95 Joel n\u00e4ytteli .<\/p>\n<p>        <a itemprop=\"url\" href=\"https:\/\/www.seiska.fi\/kotimaa\/samuli-edelmannilta-yllatyspaljastus-seiskalle\/1603215\" rel=\"nofollow noopener\" target=\"_blank\"><\/p>\n<p>\nSamuli Edelmann\n<\/p>\n<p class=\"section-date\">\n        <strong class=\"article-section\" data-section=\"kotimaa\"><br \/>\n            kotimaa<br \/>\n        <\/strong><br \/>\n        8.2.2025 09:00\n    <\/p>\n<p>Samuli Edelmannilta yll\u00e4tyspaljastus Seiskalle\n    <\/p>\n<p itemprop=\"description\" class=\"subtitle \">\n    Samuli Edelmann herkistyy kehuessaan vastan\u00e4yttelij\u00e4ns\u00e4 Joel Hirvosen roolisuoritusta elokuvassa.\n<\/p>\n<p>        <\/a><\/p>\n","protected":false},"excerpt":{"rendered":"MTV3 ja Seiska Isla Mustanoja ja Joel Hirvonen esiintyiv\u00e4t yhdess\u00e4 Omenavarkaat-elokuvassa. N\u00e4yttelij\u00e4 , 29, ja h\u00e4nen kollegansa ,&hellip;\n","protected":false},"author":2,"featured_media":260842,"comment_status":"","ping_status":"","sticky":false,"template":"","format":"standard","meta":{"footnotes":"","_share_on_mastodon":"0"},"categories":[136],"tags":[4591,33463,13362,7210,12896,407,137,33,31,30,18700,28160,35782,28159,408,15125,30598,3255,35783,651,32,109,17062],"class_list":["post-260841","post","type-post","status-publish","format-standard","has-post-thumbnail","category-julkkikset","tag-avoliitto","tag-avomies","tag-avopari","tag-avopuoliso","tag-avovaimo","tag-celebrities","tag-entertainment","tag-fi","tag-finland","tag-finnish","tag-hajyt","tag-hajyt-2","tag-isla-mustanoja","tag-joel-hirvonen","tag-julkkikset","tag-jussi-palkinto","tag-jussi-patsas","tag-muutto","tag-omenavarkaat","tag-suhteet","tag-suomi","tag-viihde","tag-yhteenmuutto"],"share_on_mastodon":{"url":"https:\/\/pubeurope.com\/@fi\/116653649186418845","error":""},"_links":{"self":[{"href":"https:\/\/www.europesays.com\/fi\/wp-json\/wp\/v2\/posts\/260841","targetHints":{"allow":["GET"]}}],"collection":[{"href":"https:\/\/www.europesays.com\/fi\/wp-json\/wp\/v2\/posts"}],"about":[{"href":"https:\/\/www.europesays.com\/fi\/wp-json\/wp\/v2\/types\/post"}],"author":[{"embeddable":true,"href":"https:\/\/www.europesays.com\/fi\/wp-json\/wp\/v2\/users\/2"}],"replies":[{"embeddable":true,"href":"https:\/\/www.europesays.com\/fi\/wp-json\/wp\/v2\/comments?post=260841"}],"version-history":[{"count":0,"href":"https:\/\/www.europesays.com\/fi\/wp-json\/wp\/v2\/posts\/260841\/revisions"}],"wp:featuredmedia":[{"embeddable":true,"href":"https:\/\/www.europesays.com\/fi\/wp-json\/wp\/v2\/media\/260842"}],"wp:attachment":[{"href":"https:\/\/www.europesays.com\/fi\/wp-json\/wp\/v2\/media?parent=260841"}],"wp:term":[{"taxonomy":"category","embeddable":true,"href":"https:\/\/www.europesays.com\/fi\/wp-json\/wp\/v2\/categories?post=260841"},{"taxonomy":"post_tag","embeddable":true,"href":"https:\/\/www.europesays.com\/fi\/wp-json\/wp\/v2\/tags?post=260841"}],"curies":[{"name":"wp","href":"https:\/\/api.w.org\/{rel}","templated":true}]}}