{"id":260853,"date":"2026-05-28T18:47:10","date_gmt":"2026-05-28T18:47:10","guid":{"rendered":"https:\/\/www.europesays.com\/fi\/260853\/"},"modified":"2026-05-28T18:47:10","modified_gmt":"2026-05-28T18:47:10","slug":"t24-huippuravintola-laittoi-lapun-luukulle-sai-michelin-maininnan-vain-pari-paivaa-aiemmin-teemat","status":"publish","type":"post","link":"https:\/\/www.europesays.com\/fi\/260853\/","title":{"rendered":"T24 | Huippuravintola laittoi lapun luukulle \u2013 sai Michelin-maininnan vain pari p\u00e4iv\u00e4\u00e4 aiemmin | Teemat"},"content":{"rendered":"<p>Kansainv\u00e4linen Michelin-opas julkaisi vasta viime viikolla uusimman listauksensa Viron parhaista ravintoloista. Oppaassa listattujen 43 ravintolan joukossa oli seitsem\u00e4n uutta ravintolaa, joista yksi oli virolaisen huippukokki <strong>Martin Meikaksen<\/strong> O2-ravintola.<\/p>\n<p>Ravintola avasi ovensa Tallinnan bisnesalueena tunnetussa Maakri-korttelissa vasta viime vuoden kes\u00e4kuussa.<\/p>\n<p><strong class=\"diks-storyline__impact\">T\u00e4ll\u00e4 viikolla<\/strong> Viron p\u00e4\u00e4kaupungin ravintolamaailma sai ik\u00e4vi\u00e4 uutisia, kun Meikas julkaisi ravintolansa Facebook-sivulla maanantaina tiedotteen, jossa kertoi O2-ravintolan sulkevan ovensa samana p\u00e4iv\u00e4n\u00e4.<\/p>\n<p>Viron ja englannin kielell\u00e4 julkaistussa tiedotteessa keitti\u00f6mestari sanoi:<\/p>\n<p>\u201dPoikkeuksellisen matkan j\u00e4lkeen olemme p\u00e4\u00e4tt\u00e4neet lopettaa ravintolan toiminnan nykyisess\u00e4 muodossaan. Kiit\u00e4mme vilpitt\u00f6m\u00e4sti kaikkia vieraitamme, yhteisty\u00f6kumppaneitamme, yst\u00e4vi\u00e4mme ja tiimimme j\u00e4seni\u00e4, jotka ovat olleet osa ravintolan tarinaa. Luottamuksenne, tukenne, l\u00e4sn\u00e4olonne ja yhdess\u00e4 jakamamme hetket s\u00e4ilyv\u00e4t mieliss\u00e4mme.\u201d<\/p>\n<p><strong>Lue my\u00f6s: <\/strong><a href=\"https:\/\/www.helsinginuutiset.fi\/teemat\/9199885\" rel=\"nofollow noopener\" target=\"_blank\">Tallinnan bisneskortteliin avattiin huippuravintola \u2013 lounas selke\u00e4sti Suomea halvempi<\/a><\/p>\n<p><a href=\"https:\/\/www.aripaev.ee\/uudised\/2026\/05\/25\/asja-michelini-tunnustuse-saanud-restoran-sulgeb-uksed-oige-asi-valel-ajal-vales-kohas\" rel=\"nofollow noopener\" target=\"_blank\">\u00c4rip\u00e4ev-lehden<\/a> haastattelussa Meikas sanoin sulkemisen syyksi Viron ravintolamarkkinoiden vaikean taloudellisen tilanteen ja kovan kilpailun. H\u00e4n totesi, ett\u00e4 ongelmana ei ollut ravintolan idea tai laatu vaan ajoitus ja sijainti olivat v\u00e4\u00e4r\u00e4t. Ravintolan sijainnin vuoksi sinne ei tullut vieraita sattumalta ja n\u00e4kyvyyden saavuttaminen vaati paljon ty\u00f6t\u00e4, haastattelussa sanotaan.<\/p>\n","protected":false},"excerpt":{"rendered":"Kansainv\u00e4linen Michelin-opas julkaisi vasta viime viikolla uusimman listauksensa Viron parhaista ravintoloista. Oppaassa listattujen 43 ravintolan joukossa oli seitsem\u00e4n&hellip;\n","protected":false},"author":2,"featured_media":260854,"comment_status":"","ping_status":"","sticky":false,"template":"","format":"standard","meta":{"footnotes":"","_share_on_mastodon":"0"},"categories":[14],"tags":[22,23,26,27,33,31,30,17,4984,24,25,28,29,2794,15,18,21,3723,3722,32,3129,3593,19,20,56,16,4029,59,60,61],"class_list":["post-260853","post","type-post","status-publish","format-standard","has-post-thumbnail","category-ulkomaat","tag-breaking-news","tag-breakingnews","tag-featured-news","tag-featurednews","tag-fi","tag-finland","tag-finnish","tag-headlines","tag-keittiot","tag-latest-news","tag-latestnews","tag-main-news","tag-mainnews","tag-majoitus-ja-ravitsemistoiminta","tag-news","tag-otsikot","tag-paauutiset","tag-ravintolat","tag-ravitsemusala","tag-suomi","tag-tallinna","tag-tallinna24","tag-top-stories","tag-topstories","tag-ulkomaat","tag-uutiset","tag-viro","tag-world","tag-world-news","tag-worldnews"],"share_on_mastodon":{"url":"https:\/\/pubeurope.com\/@fi\/116653696423176298","error":""},"_links":{"self":[{"href":"https:\/\/www.europesays.com\/fi\/wp-json\/wp\/v2\/posts\/260853","targetHints":{"allow":["GET"]}}],"collection":[{"href":"https:\/\/www.europesays.com\/fi\/wp-json\/wp\/v2\/posts"}],"about":[{"href":"https:\/\/www.europesays.com\/fi\/wp-json\/wp\/v2\/types\/post"}],"author":[{"embeddable":true,"href":"https:\/\/www.europesays.com\/fi\/wp-json\/wp\/v2\/users\/2"}],"replies":[{"embeddable":true,"href":"https:\/\/www.europesays.com\/fi\/wp-json\/wp\/v2\/comments?post=260853"}],"version-history":[{"count":0,"href":"https:\/\/www.europesays.com\/fi\/wp-json\/wp\/v2\/posts\/260853\/revisions"}],"wp:featuredmedia":[{"embeddable":true,"href":"https:\/\/www.europesays.com\/fi\/wp-json\/wp\/v2\/media\/260854"}],"wp:attachment":[{"href":"https:\/\/www.europesays.com\/fi\/wp-json\/wp\/v2\/media?parent=260853"}],"wp:term":[{"taxonomy":"category","embeddable":true,"href":"https:\/\/www.europesays.com\/fi\/wp-json\/wp\/v2\/categories?post=260853"},{"taxonomy":"post_tag","embeddable":true,"href":"https:\/\/www.europesays.com\/fi\/wp-json\/wp\/v2\/tags?post=260853"}],"curies":[{"name":"wp","href":"https:\/\/api.w.org\/{rel}","templated":true}]}}