{"id":26093,"date":"2025-09-05T05:10:08","date_gmt":"2025-09-05T05:10:08","guid":{"rendered":"https:\/\/www.europesays.com\/fi\/26093\/"},"modified":"2025-09-05T05:10:08","modified_gmt":"2025-09-05T05:10:08","slug":"archie-cruzin-luovuttaminen-erikoisjoukoissa-herattaa-tunteita-vedettiin-tassa-nyt-retkuun","status":"publish","type":"post","link":"https:\/\/www.europesays.com\/fi\/26093\/","title":{"rendered":"Archie Cruzin luovuttaminen Erikoisjoukoissa her\u00e4tt\u00e4\u00e4 tunteita: \u201dVedettiin t\u00e4ss\u00e4 nyt retkuun\u201d"},"content":{"rendered":"<p>Erikoisjoukot-avausjaksossa per\u00e4ti kolme henkil\u00f6\u00e4 luovutti jo heti ensimm\u00e4isen teht\u00e4v\u00e4n aikana.<\/p>\n<p class=\"paragraph\">Erikoisjoukot-ohjelman avausjaksossa n\u00e4htiin <a href=\"https:\/\/www.iltalehti.fi\/tv-ja-leffat\/7cdca5cb-be74-4d79-af32-6209f37e77f0\" rel=\"nofollow noopener\" target=\"_blank\">joukkoluovutus<\/a>, kun per\u00e4ti kolme kokelasta luovutti jo ensimm\u00e4isen teht\u00e4v\u00e4n aikana.<\/p>\n<p class=\"paragraph\">Kokelaiden teht\u00e4v\u00e4n\u00e4 oli suorittaa puinen esterata, johon kuului muun muassa ry\u00f6mimist\u00e4 ja kiipeily\u00e4. Rock-muusikko <strong>Archie Cruz<\/strong>, 33, luovutti yhdess\u00e4 pikajuoksija <strong>Markus P\u00f6yh\u00f6sen<\/strong>, 46, kanssa. My\u00f6hemmin my\u00f6s podcastjuontaja <strong>Aleksi Rantamaa<\/strong>, 32, p\u00e4\u00e4tti poistua leirilt\u00e4.<\/p>\n<p><img decoding=\"async\" class=\"image image-show image-preview\" src=\"https:\/\/www.europesays.com\/fi\/wp-content\/uploads\/2025\/09\/d1b777a3e1912e0b04d6a0ca1170fddbc9bbfefc863da51cae3eedd7842c14ef.jpg\" alt=\"\"\/><img decoding=\"async\" class=\"image image-show\" src=\"https:\/\/www.europesays.com\/fi\/wp-content\/uploads\/2025\/09\/1757049008_884_d1b777a3e1912e0b04d6a0ca1170fddbc9bbfefc863da51cae3eedd7842c14ef.jpg\" alt=\"\"\/><\/p>\n<p>Erikoisjoukkojen ensimm\u00e4inen l\u00e4mmittelyteht\u00e4v\u00e4 sai kolme kilpailijaa keskeytt\u00e4m\u00e4\u00e4n leirin. Nelonen<\/p>\n<p class=\"paragraph\">Joukkoluovutus jakaa mielipiteit\u00e4 erityisesti X:ss\u00e4, Nelosen <a href=\"https:\/\/www.instagram.com\/p\/DOK2Ek4jM0t\/?hl=fi\" target=\"_blank\" rel=\"noopener nofollow\">Instagram<\/a>&#8211; ja <a href=\"https:\/\/www.facebook.com\/nelonen\/posts\/pfbid02otJQd6FMYVZi8Zsw82qotu4LBDgfZSasoEjR65CW9zWXGcjnZCG7KN3GAYJUSVfMl\" target=\"_blank\" rel=\"noopener nofollow\">Facebook<\/a>-julkaisujen kommenttikentiss\u00e4 sek\u00e4 Jodel-keskustelusovelluksessa. Osa on p\u00f6yristyneit\u00e4 siit\u00e4, ett\u00e4 tietyt henkil\u00f6t poistuivat leirilt\u00e4 niin nopeasti.<\/p>\n<p class=\"paragraph\">\u2013 Siis mit\u00e4 tuolla Erikoisjoukoissa tapahtuu? Eik\u00f6 Markus P\u00f6yh\u00f6nen tiennyt, ett\u00e4 tuolla juostaan koko ajan? Ja voi voi Archie.<\/p>\n<p class=\"paragraph\">\u2013 Millainen ihminen ei valmistaudu tuohon etuk\u00e4teen? Kuntokuuri olisi ollut paikallaan.<\/p>\n<p class=\"paragraph\">\u2013 Markus ei ole p\u00e4rj\u00e4nnyt muissakaan tuon tyylisiss\u00e4 ohjelmissa.<\/p>\n<p class=\"paragraph\">\u2013 Ai saatana mit\u00e4 v\u00e4ssyk\u00f6it\u00e4.<\/p>\n<p class=\"paragraph\">\u2013 Veikkaan, ett\u00e4 Archie ja Markus meniv\u00e4t vain hakemaan helpon salkun rahaa ja v\u00e4h\u00e4n julkisuutta. Tiesiv\u00e4t molemmat, ettei heist\u00e4 ole tuohon. Rantamaa tosin vaikutti silt\u00e4, ett\u00e4 oikeasti yritti ja luuli pystyv\u00e4ns\u00e4.<\/p>\n<p class=\"paragraph\">Eniten puhuttaa Cruzin poistuminen leirilt\u00e4. Jotkut ovat suorastaan pettyneit\u00e4 muusikon aikaiseen l\u00e4ht\u00f6\u00f6n.<\/p>\n<p class=\"paragraph\">\u2013 Minulla oli vilpit\u00f6n olettamus, ett\u00e4 Archie taistelee tiens\u00e4 loppuun asti. Minua vedettiin t\u00e4ss\u00e4 nyt retkuun oikein villikelkalla.<\/p>\n<p class=\"paragraph\">\u2013 Minullakin oli odotukset korkealla. Odotin kaudelta sit\u00e4, ett\u00e4 Archie alkaa aukomaan p\u00e4\u00e4t\u00e4\u00e4n kouluttajille ja sitten lent\u00e4isi pihalle tyylikk\u00e4\u00e4mmin. Valitettavasti t\u00e4m\u00e4 meni nyt n\u00e4in.<\/p>\n<p class=\"paragraph\">\u2013 Olisin kyll\u00e4 halunnut, ett\u00e4 h\u00e4n olisi kest\u00e4nyt edes yhden jakson verran.<\/p>\n<p>Archie Cruzin l\u00e4ht\u00f6 ei ollut kaikkien mieleen. Jere Hietala\/Nelonen<\/p>\n<p class=\"paragraph\">Monille Cruzin l\u00e4ht\u00f6 ei tullut yll\u00e4tyksen\u00e4.<\/p>\n<p class=\"paragraph\">\u2013 Yll\u00e4ttyneet parijonoon, ett\u00e4 Archie ulos Erikoisjoukoista ensimm\u00e4isen 20 minuutin aikana.<\/p>\n<p class=\"paragraph\">\u2013 Mik\u00e4 my\u00f6t\u00e4h\u00e4pe\u00e4, kun Archie heitti ylpe\u00e4n\u00e4 kivi\u00e4 [k\u00e4simerkki] Markukselle siit\u00e4, ett\u00e4 he luovuttivat ensimm\u00e4isen puolen tunnin aikana.<\/p>\n<p class=\"paragraph\">\u2013 Osallistujat kuultuani olin p\u00e4\u00e4tt\u00e4nyt, ett\u00e4 alan seurata kautta vasta, kun Archie l\u00e4htee. T\u00e4ss\u00e4h\u00e4n ei tarvinnut kauaa odotella.<\/p>\n<p class=\"paragraph\">\u2013 Ei vittu, tuo Archie. Ensin oli niin isot puheet, ett\u00e4 \u201dvittu n\u00e4yt\u00e4n koko maalle\u201d.<\/p>\n<p>Archie Cruz kertoi olevansa pettynyt suoritukseensa ohjelmassa.  Jenni G\u00e4stgivar<\/p>\n<p class=\"paragraph\">Cruz sanoi <a href=\"https:\/\/www.iltalehti.fi\/tv-ja-leffat\/7cdca5cb-be74-4d79-af32-6209f37e77f0\" rel=\"nofollow noopener\" target=\"_blank\">ennen ensimm\u00e4ist\u00e4 teht\u00e4v\u00e4\u00e4<\/a> haluavansa n\u00e4ytt\u00e4\u00e4 koko Suomelle, ett\u00e4 heill\u00e4 on v\u00e4\u00e4r\u00e4 kuva h\u00e4nest\u00e4.<\/p>\n<p class=\"paragraph\">Muusikko kertoi aiemmin <a href=\"https:\/\/www.iltalehti.fi\/tv-ja-leffat\/73117c08-2b26-48d5-80d0-885e81759d80\" rel=\"nofollow noopener\" target=\"_blank\">Iltalehdelle<\/a> olevansa pettynyt suoritukseensa ohjelmassa, mutta on hyv\u00e4ksynyt syyt luovuttamiseensa. H\u00e4n selitti luovuttamistaan sill\u00e4, ett\u00e4 h\u00e4nen kuntonsa ei yksinkertaisesti riitt\u00e4nyt.<\/p>\n<p class=\"paragraph\">\u2013 Kyll\u00e4 tajusin aika nopeasti, ett\u00e4 se ei vain riit\u00e4. Toki olisin voinut v\u00e4kisinkin jatkaa, mutta en halunnut olla siell\u00e4 se paskin, joka on koko ajan jonon h\u00e4nnill\u00e4. P\u00e4\u00e4tin, ett\u00e4 jos en voi olla hyv\u00e4 t\u00e4ss\u00e4, l\u00e4hden mieluummin kotiin, muusikko kertoi.<\/p>\n<p><script async src=\"\/\/www.instagram.com\/embed.js\"><\/script><\/p>\n","protected":false},"excerpt":{"rendered":"Erikoisjoukot-avausjaksossa per\u00e4ti kolme henkil\u00f6\u00e4 luovutti jo heti ensimm\u00e4isen teht\u00e4v\u00e4n aikana. Erikoisjoukot-ohjelman avausjaksossa n\u00e4htiin joukkoluovutus, kun per\u00e4ti kolme kokelasta&hellip;\n","protected":false},"author":2,"featured_media":26094,"comment_status":"","ping_status":"","sticky":false,"template":"","format":"standard","meta":{"footnotes":""},"categories":[136],"tags":[35,138,407,137,33,31,30,408,763,47,141,32,397,484,109],"class_list":{"0":"post-26093","1":"post","2":"type-post","3":"status-publish","4":"format-standard","5":"has-post-thumbnail","7":"category-julkkikset","8":"tag-24h","9":"tag-audio","10":"tag-celebrities","11":"tag-entertainment","12":"tag-fi","13":"tag-finland","14":"tag-finnish","15":"tag-julkkikset","16":"tag-kulttuuri-ja-viihde","17":"tag-musiikki","18":"tag-muusikot-bandit","19":"tag-suomi","20":"tag-taide","21":"tag-taiteellinen-ilmaisu-ja-mediat","22":"tag-viihde"},"share_on_mastodon":{"url":"","error":""},"_links":{"self":[{"href":"https:\/\/www.europesays.com\/fi\/wp-json\/wp\/v2\/posts\/26093","targetHints":{"allow":["GET"]}}],"collection":[{"href":"https:\/\/www.europesays.com\/fi\/wp-json\/wp\/v2\/posts"}],"about":[{"href":"https:\/\/www.europesays.com\/fi\/wp-json\/wp\/v2\/types\/post"}],"author":[{"embeddable":true,"href":"https:\/\/www.europesays.com\/fi\/wp-json\/wp\/v2\/users\/2"}],"replies":[{"embeddable":true,"href":"https:\/\/www.europesays.com\/fi\/wp-json\/wp\/v2\/comments?post=26093"}],"version-history":[{"count":0,"href":"https:\/\/www.europesays.com\/fi\/wp-json\/wp\/v2\/posts\/26093\/revisions"}],"wp:featuredmedia":[{"embeddable":true,"href":"https:\/\/www.europesays.com\/fi\/wp-json\/wp\/v2\/media\/26094"}],"wp:attachment":[{"href":"https:\/\/www.europesays.com\/fi\/wp-json\/wp\/v2\/media?parent=26093"}],"wp:term":[{"taxonomy":"category","embeddable":true,"href":"https:\/\/www.europesays.com\/fi\/wp-json\/wp\/v2\/categories?post=26093"},{"taxonomy":"post_tag","embeddable":true,"href":"https:\/\/www.europesays.com\/fi\/wp-json\/wp\/v2\/tags?post=26093"}],"curies":[{"name":"wp","href":"https:\/\/api.w.org\/{rel}","templated":true}]}}