{"id":26103,"date":"2025-09-05T05:19:10","date_gmt":"2025-09-05T05:19:10","guid":{"rendered":"https:\/\/www.europesays.com\/fi\/26103\/"},"modified":"2025-09-05T05:19:10","modified_gmt":"2025-09-05T05:19:10","slug":"porsastuotto-on-valtava-villisikojen-lisaantyminen-panee-suupohjassa-metsastajat-lujille-afrikkalaisen-sikaruton-vaarat-tiedostetaan-ilkka-pohjalainen","status":"publish","type":"post","link":"https:\/\/www.europesays.com\/fi\/26103\/","title":{"rendered":"&quot;Porsastuotto on valtava&quot; \u2013 Villisikojen lis\u00e4\u00e4ntyminen panee Suupohjassa mets\u00e4st\u00e4j\u00e4t lujille, afrikkalaisen sikaruton vaarat tiedostetaan &#8211; Ilkka-Pohjalainen"},"content":{"rendered":"<ol>\n<li><a href=\"https:\/\/news.google.com\/rss\/articles\/CBMi9AFBVV95cUxNTkd1RDhsSkctQmZuNHVMVjFoOF9obVdGbzAzbTV0ZXh1aGFFSE03ZU9weVJoN1V0alhndE1sYlpydkd0dWxLNFZpVkh6TGQ0bjhoTlR1MFpPWnFSX2V0bktlLUxXU3Q1X1V0aW5leVdqUUFuNU5iMkY5ZmtXU0hEVDlaSkhHaXBabkpYaXJQbjN6XzJ3QUhWSXNCYjlXY2dJdmVVM0tNeTY1YlJxdGE0NkRKcXFvbS11OHo0THdMbC1PdmxEVVUwblhGTG1iTENXX2kwUVpZNVNjSS1GakpISmRiZk1ROWpuZzZQaGhFZ0pxdXJV?oc=5\" target=\"_blank\" rel=\"nofollow noopener\">&#8221;Porsastuotto on valtava&#8221; \u2013 Villisikojen lis\u00e4\u00e4ntyminen panee Suupohjassa mets\u00e4st\u00e4j\u00e4t lujille, afrikkalaisen sikaruton vaarat tiedostetaan<\/a>&nbsp;&nbsp;Ilkka-Pohjalainen<\/li>\n<li><a href=\"https:\/\/news.google.com\/rss\/articles\/CBMiWEFVX3lxTFBnZGVhdE5LRGFGNGozd1JXdXlLc05GQXRUbkhuT05NTzdJcm5CYllaUFFnOVdnb2NjT3Y3a0RXbkRzdFEzQTRSVWd1ZlhvRXRDZG9kWGVpVGs?oc=5\" target=\"_blank\" rel=\"nofollow noopener\">Ruoka | Viro pannut jo 55 000 sikaa teuraaksi vakavan taudin takia<\/a>&nbsp;&nbsp;L\u00e4nsiv\u00e4yl\u00e4<\/li>\n<li><a href=\"https:\/\/news.google.com\/rss\/articles\/CBMizwFBVV95cUxQaFhERGsyM3VGZHhZM1hsek1XbGtkXzl2ZFl2RVVjQ0dpakxDY1p1ekdsOF9VNEJpS1c5dXVEcW5YMHRUR2ZJbWlfcjNWTlNaeDRiSHdfdlV6VEVGbWJCVjhZaWE0UldyOGpVWC01dmI2UUc2Mm9CYmJMRWVOTEZ6QnJWTElpci10VlFyZmlReHRGVS05VGtsemxwZzUwaDdJRnA4US1jekZyRUJUSWtpVzZ6aFJTR0hSakR0Rll4TmRNSDBEQWo4VURjMGVoVms?oc=5\" target=\"_blank\" rel=\"nofollow noopener\">Sikaruttoa ei pel\u00e4t\u00e4 maakunnan sikaloissa \u2013 Tilojen bioturvaan on satsattu jo kymmenkunta vuotta<\/a>&nbsp;&nbsp;Keskipohjanmaa<\/li>\n<li><a href=\"https:\/\/news.google.com\/rss\/articles\/CBMiigFBVV95cUxPY0FTQlppSXBLd3FaOHdwU0VQbV91cmRrd0RhdnNYdXo5eEdwa2VIcV9YWjNyVWU1X2YweWpOUnRsanJ3aThfM0tld2dWdEFKbXpSQWg0SjNEU2V3b0JXRDVnYnJVTHNrSFFXNFVMT1pSRXJ0TVpfUUFLeW5XQU8tRk83MC0zd19yYlE?oc=5\" target=\"_blank\" rel=\"nofollow noopener\">Virolaisille ei v\u00e4ltt\u00e4m\u00e4tt\u00e4 riit\u00e4 kotimaista joulukinkkua<\/a>&nbsp;&nbsp;Maaseudun Tulevaisuus<\/li>\n<li><a href=\"https:\/\/news.google.com\/rss\/articles\/CBMixwFBVV95cUxNeDg4ODdzRS1iVmpEXy1ESDFmdWxvTkVVN19ob0pIQ1pMVFltdTRDNHpndVFEd05TLXFVbDNrUEVuUmpnaHdXamtrTk8xZzAwdEFmcFV5WHloMUxXbGxMU01obDN6VzlSWXFGZVpWVzQ3cUNFeTRzbkxfUk03cm11SGtENnpaMmp5LVczMjRjcWdIT2VQOWQ5bURBN2hVS1J3SlQzZ2JUMTVLNWtVWVdkMWZJNzBOVllrTktyb1h6RV9zeWh6X19v?oc=5\" target=\"_blank\" rel=\"nofollow noopener\">Mets\u00e4st\u00e4j\u00e4: ASF-riskin vuoksi villisikakanta olisi saatava reilusti v\u00e4hennetty\u00e4<\/a>&nbsp;&nbsp;ePressi<\/li>\n<\/ol>\n","protected":false},"excerpt":{"rendered":"&#8221;Porsastuotto on valtava&#8221; \u2013 Villisikojen lis\u00e4\u00e4ntyminen panee Suupohjassa mets\u00e4st\u00e4j\u00e4t lujille, afrikkalaisen sikaruton vaarat tiedostetaan&nbsp;&nbsp;Ilkka-Pohjalainen Ruoka | Viro pannut&hellip;\n","protected":false},"author":2,"featured_media":26104,"comment_status":"","ping_status":"","sticky":false,"template":"","format":"standard","meta":{"footnotes":""},"categories":[112],"tags":[8290,33,31,30,2029,2030,8291,4063,8289,118,32,119],"class_list":{"0":"post-26103","1":"post","2":"type-post","3":"status-publish","4":"format-standard","5":"has-post-thumbnail","7":"category-tiede","8":"tag-elaintaudit","9":"tag-fi","10":"tag-finland","11":"tag-finnish","12":"tag-isojoki","13":"tag-karijoki","14":"tag-kauhajoki","15":"tag-kristiinankaupunki","16":"tag-riista","17":"tag-science","18":"tag-suomi","19":"tag-tiede"},"share_on_mastodon":{"url":"","error":""},"_links":{"self":[{"href":"https:\/\/www.europesays.com\/fi\/wp-json\/wp\/v2\/posts\/26103","targetHints":{"allow":["GET"]}}],"collection":[{"href":"https:\/\/www.europesays.com\/fi\/wp-json\/wp\/v2\/posts"}],"about":[{"href":"https:\/\/www.europesays.com\/fi\/wp-json\/wp\/v2\/types\/post"}],"author":[{"embeddable":true,"href":"https:\/\/www.europesays.com\/fi\/wp-json\/wp\/v2\/users\/2"}],"replies":[{"embeddable":true,"href":"https:\/\/www.europesays.com\/fi\/wp-json\/wp\/v2\/comments?post=26103"}],"version-history":[{"count":0,"href":"https:\/\/www.europesays.com\/fi\/wp-json\/wp\/v2\/posts\/26103\/revisions"}],"wp:featuredmedia":[{"embeddable":true,"href":"https:\/\/www.europesays.com\/fi\/wp-json\/wp\/v2\/media\/26104"}],"wp:attachment":[{"href":"https:\/\/www.europesays.com\/fi\/wp-json\/wp\/v2\/media?parent=26103"}],"wp:term":[{"taxonomy":"category","embeddable":true,"href":"https:\/\/www.europesays.com\/fi\/wp-json\/wp\/v2\/categories?post=26103"},{"taxonomy":"post_tag","embeddable":true,"href":"https:\/\/www.europesays.com\/fi\/wp-json\/wp\/v2\/tags?post=26103"}],"curies":[{"name":"wp","href":"https:\/\/api.w.org\/{rel}","templated":true}]}}