{"id":26105,"date":"2025-09-05T05:21:07","date_gmt":"2025-09-05T05:21:07","guid":{"rendered":"https:\/\/www.europesays.com\/fi\/26105\/"},"modified":"2025-09-05T05:21:07","modified_gmt":"2025-09-05T05:21:07","slug":"itamereen-rakennetaan-nelja-uutta-merikaapelia-uutisia-lyhyesti","status":"publish","type":"post","link":"https:\/\/www.europesays.com\/fi\/26105\/","title":{"rendered":"It\u00e4mereen rakennetaan nelj\u00e4 uutta merikaapelia | Uutisia lyhyesti"},"content":{"rendered":"<p class=\"sc-jYczwO sc-dNFkOE frIBdZ edVjwg yle__article__paragraph\">Ruotsin, Viron ja Suomen yhdist\u00e4v\u00e4n runkoreitin pituus on yli 500 kilometri\u00e4.<\/p>\n<p><img decoding=\"async\" alt=\"It\u00e4meren pintaa ja horisontti.\" src=\"https:\/\/www.europesays.com\/fi\/wp-content\/uploads\/2025\/09\/39-13057826672b08a54cdf.jpeg\" class=\"sc-dntSTA iywpZY\"\/><\/p>\n<p>Avaa kuvien katselu<\/p>\n<p>Uusien merikaapelien on tarkoitus vahvistaa alueen tietoliikenneyhteyksi\u00e4. Kuva: Kalle Purhonen \/ Yle<\/p>\n<p class=\"sc-jYczwO sc-ciCoXh frIBdZ cPdSqu yle__article__paragraph\">Digitaalisen infrastruktuurin toimittaja GlobalConnect on k\u00e4ynnist\u00e4nyt hankkeen, jossa rakennetaan It\u00e4mereen nelj\u00e4 uutta merikaapelij\u00e4rjestelm\u00e4\u00e4.<\/p>\n<p class=\"sc-jYczwO sc-ciCoXh frIBdZ cPdSqu yle__article__paragraph\">Uudet kaapelit yhdist\u00e4v\u00e4t Ruotsin, Viron ja Suomen muodostaen noin 550 kilometrin pituisen runkoreitin.<\/p>\n<p class=\"sc-jYczwO sc-ciCoXh frIBdZ cPdSqu yle__article__paragraph\">It\u00e4mereen on m\u00e4\u00e4r\u00e4 rakentaa nelj\u00e4 uutta merikaapelia vahvistamaan alueen tietoliikenneyhteyksi\u00e4. Hankkeen kokonaiskustannukset ovat noin 40 miljoonaa euroa, josta 15 miljoonaa euroa on EU-rahoitusta.<\/p>\n<p class=\"sc-jYczwO sc-ciCoXh frIBdZ cPdSqu yle__article__paragraph\">GlobalConnect-yhti\u00f6n kaavailema runkokaapeli kulkee Ruotsin Gotlannista Viron Saarenmaan ja Hiidenmaan saarille. Sielt\u00e4 reitti jatkuu Viron halki ja Suomenlahden yli Helsinkiin.<\/p>\n<p class=\"sc-jYczwO sc-ciCoXh frIBdZ cPdSqu yle__article__paragraph\">Yhti\u00f6 kertoi hein\u00e4kuussa my\u00f6s toisesta kaapelihankkeesta G\u00e4vlen, Tukholman ja Helsingin v\u00e4lille. Yhdess\u00e4 reitit muodostavat noin 1 250 kilometrin mittaisen digitaalisen rengasyhteyden It\u00e4merelle.<\/p>\n","protected":false},"excerpt":{"rendered":"Ruotsin, Viron ja Suomen yhdist\u00e4v\u00e4n runkoreitin pituus on yli 500 kilometri\u00e4. Avaa kuvien katselu Uusien merikaapelien on tarkoitus&hellip;\n","protected":false},"author":2,"featured_media":26106,"comment_status":"","ping_status":"","sticky":false,"template":"","format":"standard","meta":{"footnotes":""},"categories":[76],"tags":[4362,79,77,33,31,30,1965,8292,71,32,78,634],"class_list":{"0":"post-26105","1":"post","2":"type-post","3":"status-publish","4":"format-standard","5":"has-post-thumbnail","7":"category-talous","8":"tag-baltia","9":"tag-business","10":"tag-economy","11":"tag-fi","12":"tag-finland","13":"tag-finnish","14":"tag-itameri","15":"tag-kaapelit","16":"tag-kotimaa","17":"tag-suomi","18":"tag-talous","19":"tag-tietoliikenne"},"share_on_mastodon":{"url":"","error":""},"_links":{"self":[{"href":"https:\/\/www.europesays.com\/fi\/wp-json\/wp\/v2\/posts\/26105","targetHints":{"allow":["GET"]}}],"collection":[{"href":"https:\/\/www.europesays.com\/fi\/wp-json\/wp\/v2\/posts"}],"about":[{"href":"https:\/\/www.europesays.com\/fi\/wp-json\/wp\/v2\/types\/post"}],"author":[{"embeddable":true,"href":"https:\/\/www.europesays.com\/fi\/wp-json\/wp\/v2\/users\/2"}],"replies":[{"embeddable":true,"href":"https:\/\/www.europesays.com\/fi\/wp-json\/wp\/v2\/comments?post=26105"}],"version-history":[{"count":0,"href":"https:\/\/www.europesays.com\/fi\/wp-json\/wp\/v2\/posts\/26105\/revisions"}],"wp:featuredmedia":[{"embeddable":true,"href":"https:\/\/www.europesays.com\/fi\/wp-json\/wp\/v2\/media\/26106"}],"wp:attachment":[{"href":"https:\/\/www.europesays.com\/fi\/wp-json\/wp\/v2\/media?parent=26105"}],"wp:term":[{"taxonomy":"category","embeddable":true,"href":"https:\/\/www.europesays.com\/fi\/wp-json\/wp\/v2\/categories?post=26105"},{"taxonomy":"post_tag","embeddable":true,"href":"https:\/\/www.europesays.com\/fi\/wp-json\/wp\/v2\/tags?post=26105"}],"curies":[{"name":"wp","href":"https:\/\/api.w.org\/{rel}","templated":true}]}}