{"id":26123,"date":"2025-09-05T05:44:08","date_gmt":"2025-09-05T05:44:08","guid":{"rendered":"https:\/\/www.europesays.com\/fi\/26123\/"},"modified":"2025-09-05T05:44:08","modified_gmt":"2025-09-05T05:44:08","slug":"mika-on-prinsessa-catherinen-terveystilanne-hurja-spekulaatio-herasi","status":"publish","type":"post","link":"https:\/\/www.europesays.com\/fi\/26123\/","title":{"rendered":"Mik\u00e4 on prinsessa Catherinen terveystilanne? Hurja spekulaatio her\u00e4si"},"content":{"rendered":"<p>            Eddie Mulholland\/WPA Pool\/Shutterstock\/All Over Press\n        <\/p>\n<p class=\"subtitle \">Prinsessan hiusmuutos on her\u00e4tt\u00e4nyt huolen h\u00e4nen terveydest\u00e4\u00e4n.<\/p>\n<p class=\"article-content article-content-width !bg-background\">Walesin prinsessa\u00a0n\u00e4ytt\u00e4ytyi torstaina (4.9.) ensimm\u00e4ist\u00e4 kertaa uuden, huomattavasti aiempaa vaaleamman hiustyylins\u00e4 kanssa.<\/p>\n<p class=\"font-weight-bold m-font-weight-bold article-content article-content-width !bg-background\">Arkistovideo: T\u00e4llaisia ovat kunkkuparien pituuserot<\/p>\n<p class=\"article-content article-content-width !bg-background\">Blondimpaa lookia ihmeteltiin jo elokuun puolella, kun Catherine k\u00e4v\u00e4isi kirkossa. Tuolloin h\u00e4net n\u00e4htiin kuitenkin vain auton ikkunan l\u00e4pi, ja muodonmuutos n\u00e4htiin kunnolla, luonnonvalossa vasta nyt.<\/p>\n<p class=\"article-content article-content-width !bg-background\">Catherinen muodonmuutos otettiin ilolla vastaan, onhan h\u00e4n l\u00e4pi vuosien edustanut klassisissa hiustyyleiss\u00e4 naistenlehdiss\u00e4 asti. Joukkoon mahtui kuitenkin my\u00f6s sora\u00e4\u00e4ni\u00e4, joista rajuimmissa spekuloitiin, voiko uusi tyyli olla sittenkin peruukki.<\/p>\n<p>        <a itemprop=\"url\" href=\"https:\/\/www.seiska.fi\/kuninkaalliset\/prinsessa-catherine-shokkimuodonmuutos\/1920857\" rel=\"nofollow noopener\" target=\"_blank\"><\/p>\n<p>\nPrinsessa Catherine\n<\/p>\n<p class=\"section-date\">\n        <strong class=\"article-section\" data-section=\"kuninkaalliset\"><br \/>\n            kuninkaalliset<br \/>\n        <\/strong><br \/>\n        4.9. 18:30\n    <\/p>\n<p>    Prinsessa Catherine: Shokkimuodonmuutos!<\/p>\n<p itemprop=\"description\" class=\"subtitle \">\n    Prinsessa Catherine on muuttanut radikaalisti ulkon\u00e4k\u00f6\u00e4\u00e4n.\n<\/p>\n<p>        <\/a><\/p>\n<p>Peruukki, lis\u00e4kkeet vai luomutukka?<\/p>\n<p class=\"article-content article-content-width !bg-background\">Etenkin somealusta X:ss\u00e4 keskustelu k\u00e4vi kovana.<\/p>\n<p class=\"article-content article-content-width !bg-background\">\u2013 Sanokaa vain hulluksi, mutta minun mielest\u00e4ni t\u00e4m\u00e4 on peruukki, t\u00e4r\u00e4ytti er\u00e4s.<\/p>\n<p class=\"article-content article-content-width !bg-background\">Toiset puolestaan spekuloivat, ett\u00e4 kyseess\u00e4 olisi peruukin sijaan hiuslis\u00e4kkeet. Kommenteissa yhdistyy ajatus siit\u00e4, ett\u00e4 hiukset n\u00e4ytt\u00e4v\u00e4t tavallista paksummilta ja tihe\u00e4mmilt\u00e4.<\/p>\n<p class=\"article-content article-content-width !bg-background\">My\u00f6s Hello!-lehden Instagram-julkaisun kommenttikent\u00e4ss\u00e4 pohditaan, onko kyseess\u00e4 peruukki. Osa taas ajattelee, ett\u00e4 Catherinen p\u00e4\u00e4laelle on lis\u00e4tty tekotukkaa lis\u00e4\u00e4m\u00e4\u00e4n tuuheutta.<\/p>\n<p class=\"article-content article-content-width !bg-background\">Peruukkia vastaan puhujat sen sijaan vetoavat siihen, ett\u00e4 kasvoja rajaavat hiukset n\u00e4ytt\u00e4v\u00e4t silti luonnollisilta, joskin peruukkiteoriaan uskovat ajattelevat, ett\u00e4 kalliissa peruukeissa otsan alue on luonnollisen n\u00e4k\u00f6inen.<\/p>\n<p>        <a itemprop=\"url\" href=\"https:\/\/www.seiska.fi\/kuninkaalliset\/prinsessa-catherinen-syovasta-sisapiiritietoa-aivan-hirveaa\/1622888\" rel=\"nofollow noopener\" target=\"_blank\"><\/p>\n<p>\nSis\u00e4piiritietoa sy\u00f6v\u00e4st\u00e4\n<\/p>\n<p class=\"section-date\">\n        <strong class=\"article-section\" data-section=\"kuninkaalliset\"><br \/>\n            kuninkaalliset<br \/>\n        <\/strong><br \/>\n        24.2. 09:26\n    <\/p>\n<p>    Prinsessa Catherinen sy\u00f6v\u00e4st\u00e4 sis\u00e4piiritietoa: &#8221;Aivan hirve\u00e4\u00e4&#8221;<\/p>\n<p itemprop=\"description\" class=\"subtitle \">\n    Prinssiparin entinen ty\u00f6ntekij\u00e4 kertoo hovia ravistelleista sy\u00f6p\u00e4uutisista.\n<\/p>\n<p>        <\/a><\/p>\n<p>                <img decoding=\"async\" src=\"https:\/\/www.europesays.com\/fi\/wp-content\/uploads\/2025\/09\/1921233.webp\" width=\"576\" height=\"720\" alt=\"Prinsessan hiusten luonnollisuuden taso on her\u00e4tt\u00e4nyt v\u00e4ittely\u00e4.\" loading=\"lazy\" \/>            <\/p>\n<p>\n            Prinsessan hiusten luonnollisuuden taso on her\u00e4tt\u00e4nyt v\u00e4ittely\u00e4.<br \/>\n            Dinendra Haria\/LNP\/Shutterstock\/All Over Press\n        <\/p>\n<p>Terveys huolettaa<\/p>\n<p class=\"article-content article-content-width !bg-background\">Spekulaatio peruukista tai peruukittomuudesta k\u00e4\u00e4ntyi kuitenkin luonnollisesti prinsessan sy\u00f6p\u00e4hoitoihin. Catherine ilmoitti vuosi sitten syksyll\u00e4 lopettaneensa kemoterapiahoidot.<\/p>\n<p class=\"article-content article-content-width !bg-background\">My\u00f6hemmin h\u00e4n ilmoitti sy\u00f6v\u00e4n olevan remissiossa. T\u00e4m\u00e4n j\u00e4lkeen h\u00e4n ei ole kertonut terveystilastaan julkisuuteen, mutta lehtitietojen mukaan h\u00e4n on yh\u00e4 keskittynyt hyvinvointiinsa.<\/p>\n<p class=\"article-content article-content-width !bg-background\">Keskustelua on her\u00e4tt\u00e4nyt my\u00f6s prinsessan sy\u00f6p\u00e4hoitojen aikana hoikistunut olemus, jonka spekuloijat ovat laittaneet vaihdellen kemoterapian ja stressin piikkiin.<\/p>\n<p>        <a itemprop=\"url\" href=\"https:\/\/www.seiska.fi\/kuninkaalliset\/prinssi-william-ja-prinsessa-catherine-perheenlisaysta\/1713514\" rel=\"nofollow noopener\" target=\"_blank\"><\/p>\n<p>\n&#8221;Pienten jalkojen kipityst\u00e4&#8221;\n<\/p>\n<p class=\"section-date\">\n        <strong class=\"article-section\" data-section=\"kuninkaalliset\"><br \/>\n            kuninkaalliset<br \/>\n        <\/strong><br \/>\n        25.5. 14:30\n    <\/p>\n<p>    Prinssi William ja prinsessa Catherine: Perheenlis\u00e4yst\u00e4!<\/p>\n<p itemprop=\"description\" class=\"subtitle \">\n    Mediatietojen mukaan Williamin ja Catherinen lapset ovat tilanteesta innoissaan.\n<\/p>\n<p>        <\/a><\/p>\n","protected":false},"excerpt":{"rendered":"Eddie Mulholland\/WPA Pool\/Shutterstock\/All Over Press Prinsessan hiusmuutos on her\u00e4tt\u00e4nyt huolen h\u00e4nen terveydest\u00e4\u00e4n. Walesin prinsessa\u00a0n\u00e4ytt\u00e4ytyi torstaina (4.9.) ensimm\u00e4ist\u00e4 kertaa&hellip;\n","protected":false},"author":2,"featured_media":26124,"comment_status":"","ping_status":"","sticky":false,"template":"","format":"standard","meta":{"footnotes":""},"categories":[130],"tags":[137,33,31,30,6422,2682,8294,212,8295,4200,32,1469,167,2677,109],"class_list":{"0":"post-26123","1":"post","2":"type-post","3":"status-publish","4":"format-standard","5":"has-post-thumbnail","7":"category-viihde","8":"tag-entertainment","9":"tag-fi","10":"tag-finland","11":"tag-finnish","12":"tag-hiukset","13":"tag-kauneus","14":"tag-kemoterapia","15":"tag-lifestyle","16":"tag-peruukki","17":"tag-prinsessa-catherine","18":"tag-suomi","19":"tag-syopa","20":"tag-terveys","21":"tag-tyyli","22":"tag-viihde"},"share_on_mastodon":{"url":"","error":""},"_links":{"self":[{"href":"https:\/\/www.europesays.com\/fi\/wp-json\/wp\/v2\/posts\/26123","targetHints":{"allow":["GET"]}}],"collection":[{"href":"https:\/\/www.europesays.com\/fi\/wp-json\/wp\/v2\/posts"}],"about":[{"href":"https:\/\/www.europesays.com\/fi\/wp-json\/wp\/v2\/types\/post"}],"author":[{"embeddable":true,"href":"https:\/\/www.europesays.com\/fi\/wp-json\/wp\/v2\/users\/2"}],"replies":[{"embeddable":true,"href":"https:\/\/www.europesays.com\/fi\/wp-json\/wp\/v2\/comments?post=26123"}],"version-history":[{"count":0,"href":"https:\/\/www.europesays.com\/fi\/wp-json\/wp\/v2\/posts\/26123\/revisions"}],"wp:featuredmedia":[{"embeddable":true,"href":"https:\/\/www.europesays.com\/fi\/wp-json\/wp\/v2\/media\/26124"}],"wp:attachment":[{"href":"https:\/\/www.europesays.com\/fi\/wp-json\/wp\/v2\/media?parent=26123"}],"wp:term":[{"taxonomy":"category","embeddable":true,"href":"https:\/\/www.europesays.com\/fi\/wp-json\/wp\/v2\/categories?post=26123"},{"taxonomy":"post_tag","embeddable":true,"href":"https:\/\/www.europesays.com\/fi\/wp-json\/wp\/v2\/tags?post=26123"}],"curies":[{"name":"wp","href":"https:\/\/api.w.org\/{rel}","templated":true}]}}