{"id":261494,"date":"2026-05-29T11:39:14","date_gmt":"2026-05-29T11:39:14","guid":{"rendered":"https:\/\/www.europesays.com\/fi\/261494\/"},"modified":"2026-05-29T11:39:14","modified_gmt":"2026-05-29T11:39:14","slug":"bloodred-hourglass-yhdisti-voimansa-erja-lyytisen-kanssa-elamani-ensimmainen-metallibiisi-jossa-laulan-lead-vokaaliosuuksia","status":"publish","type":"post","link":"https:\/\/www.europesays.com\/fi\/261494\/","title":{"rendered":"Bloodred Hourglass yhdisti voimansa Erja Lyytisen kanssa &#8211; &#8221;El\u00e4m\u00e4ni ensimm\u00e4inen metallibiisi, jossa laulan lead-vokaaliosuuksia&#8221;"},"content":{"rendered":"<p><strong>Bloodred Hourglass<\/strong> saattaa viime syksyn\u00e4 ilmestyneen We Should Be Buried Like This -albuminsa syklin p\u00e4\u00e4t\u00f6kseen t\u00e4n\u00e4\u00e4n ilmestyneell\u00e4 After the Burial -ep:ll\u00e4. Levy koostuu kahdesta pitk\u00e4soiton sessioissa syntyneest\u00e4 uudesta kappaleesta \u2013 Walk on Water ja Heartstrings \u2013 sek\u00e4 kahdesta Mikkelin kaupunginorkesterin kanssa tehdyst\u00e4 konsertista napatusta livetaltioinnista.<\/p>\n<p>Heartstrings-kappaleella on mukana vierailevana t\u00e4hten\u00e4 bluestaituri <strong>Erja Lyytinen<\/strong>, joka sek\u00e4 laulaa ett\u00e4 soittaa kappaleessa slidekitaraa. Biisin kylkeen on tehty my\u00f6s video, jonka voit katsoa alempaa.<\/p>\n<p>\u201dKun minua pyydettiin mukaan, tiesin, ett\u00e4 taso ja laatu tulee olemaan t\u00e4m\u00e4n b\u00e4ndin kanssa kovaa. Kappale vaikutti heti maailmanluokan hitilt\u00e4: tuotanto biisiss\u00e4 on suurta, mahtipontista ja tarina on syk\u00e4hdytt\u00e4v\u00e4 eteerisen ja kuulaan maailman vaihdellessa raskaan synke\u00e4n metallipoljennon kanssa\u201d, Lyytinen kertoo<\/p>\n<p>\u201dOli mahtava tehd\u00e4 biisiin kitaraosuuksia, joita sainkin tehd\u00e4 useita pitkin biisi\u00e4. T\u00e4m\u00e4 on el\u00e4m\u00e4ni ensimm\u00e4inen metallibiisi, jossa laulan lead-vokaaliosuuksia! Biisiss\u00e4 on kaikkea: tunnetta, draamaa, tarinaa, dynamiikkaa sek\u00e4 metallimusiikin parhaimpia elementtej\u00e4 kuorrutettuna slidekitaralla!\u201d<\/p>\n<p>Bloodred Hourglassin voi kes\u00e4n mittaan n\u00e4hd\u00e4 26.6. Helsingin Tuska-festareilla, 3.7. Lahden Sibeliustalon Mets\u00e4hallissa, 10.7. Kotkan Dark River Festivaleilla, 11.7. Turun Metallivuoressa, 7.8. Koria Rollissa sek\u00e4 12.8. Jyv\u00e4skyl\u00e4n Lutakon Lipassa.<\/p>\n<p><img loading=\"lazy\" decoding=\"async\" alt=\"Youtube video\" width=\"480\" height=\"360\" data-pin-nopin=\"true\" nopin=\"nopin\" class=\"perfmatters-lazy\" src=\"https:\/\/www.europesays.com\/fi\/wp-content\/uploads\/2026\/05\/1780054754_812_hqdefault.jpg\"\/><\/p>\n<p>Lue my\u00f6s: <a href=\"https:\/\/www.inferno.fi\/uutiskirje\/\" title=\"Tilaa Infernon uutiskirje\" class=\"underline-custom !font-montserrat !font-bold !underline-offset-4 !decoration-4 !decoration-red-600 !text-md\" rel=\"nofollow noopener\" target=\"_blank\">Tilaa Infernon uutiskirje ja tied\u00e4t mist\u00e4 kahvitauolla puhutaan! Nappaa raskaan musiikin uutiset ja puheenaiheet suoraan s\u00e4hk\u00f6postiin t\u00e4st\u00e4.<\/a><\/p>\n","protected":false},"excerpt":{"rendered":"Bloodred Hourglass saattaa viime syksyn\u00e4 ilmestyneen We Should Be Buried Like This -albuminsa syklin p\u00e4\u00e4t\u00f6kseen t\u00e4n\u00e4\u00e4n ilmestyneell\u00e4 After&hellip;\n","protected":false},"author":2,"featured_media":261495,"comment_status":"","ping_status":"","sticky":false,"template":"","format":"standard","meta":{"footnotes":"","_share_on_mastodon":"0"},"categories":[132],"tags":[137,3149,33,31,30,195,47,1243,32,109],"class_list":["post-261494","post","type-post","status-publish","format-standard","has-post-thumbnail","category-musiikki","tag-entertainment","tag-ep","tag-fi","tag-finland","tag-finnish","tag-music","tag-musiikki","tag-musiikkivideo","tag-suomi","tag-viihde"],"share_on_mastodon":{"url":"https:\/\/pubeurope.com\/@fi\/116657676026893302","error":""},"_links":{"self":[{"href":"https:\/\/www.europesays.com\/fi\/wp-json\/wp\/v2\/posts\/261494","targetHints":{"allow":["GET"]}}],"collection":[{"href":"https:\/\/www.europesays.com\/fi\/wp-json\/wp\/v2\/posts"}],"about":[{"href":"https:\/\/www.europesays.com\/fi\/wp-json\/wp\/v2\/types\/post"}],"author":[{"embeddable":true,"href":"https:\/\/www.europesays.com\/fi\/wp-json\/wp\/v2\/users\/2"}],"replies":[{"embeddable":true,"href":"https:\/\/www.europesays.com\/fi\/wp-json\/wp\/v2\/comments?post=261494"}],"version-history":[{"count":0,"href":"https:\/\/www.europesays.com\/fi\/wp-json\/wp\/v2\/posts\/261494\/revisions"}],"wp:featuredmedia":[{"embeddable":true,"href":"https:\/\/www.europesays.com\/fi\/wp-json\/wp\/v2\/media\/261495"}],"wp:attachment":[{"href":"https:\/\/www.europesays.com\/fi\/wp-json\/wp\/v2\/media?parent=261494"}],"wp:term":[{"taxonomy":"category","embeddable":true,"href":"https:\/\/www.europesays.com\/fi\/wp-json\/wp\/v2\/categories?post=261494"},{"taxonomy":"post_tag","embeddable":true,"href":"https:\/\/www.europesays.com\/fi\/wp-json\/wp\/v2\/tags?post=261494"}],"curies":[{"name":"wp","href":"https:\/\/api.w.org\/{rel}","templated":true}]}}