{"id":261596,"date":"2026-05-29T13:55:10","date_gmt":"2026-05-29T13:55:10","guid":{"rendered":"https:\/\/www.europesays.com\/fi\/261596\/"},"modified":"2026-05-29T13:55:10","modified_gmt":"2026-05-29T13:55:10","slug":"kuivuus-voi-vaikuttaa-vesilaitosten-vedensaantiin-ita-suomessa-pohjois-karjala","status":"publish","type":"post","link":"https:\/\/www.europesays.com\/fi\/261596\/","title":{"rendered":"Kuivuus voi vaikuttaa vesilaitosten vedensaantiin It\u00e4-Suomessa | Pohjois-Karjala"},"content":{"rendered":"<p class=\"aw__sc-1qwuw0s-0 aw__sc-1vg2sqm-0 epAWpq ecELkD yle__article__paragraph\">Toukokuun sateet eiv\u00e4t viel\u00e4 riit\u00e4 k\u00e4\u00e4nt\u00e4m\u00e4\u00e4n pohjaveden pintoja nousuun.<\/p>\n<p><img decoding=\"async\" alt=\"Betonisen rengaskaivon pohjalla on vett\u00e4.\" src=\"https:\/\/www.europesays.com\/fi\/wp-content\/uploads\/2026\/05\/1667825161.jpeg\" class=\"aw__sc-dklauk-0 LPzKX\"\/><\/p>\n<p>Avaa kuvien katselu<\/p>\n<p>Pohjaveden v\u00e4hyys n\u00e4kyy yleens\u00e4 ensimm\u00e4isen\u00e4 rengaskaivoissa. Arkistokuva. Kuva: Riina Kasurinen \/ Yle<\/p>\n<p class=\"aw__sc-1qwuw0s-0 aw__sc-ngllmo-0 epAWpq fzYpjk yle__article__paragraph\">IIt\u00e4-Suomen elinvoimakeskuksen mukaan on mahdollista, ett\u00e4 pohjavedet painuvat It\u00e4-Suomessa syksyyn menness\u00e4 niin alas, ett\u00e4 kaivojen kuivumisen lis\u00e4ksi my\u00f6s vesihuoltolaitoksilla voi olla olla vaikeuksia.<\/p>\n<p class=\"aw__sc-1qwuw0s-0 aw__sc-ngllmo-0 epAWpq fzYpjk yle__article__paragraph\">Elinvoimakeskuksen vesitalousasiantuntija <strong class=\"aw__sc-ngllmo-2 gdRrun yle__article__strong\">Markus Tirkkosen<\/strong> mukaan ongelmia voi tulla esimerkiksi pienten pohjavesiesiintymien tai vain yhden esiintym\u00e4n varassa olevilla vesilaitoksilla.<\/p>\n<p class=\"aw__sc-1qwuw0s-0 aw__sc-ngllmo-0 epAWpq fzYpjk yle__article__paragraph\">\u2013 Voidaan joutua antamaa esimerkiksi s\u00e4\u00e4st\u00f6kehotuksia kuluttajille, ett\u00e4 pit\u00e4\u00e4 v\u00e4ltt\u00e4\u00e4 autonpesua ja pihankastelua, h\u00e4n sanoo.<br \/>T\u00e4llainen kehotus <a class=\"aw__sc-ngllmo-1 bTDnwX yle__article__link\" href=\"https:\/\/yle.fi\/a\/74-20221988\" role=\"link\" rel=\"nofollow noopener\" target=\"_blank\">annettiin jo kev\u00e4\u00e4ll\u00e4 Joroisissa<\/a>. Tirkkosen mukaan vesilaitokset voivat my\u00f6s joutua rajoittamaan vedenpainetta veden s\u00e4\u00e4st\u00e4miseksi.<\/p>\n<p class=\"aw__sc-1qwuw0s-0 aw__sc-ngllmo-0 epAWpq fzYpjk yle__article__paragraph\">Paheneva kuivuus n\u00e4kyy ensimm\u00e4isen\u00e4 rengaskaivoissa. Jos talouden vesihuolto on rengaskaivon varassa, kannattaa Tirkkosen mukaan seurata kes\u00e4n sadetilannetta ja ryhty\u00e4 tarpeen mukaan tarkkailemaan ja s\u00e4\u00e4nn\u00f6stelem\u00e4\u00e4n veden k\u00e4ytt\u00f6\u00e4.<\/p>\n<p class=\"aw__sc-1qwuw0s-0 aw__sc-ngllmo-0 epAWpq fzYpjk yle__article__paragraph\">Pohjavedet ovat toukokuun lopun sateista huolimatta It\u00e4-Suomessa selv\u00e4sti keskim\u00e4\u00e4r\u00e4ist\u00e4 matalammalla tasolla. Pohjavesien pinnat ovat jo monin paikoin l\u00e4hteneet laskuun, vaikka yleens\u00e4 sulamisvedet nostavat pintoja kes\u00e4kuulle asti.<\/p>\n","protected":false},"excerpt":{"rendered":"Toukokuun sateet eiv\u00e4t viel\u00e4 riit\u00e4 k\u00e4\u00e4nt\u00e4m\u00e4\u00e4n pohjaveden pintoja nousuun. Avaa kuvien katselu Pohjaveden v\u00e4hyys n\u00e4kyy yleens\u00e4 ensimm\u00e4isen\u00e4 rengaskaivoissa.&hellip;\n","protected":false},"author":2,"featured_media":261597,"comment_status":"","ping_status":"","sticky":false,"template":"","format":"standard","meta":{"footnotes":"","_share_on_mastodon":"0"},"categories":[112],"tags":[184,33,31,30,5188,16628,14538,14537,1137,1136,710,118,32,119,3587,872],"class_list":["post-261596","post","type-post","status-publish","format-standard","has-post-thumbnail","category-tiede","tag-etela-savo","tag-fi","tag-finland","tag-finnish","tag-ita-suomi","tag-joroinen","tag-kaivot","tag-pohjavesi","tag-pohjois-karjala","tag-pohjois-savo","tag-saa","tag-science","tag-suomi","tag-tiede","tag-vesihuolto","tag-vesistot"],"share_on_mastodon":{"url":"","error":""},"_links":{"self":[{"href":"https:\/\/www.europesays.com\/fi\/wp-json\/wp\/v2\/posts\/261596","targetHints":{"allow":["GET"]}}],"collection":[{"href":"https:\/\/www.europesays.com\/fi\/wp-json\/wp\/v2\/posts"}],"about":[{"href":"https:\/\/www.europesays.com\/fi\/wp-json\/wp\/v2\/types\/post"}],"author":[{"embeddable":true,"href":"https:\/\/www.europesays.com\/fi\/wp-json\/wp\/v2\/users\/2"}],"replies":[{"embeddable":true,"href":"https:\/\/www.europesays.com\/fi\/wp-json\/wp\/v2\/comments?post=261596"}],"version-history":[{"count":0,"href":"https:\/\/www.europesays.com\/fi\/wp-json\/wp\/v2\/posts\/261596\/revisions"}],"wp:featuredmedia":[{"embeddable":true,"href":"https:\/\/www.europesays.com\/fi\/wp-json\/wp\/v2\/media\/261597"}],"wp:attachment":[{"href":"https:\/\/www.europesays.com\/fi\/wp-json\/wp\/v2\/media?parent=261596"}],"wp:term":[{"taxonomy":"category","embeddable":true,"href":"https:\/\/www.europesays.com\/fi\/wp-json\/wp\/v2\/categories?post=261596"},{"taxonomy":"post_tag","embeddable":true,"href":"https:\/\/www.europesays.com\/fi\/wp-json\/wp\/v2\/tags?post=261596"}],"curies":[{"name":"wp","href":"https:\/\/api.w.org\/{rel}","templated":true}]}}