{"id":261603,"date":"2026-05-29T14:00:12","date_gmt":"2026-05-29T14:00:12","guid":{"rendered":"https:\/\/www.europesays.com\/fi\/261603\/"},"modified":"2026-05-29T14:00:12","modified_gmt":"2026-05-29T14:00:12","slug":"korkein-oikeus-sinetoi-kiistan-liukastumisen-vuoksi-tyokykynsa-jyvaskylassa-menettanyt-nainen-saa-miljoonakorvaukset-keski-suomi","status":"publish","type":"post","link":"https:\/\/www.europesays.com\/fi\/261603\/","title":{"rendered":"Korkein oikeus sinet\u00f6i kiistan \u2013 liukastumisen vuoksi ty\u00f6kykyns\u00e4 Jyv\u00e4skyl\u00e4ss\u00e4 menett\u00e4nyt nainen saa miljoona\u00adkorvaukset | Keski-Suomi"},"content":{"rendered":"<p class=\"aw__sc-1qwuw0s-0 aw__sc-1vg2sqm-0 epAWpq ecELkD yle__article__paragraph\">Keski-Suomen opiskelija-asuntos\u00e4\u00e4ti\u00f6 piti vaadetta korvauksista vanhentuneena. Korkein oikeus ratkaisi vuosien kiistan korvauksista naisen hyv\u00e4ksi.<\/p>\n<p><img decoding=\"async\" alt=\"KOASIN Kerrostalo. Etu-alalla parkkipaikka jossa autoja.\" src=\"https:\/\/www.europesays.com\/fi\/wp-content\/uploads\/2026\/05\/1669114130.jpeg\" class=\"aw__sc-dklauk-0 LPzKX\"\/><\/p>\n<p>Avaa kuvien katselu<\/p>\n<p>Ty\u00f6kyvytt\u00f6myyteen johtanut liukastuminen tapahtui Jyv\u00e4skyl\u00e4ss\u00e4 kerrostalon pihalla maaliskuussa 2013. Arkistokuva. Kuva: Simo Pitk\u00e4nen \/ Yle<\/p>\n<p class=\"aw__sc-1qwuw0s-0 aw__sc-ngllmo-0 epAWpq fzYpjk yle__article__paragraph\">Liukastumisen vuoksi ty\u00f6kykyns\u00e4 menett\u00e4nyt nainen saa yli kahden miljoonan euron korvaukset.<\/p>\n<p class=\"aw__sc-1qwuw0s-0 aw__sc-ngllmo-0 epAWpq fzYpjk yle__article__paragraph\">Korkein oikeus ratkaisi yli vuosikymmen kest\u00e4neen korvauskiistan naisen hyv\u00e4ksi. Asiasta uutisoi aiemmin <a class=\"aw__sc-ngllmo-1 bTDnwX yle__article__link\" href=\"https:\/\/www.hs.fi\/suomi\/art-2000012041833.html\" role=\"link\" rel=\"nofollow noopener\" target=\"_blank\">Helsingin Sanomat<\/a>.<\/p>\n<p class=\"aw__sc-1qwuw0s-0 aw__sc-ngllmo-0 epAWpq fzYpjk yle__article__paragraph\">Nainen liukastui Keski-Suomen opiskelija-asuntos\u00e4\u00e4ti\u00f6n kiinteist\u00f6n pihalla kev\u00e4ttalvella 2013. H\u00e4n sai turmassa vammoja, joiden vuoksi h\u00e4n menetti ty\u00f6kykyns\u00e4.<\/p>\n<p class=\"aw__sc-1qwuw0s-0 aw__sc-ngllmo-0 epAWpq fzYpjk yle__article__paragraph\">Nainen opiskeli tapaturman aikaan laskentatoimea. Korvaussummat koostuvat p\u00e4\u00e4asiassa ansionmenetyksist\u00e4, jotka on laskettu ekonomin palkkatason perusteella.<\/p>\n<p class=\"aw__sc-1qwuw0s-0 aw__sc-ngllmo-0 epAWpq fzYpjk yle__article__paragraph\">Korvauksia saaneen naisen asianajaja, varatuomari <strong class=\"aw__sc-ngllmo-2 gdRrun yle__article__strong\">Antti Kuikka<\/strong> kertoo, ett\u00e4 pitk\u00e4 oikeusprosessi on ollut p\u00e4\u00e4miehelle raskas.<\/p>\n<p class=\"aw__sc-1qwuw0s-0 aw__sc-ngllmo-0 epAWpq fzYpjk yle__article__paragraph\">\u2013 Se enemp\u00e4\u00e4 h\u00e4n ei halua asiaa kommentoida. P\u00e4\u00e4t\u00f6s oli toivottu. H\u00e4n on siihen tyytyv\u00e4inen, kuten my\u00f6s min\u00e4, Kuikka sanoo.<\/p>\n<p>Yli kymmenen vuoden oikeuskiista<\/p>\n<p class=\"aw__sc-1qwuw0s-0 aw__sc-ngllmo-0 epAWpq fzYpjk yle__article__paragraph\">Kiista korvauksista kesti yli kymmenen vuoden ajan.<\/p>\n<p class=\"aw__sc-1qwuw0s-0 aw__sc-ngllmo-0 epAWpq fzYpjk yle__article__paragraph\">Riitaa oli aiemmin k\u00e4sitelty sek\u00e4<a class=\"aw__sc-ngllmo-1 bTDnwX yle__article__link\" href=\"https:\/\/yle.fi\/a\/74-20021282\" role=\"link\" rel=\"nofollow noopener\" target=\"_blank\"> Keski-Suomen k\u00e4r\u00e4j\u00e4oikeudessa<\/a> ett\u00e4 <a class=\"aw__sc-ngllmo-1 bTDnwX yle__article__link\" href=\"https:\/\/yle.fi\/a\/74-20089660\" role=\"link\" rel=\"nofollow noopener\" target=\"_blank\">Vaasan hovioikeudessa<\/a>. K\u00e4r\u00e4j\u00e4oikeudessa asian k\u00e4sittely alkoi vuonna 2019.<\/p>\n<p class=\"aw__sc-1qwuw0s-0 aw__sc-ngllmo-0 epAWpq fzYpjk yle__article__paragraph\">K\u00e4r\u00e4j\u00e4oikeus tuomitsi Keski-Suomen opiskelija-asuntos\u00e4\u00e4ti\u00f6n ja vakuutusyhti\u00f6 Pohjola Vakuutuksen maksamaan naiselle yhteens\u00e4 noin kahden miljoonan euron korvaukset. <a class=\"aw__sc-ngllmo-1 bTDnwX yle__article__link\" href=\"https:\/\/yle.fi\/a\/74-20021423\" role=\"link\" rel=\"nofollow noopener\" target=\"_blank\">S\u00e4\u00e4ti\u00f6 valitti ratkaisusta hovioikeuteen<\/a>, mutta <a class=\"aw__sc-ngllmo-1 bTDnwX yle__article__link\" href=\"https:\/\/yle.fi\/a\/74-20089660\" role=\"link\" rel=\"nofollow noopener\" target=\"_blank\">korvaukset pysyiv\u00e4t voimassa<\/a>.<\/p>\n<p class=\"aw__sc-1qwuw0s-0 aw__sc-ngllmo-0 epAWpq fzYpjk yle__article__paragraph\">KOAS piti korvausvaadetta vanhentuneena, mink\u00e4 vuoksi se haki ja sai valitusluvan Korkeimmasta oikeudesta.<\/p>\n<p class=\"aw__sc-1qwuw0s-0 aw__sc-ngllmo-0 epAWpq fzYpjk yle__article__paragraph\"><a class=\"aw__sc-ngllmo-1 bTDnwX yle__article__link\" href=\"https:\/\/korkeinoikeus.fi\/fi\/index\/ennakkopaatokset\/kko202640.html\" role=\"link\" rel=\"nofollow noopener\" target=\"_blank\">Tuoreessa ratkaisussaan Korkein oikeus <\/a>katsoi, etteiv\u00e4t naisen korvausvaatimukset olleet vanhentuneet ja piti hovioikeuden p\u00e4\u00e4t\u00f6ksen voimassa.<\/p>\n<p class=\"aw__sc-1qwuw0s-0 aw__sc-ngllmo-0 epAWpq fzYpjk yle__article__paragraph\">Kyseess\u00e4 on Korkeimman oikeuden ennakkop\u00e4\u00e4t\u00f6s velan vanhentumista koskevan lain soveltamisesta. T\u00e4m\u00e4n vuoksi p\u00e4\u00e4t\u00f6s ohjaa jatkossa alempien oikeusasteiden eli k\u00e4r\u00e4j\u00e4- ja hovioikeuksien ratkaisuja.<\/p>\n","protected":false},"excerpt":{"rendered":"Keski-Suomen opiskelija-asuntos\u00e4\u00e4ti\u00f6 piti vaadetta korvauksista vanhentuneena. Korkein oikeus ratkaisi vuosien kiistan korvauksista naisen hyv\u00e4ksi. Avaa kuvien katselu Ty\u00f6kyvytt\u00f6myyteen&hellip;\n","protected":false},"author":2,"featured_media":261604,"comment_status":"","ping_status":"","sticky":false,"template":"","format":"standard","meta":{"footnotes":"","_share_on_mastodon":"0"},"categories":[5],"tags":[22,23,26,27,33,31,30,17,425,474,35846,6408,71,24,25,28,29,15,2098,18,21,32,19,20,16,15312],"class_list":["post-261603","post","type-post","status-publish","format-standard","has-post-thumbnail","category-otsikot","tag-breaking-news","tag-breakingnews","tag-featured-news","tag-featurednews","tag-fi","tag-finland","tag-finnish","tag-headlines","tag-jyvaskyla","tag-keski-suomi","tag-koas","tag-korkein-oikeus","tag-kotimaa","tag-latest-news","tag-latestnews","tag-main-news","tag-mainnews","tag-news","tag-oikeudenkaynnit","tag-otsikot","tag-paauutiset","tag-suomi","tag-top-stories","tag-topstories","tag-uutiset","tag-vahingonkorvaus"],"share_on_mastodon":{"url":"https:\/\/pubeurope.com\/@fi\/116658230055275733","error":""},"_links":{"self":[{"href":"https:\/\/www.europesays.com\/fi\/wp-json\/wp\/v2\/posts\/261603","targetHints":{"allow":["GET"]}}],"collection":[{"href":"https:\/\/www.europesays.com\/fi\/wp-json\/wp\/v2\/posts"}],"about":[{"href":"https:\/\/www.europesays.com\/fi\/wp-json\/wp\/v2\/types\/post"}],"author":[{"embeddable":true,"href":"https:\/\/www.europesays.com\/fi\/wp-json\/wp\/v2\/users\/2"}],"replies":[{"embeddable":true,"href":"https:\/\/www.europesays.com\/fi\/wp-json\/wp\/v2\/comments?post=261603"}],"version-history":[{"count":0,"href":"https:\/\/www.europesays.com\/fi\/wp-json\/wp\/v2\/posts\/261603\/revisions"}],"wp:featuredmedia":[{"embeddable":true,"href":"https:\/\/www.europesays.com\/fi\/wp-json\/wp\/v2\/media\/261604"}],"wp:attachment":[{"href":"https:\/\/www.europesays.com\/fi\/wp-json\/wp\/v2\/media?parent=261603"}],"wp:term":[{"taxonomy":"category","embeddable":true,"href":"https:\/\/www.europesays.com\/fi\/wp-json\/wp\/v2\/categories?post=261603"},{"taxonomy":"post_tag","embeddable":true,"href":"https:\/\/www.europesays.com\/fi\/wp-json\/wp\/v2\/tags?post=261603"}],"curies":[{"name":"wp","href":"https:\/\/api.w.org\/{rel}","templated":true}]}}