{"id":26162,"date":"2025-09-05T06:43:07","date_gmt":"2025-09-05T06:43:07","guid":{"rendered":"https:\/\/www.europesays.com\/fi\/26162\/"},"modified":"2025-09-05T06:43:07","modified_gmt":"2025-09-05T06:43:07","slug":"minun-piti-olla-maailman-paras-erikoisjoukkojen-lupaus-tommy-30-kertoo-mita-tapahtui-kun-voimat-loppuivat","status":"publish","type":"post","link":"https:\/\/www.europesays.com\/fi\/26162\/","title":{"rendered":"\u201dMinun piti olla maailman paras\u201d \u2013 Erikoisjoukkojen lupaus Tommy, 30, kertoo, mit\u00e4 tapahtui, kun voimat loppuivat"},"content":{"rendered":"<p class=\"paragraph\">30-vuotias tamperelainen <strong>Tommy Lepaus<\/strong> p\u00e4\u00e4tti elokuun lopulla vajaat kymmenen vuotta kest\u00e4neen uransa Utin j\u00e4\u00e4k\u00e4rirykmentin erikoisj\u00e4\u00e4k\u00e4rin\u00e4.<\/p>\n<p class=\"paragraph\">P\u00e4\u00e4t\u00f6ksen taustalla on sairastuminen uupumukseen, johon h\u00e4nen mukaansa vaikuttivat sek\u00e4 ty\u00f6 ett\u00e4 vapaa-aika. Kuormitus oli kasvanut vuosi vuodelta.<\/p>\n<p class=\"paragraph\"><a href=\"https:\/\/maavoimat.fi\/utin-jaakarirykmentti\" target=\"_blank\" rel=\"noopener nofollow\">Utin j\u00e4\u00e4k\u00e4rirykmentti<\/a> on korkean valmiuden joukko-osasto, johon on keskitetty Suomen puolustusvoimien erikoisjoukkotoiminta. Iltalehti on n\u00e4hnyt asiakirjoja, jotka vahvistavat Lepauksen ty\u00f6suhteen erikoisjoukoissa.<\/p>\n<p class=\"paragraph\">Lepaus ei salassapitovelvoitteiden takia voi kertoa esimerkiksi operaatioista, joissa h\u00e4n on ty\u00f6uransa aikana ollut mukana. H\u00e4n kuitenkin kertoo, ett\u00e4 ty\u00f6h\u00f6n kuului paljon matkustamista ja oleskelua ulkomailla.<\/p>\n<p class=\"citation\">Kummasti vain oli se erikoismieskin polvillaan sen koko jutun edess\u00e4, eik\u00e4 kainostelu siin\u00e4 kohtaa auta.<\/p>\n<p class=\"paragraph\">Lepaus ty\u00f6skenteli alunperin viestimiehen\u00e4 ja my\u00f6hemmin koiraohjaajana. J\u00e4lkimm\u00e4inen oli h\u00e4nen mukaansa \u201dhuippupesti\u201d, jossa yhdistyi h\u00e4nen lapsuudenhaaveensa poliisikoirien kanssa ty\u00f6skentelyst\u00e4 ja aikuisi\u00e4n haaveammatti erikoisjoukoissa.<\/p>\n<p class=\"paragraph\">Lepaus on kertomansa perusteella ollut aina tekev\u00e4 ja \u201dadrenaliininhakuinen\u201d persoona.<\/p>\n<p class=\"paragraph\">Lepauksen luonteenpiirteet ovat n\u00e4ht\u00e4viss\u00e4 niin h\u00e4nen ammatinvalinnassaan kuin harrastuksissaankin. Mies kertoo viett\u00e4neens\u00e4 vapaa-aikaansa muun muassa vapaalaskun ja laskuvarjohypp\u00e4\u00e4misen parissa.<\/p>\n<p>Erikoisjoukoissa pitk\u00e4\u00e4n ty\u00f6skennellyt Tommy Lepaus sairastui burn outiin eli uupumukseen. Yht\u00e4kki\u00e4 pelkk\u00e4 s\u00e4ngyst\u00e4 nouseminen tai kahvin keitt\u00e4minen olivat h\u00e4nelle p\u00e4iv\u00e4n isoimpia saavutuksia. Ida Er\u00e4maa<\/p>\n<p class=\"paragraph\">Muutama vuosi sitten h\u00e4n alkoi rakentamaan vaativan ty\u00f6ns\u00e4 ohella itselleen taloa.<\/p>\n<p class=\"paragraph\">\u2013 Olen ollut lapsesta asti sellainen, ett\u00e4 mit\u00e4 enemm\u00e4n teen, niin sen arvoinen olen. Ett\u00e4 sitten kun tehd\u00e4\u00e4n, niin tehd\u00e4\u00e4n. Kummallista valveilla oloa on se, ett\u00e4 vain makoilee, eik\u00e4 tee mit\u00e4\u00e4n.<\/p>\n<p class=\"paragraph\">N\u00e4in h\u00e4n ainakin aiemmin ajatteli.<\/p>\n<p>Her\u00e4si aamulla eik\u00e4 pystynyt liikuttamaan kehoaan<\/p>\n<p class=\"paragraph\">Ensimm\u00e4inen iso t\u00f6yssy tuli vastaan, kun h\u00e4n oli kulkenut ty\u00f6koiransa kanssa vajaan vuoden ymp\u00e4ri maailmaa. Ty\u00f6koirasta oli tullut Lepaukselle hyvin l\u00e4heinen tiiviin ty\u00f6skentelyn ja matkustamisen my\u00f6t\u00e4, mutta vuoden j\u00e4lkeen koiralta l\u00f6ytyi nikamamuutos, eik\u00e4 koira p\u00e4\u00e4ssyt koskaan t\u00f6ihin.<\/p>\n<p class=\"paragraph\">\u2013 Silloin olin jo huomannut, ett\u00e4 p\u00e4ivisin oli pakko nukkua p\u00e4iv\u00e4unia, eik\u00e4 kroppa kest\u00e4nyt en\u00e4\u00e4. Reissaamisen ja talon osalta alkoi olemaan jo painetta, ja muistan sanoneeni puolivitsill\u00e4, ett\u00e4 t\u00e4m\u00e4 koira kun t\u00e4st\u00e4 viel\u00e4 menisi, niin se olisi viimeinen niitti. Siit\u00e4 se sitten menikin hylkyyn.<\/p>\n<p>Lepaus toivoo, ett\u00e4 h\u00e4nen tarinansa voisi rohkaista my\u00f6s muita hakemaan apua. Ida Er\u00e4maa<\/p>\n<p class=\"paragraph\">Matka kuitenkin viel\u00e4 jatkui uuden koiran kanssa, ja Lepaus puski eteenp\u00e4in, koska suhtautui ty\u00f6h\u00f6ns\u00e4 kunnianhimoisesti.<\/p>\n<p class=\"paragraph\">\u2013 Ei riitt\u00e4nyt, ett\u00e4 olisin ollut yksik\u00f6n paras, Suomen paras tai Pohjoismaiden paras. Minun piti olla maailman paras, Lepaus kertoo.<\/p>\n<p class=\"paragraph\">Kev\u00e4\u00e4ll\u00e4 2024 Lepaus palasi ty\u00f6reissun j\u00e4lkeen kotiin viikonlopuksi.<\/p>\n<p class=\"paragraph\">\u2013 Se ei ollut mik\u00e4\u00e4n ihmeellinen reissu, siihen ei liittynyt mit\u00e4\u00e4n dramaattista. Min\u00e4 vain her\u00e4sin seuraavana aamuna, eik\u00e4 mik\u00e4\u00e4n paikka vain liikkunut.<\/p>\n<p class=\"paragraph\">Lepaus ajatteli olevansa vain v\u00e4synyt, ja koetti saada nukuttua v\u00e4h\u00e4n pidemp\u00e4\u00e4n. Uni ei kuitenkaan tullut, kuten tavaksi oli jo muodostunut.<\/p>\n<p class=\"paragraph\">\u2013 Viel\u00e4k\u00e4\u00e4n ei mik\u00e4\u00e4n liikkunut. Yritin nostaa jalkoja, k\u00e4si\u00e4 ja p\u00e4\u00e4t\u00e4, eik\u00e4 mik\u00e4\u00e4n vain liikkunut mihink\u00e4\u00e4n. Ainoa asia, mit\u00e4 tunsin, oli sellainen hirve\u00e4 n\u00e4kym\u00e4t\u00f6n paino, joka painoi koko kehoani. Silloin tajusin, ett\u00e4 nyt ei ole kaikki kunnossa.<\/p>\n<p class=\"paragraph\">Lepaus oli k\u00e4rsinyt vakavista univaikeuksista ja uupumusoireista jo kolmen vuoden ajan. Iltalehti on n\u00e4hnyt l\u00e4\u00e4k\u00e4rin kirjauksia Lepauksen oireista.<\/p>\n<p>Tommy Lepaus ty\u00f6skenteli noin kymmenen vuotta Suomen puolustusvoimien erikoisjoukoissa.  Ida Er\u00e4maa<\/p>\n<p class=\"paragraph\">Silti viikonloppuaamuna koettu olotila \u201dtipahti syliin\u201d Lepauksen mukaan kuin puskista.<\/p>\n<p class=\"paragraph\">\u2013 Se ei varoittanut siit\u00e4 sitten sekuntiakaan. Toki noita h\u00e4lytysmerkkej\u00e4 ja moottorin vikavaloja olisi voinut k\u00e4ytt\u00e4\u00e4 lukijalla v\u00e4h\u00e4n aikaisemmassa vaiheessa. Mutta ne on aina vain sivuuttanut, koska on ollut tapana ajatella, ett\u00e4 olen kova j\u00e4tk\u00e4 erikoisjoukoista. Ei meille tapahdu tuollaista.<\/p>\n<p>\u201dSitten helpottaa\u201d<\/p>\n<p class=\"paragraph\">Lepauksen mukaan h\u00e4nen yst\u00e4v\u00e4ns\u00e4 olivat jo vuosien ajan kehottaneet h\u00e4nt\u00e4 toisinaan painamaan jarrua.<\/p>\n<p class=\"paragraph\">\u2013 Kyll\u00e4 silloin on oltu jo aika kovassa paineessa, mutta ajattelin silloin aina, ett\u00e4 kun saan t\u00e4m\u00e4n talon valmiiksi, niin sitten helpottaa, tai kun kes\u00e4 tulee ja p\u00e4\u00e4sen lomalle, niin sitten helpottaa, tai kun saan t\u00e4m\u00e4n ty\u00f6homman pakettiin, niin sitten taas helpottaa.<\/p>\n<p>Tommy Lepaus haluaa purkaa tabuja mielenterveyden haasteiden ymp\u00e4rilt\u00e4. &#8221;Jos joku nuorempi kundi n\u00e4kee, ett\u00e4 jos tuo ilopilleri, joka on aina \u00e4\u00e4ness\u00e4 ja hauskuuttaa muita, on uupunut, niin sitten saan min\u00e4kin olla uupunut.&#8221; Ida Er\u00e4maa<\/p>\n<p class=\"paragraph\">Kun Lepaus makasi liikkumattomana s\u00e4ngyss\u00e4\u00e4n vuonna 2024, ymm\u00e4rsi h\u00e4n viimein, ett\u00e4 tilanteeseen oli tultava muutos.<\/p>\n<p class=\"paragraph\">Kynnys oli kuitenkin korkea. Pelko ja h\u00e4pe\u00e4 myllersiv\u00e4t h\u00e4nen p\u00e4\u00e4ns\u00e4 sis\u00e4ll\u00e4 koko viikonlopun ajan.<\/p>\n<p class=\"paragraph\">\u2013 Mietin, mit\u00e4 t\u00e4m\u00e4 on ja l\u00e4hteek\u00f6 t\u00e4m\u00e4 pois. Pelk\u00e4sin, ett\u00e4 mit\u00e4 jos joku saa tiet\u00e4\u00e4, tai mit\u00e4 jos kukaan ei saa tiet\u00e4\u00e4, mit\u00e4 sitten tapahtuu. Ainoa asia, mit\u00e4 keksin, oli soittaa l\u00e4\u00e4k\u00e4rille.<\/p>\n<p class=\"citation\">Kun makaat pallerona s\u00e4ngyss\u00e4 kaikkien v\u00e4llyjen alla, niin pelk\u00e4st\u00e4\u00e4n se, ett\u00e4 p\u00e4\u00e4set sielt\u00e4 yl\u00f6s, on itsess\u00e4\u00e4n saavutus.<\/p>\n<p class=\"paragraph\">Lepauksen mukaan avun pyyt\u00e4minen tuntui h\u00e4nest\u00e4 \u00e4\u00e4rimm\u00e4isen haavoittuvaiselta ja alastomalta, ja h\u00e4nt\u00e4 pelotti, ettei h\u00e4nt\u00e4 oteta tosissaan, tai ett\u00e4 l\u00e4\u00e4k\u00e4rit \u201dnauravat h\u00e4net pihalle\u201d.<\/p>\n<p class=\"paragraph\">\u2013 Se paino, joka painoi rintalastaani ja korvieni v\u00e4liss\u00e4, oli aivan valtava. Luulin, etten ikin\u00e4 nouse siit\u00e4. Se oli todella raju myllerrys, enk\u00e4 muista, ett\u00e4 olisin nukkunut silm\u00e4yst\u00e4k\u00e4\u00e4n sen viikonlopun aikana, Lepaus kertoo.<\/p>\n<p class=\"paragraph\">Lopulta Lepaus uskalsi soittaa l\u00e4\u00e4k\u00e4rille.<\/p>\n<p class=\"paragraph\">\u2013 Olen varmaan hyperventiloinut sen koko puhelun. Muistikuvani siit\u00e4 ovat v\u00e4h\u00e4n hataria, mutta ainakin kuvittelen sanoneeni, etten jaksa en\u00e4\u00e4, ja ett\u00e4 tarvitsen apua.<\/p>\n<p>Sairausloma<\/p>\n<p class=\"paragraph\">Lepauksen mukaan l\u00e4\u00e4k\u00e4riss\u00e4 oli heti selv\u00e4\u00e4, h\u00e4nen tulisi j\u00e4\u00e4d\u00e4 v\u00e4litt\u00f6m\u00e4sti sairauslomalle. Lepauksen mukaan l\u00e4\u00e4k\u00e4ri melkein takavarikoi h\u00e4nen ty\u00f6puhelimensa tuolla ensimm\u00e4isell\u00e4 vastaanotolla.<\/p>\n<p>\u201dJos me pystyisimme muuttamaan sit\u00e4, ett\u00e4 kova j\u00e4tk\u00e4 olisikin se, joka avaa suunsa kun on liikaa seini\u00e4 vastassa ja pyyt\u00e4\u00e4 apua, niin luulen, ett\u00e4 olisimme kansanakin aika paljon vahvempia.\u201d Ida Er\u00e4maa<\/p>\n<p class=\"paragraph\">Pelot osoittautuivat Lepauksen mukaan turhiksi. Asia otettiin vastaan ymm\u00e4rt\u00e4v\u00e4isesti ja l\u00e4mpim\u00e4sti sek\u00e4 l\u00e4\u00e4k\u00e4riss\u00e4 ett\u00e4 Lepauksen ty\u00f6yhteis\u00f6ss\u00e4.<\/p>\n<p class=\"paragraph\">\u2013 Sielt\u00e4 ei tullut mit\u00e4\u00e4n muuta kuin positiivista tukea, sek\u00e4 yksik\u00f6n johdolta ett\u00e4 sitten omalta ryhm\u00e4lt\u00e4 ja kaikilta meid\u00e4n ukoilta. Ei varmaan paremmin voisi tuollainen tilanne menn\u00e4, kun kaikki kundit, joita katsot yl\u00f6sp\u00e4in, eiv\u00e4t ajattelekaan, ett\u00e4 luovutit, vaan ovatkin aidosti huolissaan ja tarjoavat tukeaan.<\/p>\n<p class=\"paragraph\">Lepauksen mukaan ty\u00f6yhteis\u00f6n tuella oli keskeinen merkitys siin\u00e4, ett\u00e4 h\u00e4n pystyi j\u00e4\u00e4m\u00e4\u00e4n olosuhteisiin n\u00e4hden hyv\u00e4ll\u00e4 fiiliksell\u00e4 sairauslomalle, ja aloittamaan kuntoutumisen.<\/p>\n<p class=\"paragraph\">Lepaus kertoo, ett\u00e4 h\u00e4n oli sairauslomalla l\u00e4hes p\u00e4iv\u00e4lleen puoli vuotta. Aluksi h\u00e4n opetteli \u201dvain olemaan\u201d, joka oli h\u00e4nelle aivan uutta.<\/p>\n<p class=\"paragraph\">\u2013 Siin\u00e4 oli jo pelk\u00e4st\u00e4\u00e4n hirve\u00e4 \u0161okkitila, kun 25 vuotta touhunnneen ja t\u00f6it\u00e4 paiskoneen kundin pitikin pysy\u00e4 aloillaan, eik\u00e4 saanut oikein tehd\u00e4 mit\u00e4\u00e4n.<\/p>\n<p class=\"paragraph\">Sairausloman alku oli Lepaukselle masentavaa aikaa. H\u00e4nt\u00e4 ei kiinnostanut puhua kenellek\u00e4\u00e4n tai tehd\u00e4 mit\u00e4\u00e4n. Pelkotilat vaivasivat h\u00e4nt\u00e4 yh\u00e4, ja h\u00e4nen p\u00e4\u00e4ss\u00e4\u00e4n py\u00f6ri katastrofiajatuksia, kuten \u201dmit\u00e4 jos en ikin\u00e4 p\u00e4\u00e4se takaisin t\u00f6ihin, mit\u00e4 jos ty\u00f6kykyni ei vain riit\u00e4\u201d.<\/p>\n<p>Kahvin keitt\u00e4minen oli p\u00e4iv\u00e4n saavutus<\/p>\n<p class=\"paragraph\">Lepaus kuitenkin huomasi jossain vaiheessa, ett\u00e4 h\u00e4nen toimintakykyns\u00e4 alkoi hiljalleen parantua, kun h\u00e4n oli saanut ensin riitt\u00e4v\u00e4sti lev\u00e4tty\u00e4 ja nukuttua.<\/p>\n<p class=\"paragraph\">\u2013 Se alkoi minulla ihan siit\u00e4 kahvin keitosta. Tiistaina keitin kupin kahvia, ja se riitti. Mit\u00e4\u00e4n muuta ei tarvinnut tehd\u00e4. Keskiviikkona keitin kupin kahvia ja ehk\u00e4 petasin my\u00f6s s\u00e4ngyn. Sekin riitti. Torstaina k\u00e4vin suihkussa, Lepaus kertoo.<\/p>\n<p class=\"paragraph\">\u2013 Arkeni koostui yksitt\u00e4isist\u00e4 asioista, joista yritin rakentaa el\u00e4m\u00e4\u00e4ni jotain rutiineja. Se voi kuulostaa tyhm\u00e4lt\u00e4, ett\u00e4 arki ja rutiini olisi vain kahvin keittoa ja s\u00e4ngyn petaamista, mutta kun makaat pallerona kaikkien v\u00e4llyjen alla, niin pelk\u00e4st\u00e4\u00e4n se, ett\u00e4 p\u00e4\u00e4set sielt\u00e4 yl\u00f6s, on itsess\u00e4\u00e4n saavutus.<\/p>\n<p>Tommy Lepaus kertoo, ett\u00e4 h\u00e4nen oli vaikeaa my\u00f6nt\u00e4\u00e4 itselleen voivansa huonosti ja tarvitsevansa apua, koska yhteiskunnassa on edelleen tapana ajatella, ett\u00e4 miesten kuuluu olla &#8221;vahvoja&#8221; ja p\u00e4rj\u00e4t\u00e4 itse. Ida Er\u00e4maa<\/p>\n<p class=\"paragraph\">Pikkuhiljaa Lepaus uskaltautui ulos asunnostaan esimerkiksi k\u00e4velylle. Aluksi h\u00e4n jaksoi k\u00e4vell\u00e4 kymmenen minuuttia, seuraavana p\u00e4iv\u00e4n\u00e4 ehk\u00e4 viisitoista. Lepaus kertoo, ettei toipuminen ollut suoraviivaista.<\/p>\n<p class=\"paragraph\">\u2013 Veit roskat, k\u00e4vit siell\u00e4, k\u00e4vit t\u00e4\u00e4ll\u00e4. Pikkuhiljaa jaksoin aloittaa taas urheilemisen. Yritin tehd\u00e4 kaiken maltillisesti ja l\u00e4hte\u00e4 hitaasti liikkeelle, en tehnyt mill\u00e4\u00e4n painoilla mit\u00e4\u00e4n, vaan k\u00e4vin esimerkiksi kevyell\u00e4 juoksulenkill\u00e4 tai muuta sellaista. Mutta jotenkin l\u00e4hti taas matto jalkojen alta ja taas mentiin sinne alkupisteeseen, se oli tuollaista sahaamista.<\/p>\n<p class=\"paragraph\">Sitten aloitettiin taas s\u00e4ngyn pohjalta, ja ponnistettiin viel\u00e4 v\u00e4h\u00e4n hitaammin takaisin yl\u00f6s. Se kannatti.<\/p>\n<p>Uusi el\u00e4m\u00e4nvaihe<\/p>\n<p class=\"paragraph\">Lepaus palasi t\u00f6ihin kevennetyll\u00e4 ty\u00f6ajalla. T\u00f6ihin paluu j\u00e4nnitti, ja ensimm\u00e4isen viikon j\u00e4lkeen Lepaus kertoo purskahtaneensa itkuun, kun h\u00e4n istui autoonsa ty\u00f6p\u00e4iv\u00e4n j\u00e4lkeen.<\/p>\n<p class=\"paragraph\">\u2013 Se ei ollut sellainen sankarijuttu, ett\u00e4 jumalauta olen vahva, t\u00e4ss\u00e4 ollaan taas. Se oli enemm\u00e4nkin tunteenpurkaus siit\u00e4, kun tajusin, ett\u00e4 t\u00e4m\u00e4 ei ole viel\u00e4k\u00e4\u00e4n ohi, mutta ollaan menossa oikeaan suuntaan.<\/p>\n<p class=\"citation\">Vaati aika helvetisti kanttia vet\u00e4\u00e4 haarniskat pois, istua siihen ja avata suu.<\/p>\n<p class=\"paragraph\">Lepaus kertoo, ett\u00e4 h\u00e4nen oli vaikeaa hyv\u00e4ksy\u00e4 voivansa huonosti ja tarvitsevansa apua, koska yhteiskunnassa kytee edelleen ajatus siit\u00e4, ett\u00e4 miehen kuuluu olla \u201dvahva\u201d. Lepauksen mukaan h\u00e4nelle \u201dtoitotettiin\u201d terveydenhuollossa, ett\u00e4 vaikeuksista puhuminen ja avun hakeminen nimenomaan kertovat rohkeudesta ja \u201dkovasta \u00e4ij\u00e4st\u00e4\u201d.<\/p>\n<p class=\"paragraph\">\u2013 Ainakin minulta se vaati aika helvetisti kanttia vet\u00e4\u00e4 haarniskat pois, istua siihen ja avata suu. Kummasti vain oli se erikoismieskin polvillaan sen koko jutun edess\u00e4, eik\u00e4 kainostelu siin\u00e4 kohtaa auta.  Kaikki machoilu, esimerkiksi fyysisen kunnon korostaminen ja itsevarmuus, ovat ihan hyv\u00e4st\u00e4. Kuitenkin olisi hyv\u00e4 muistaa, ettei \u00e4ijyys tai se kova j\u00e4tk\u00e4 m\u00e4\u00e4rityk\u00e4\u00e4n sill\u00e4, ett\u00e4 pidet\u00e4\u00e4n suu supussa.<\/p>\n<p class=\"paragraph\">Lepaus teki hiljattain p\u00e4\u00e4t\u00f6ksen j\u00e4tt\u00e4\u00e4 erikoisjoukot taakseen. Kokemansa j\u00e4lkeen h\u00e4nest\u00e4 alkoi tuntumaan yh\u00e4 t\u00e4rke\u00e4mm\u00e4lt\u00e4 vaikuttaa juuri niihin asioihin, mink\u00e4 takia h\u00e4nen itsens\u00e4 oli vaikeaa pyyt\u00e4\u00e4 tilanteessaan apua. Lepauksen suunnitelmissa on alkaa tuottamaan sosiaalisen median sis\u00e4lt\u00f6j\u00e4 mielenterveydest\u00e4 ja hakea jossain vaiheessa opiskelemaan.<\/p>\n<p class=\"paragraph\">\u2013 Jos me pystyisimme muuttamaan sit\u00e4, ett\u00e4 kova j\u00e4tk\u00e4 olisikin se, joka avaa suunsa kun on liikaa seini\u00e4 vastassa ja pyyt\u00e4\u00e4 apua, luulen, ett\u00e4 olisimme kansanakin aika paljon vahvempia.<\/p>\n","protected":false},"excerpt":{"rendered":"30-vuotias tamperelainen Tommy Lepaus p\u00e4\u00e4tti elokuun lopulla vajaat kymmenen vuotta kest\u00e4neen uransa Utin j\u00e4\u00e4k\u00e4rirykmentin erikoisj\u00e4\u00e4k\u00e4rin\u00e4. P\u00e4\u00e4t\u00f6ksen taustalla on&hellip;\n","protected":false},"author":2,"featured_media":26163,"comment_status":"","ping_status":"","sticky":false,"template":"","format":"standard","meta":{"footnotes":""},"categories":[12],"tags":[35,22,23,26,27,33,31,30,17,1391,24,25,72,28,29,15,18,21,764,32,765,502,167,19,20,16],"class_list":{"0":"post-26162","1":"post","2":"type-post","3":"status-publish","4":"format-standard","5":"has-post-thumbnail","7":"category-suomi","8":"tag-24h","9":"tag-breaking-news","10":"tag-breakingnews","11":"tag-featured-news","12":"tag-featurednews","13":"tag-fi","14":"tag-finland","15":"tag-finnish","16":"tag-headlines","17":"tag-ihmisten-ja-elainten-ruumiit","18":"tag-latest-news","19":"tag-latestnews","20":"tag-luonto","21":"tag-main-news","22":"tag-mainnews","23":"tag-news","24":"tag-otsikot","25":"tag-paauutiset","26":"tag-sairaudet","27":"tag-suomi","28":"tag-taudit-ja-hairiot","29":"tag-terveydenhoito","30":"tag-terveys","31":"tag-top-stories","32":"tag-topstories","33":"tag-uutiset"},"share_on_mastodon":{"url":"","error":""},"_links":{"self":[{"href":"https:\/\/www.europesays.com\/fi\/wp-json\/wp\/v2\/posts\/26162","targetHints":{"allow":["GET"]}}],"collection":[{"href":"https:\/\/www.europesays.com\/fi\/wp-json\/wp\/v2\/posts"}],"about":[{"href":"https:\/\/www.europesays.com\/fi\/wp-json\/wp\/v2\/types\/post"}],"author":[{"embeddable":true,"href":"https:\/\/www.europesays.com\/fi\/wp-json\/wp\/v2\/users\/2"}],"replies":[{"embeddable":true,"href":"https:\/\/www.europesays.com\/fi\/wp-json\/wp\/v2\/comments?post=26162"}],"version-history":[{"count":0,"href":"https:\/\/www.europesays.com\/fi\/wp-json\/wp\/v2\/posts\/26162\/revisions"}],"wp:featuredmedia":[{"embeddable":true,"href":"https:\/\/www.europesays.com\/fi\/wp-json\/wp\/v2\/media\/26163"}],"wp:attachment":[{"href":"https:\/\/www.europesays.com\/fi\/wp-json\/wp\/v2\/media?parent=26162"}],"wp:term":[{"taxonomy":"category","embeddable":true,"href":"https:\/\/www.europesays.com\/fi\/wp-json\/wp\/v2\/categories?post=26162"},{"taxonomy":"post_tag","embeddable":true,"href":"https:\/\/www.europesays.com\/fi\/wp-json\/wp\/v2\/tags?post=26162"}],"curies":[{"name":"wp","href":"https:\/\/api.w.org\/{rel}","templated":true}]}}