{"id":26168,"date":"2025-09-05T07:00:07","date_gmt":"2025-09-05T07:00:07","guid":{"rendered":"https:\/\/www.europesays.com\/fi\/26168\/"},"modified":"2025-09-05T07:00:07","modified_gmt":"2025-09-05T07:00:07","slug":"tummasavyinen-metallisensaatio-saksasta-saapuu-suomeen-kahdelle-keikalle-kevaalla-2026","status":"publish","type":"post","link":"https:\/\/www.europesays.com\/fi\/26168\/","title":{"rendered":"Tummas\u00e4vyinen metallisensaatio Saksasta saapuu Suomeen kahdelle keikalle kev\u00e4\u00e4ll\u00e4 2026"},"content":{"rendered":"<p>Saksalainen metallikameleontti Lord of the Lost, jonka musiikissa sekoittuu elementtej\u00e4 niin industrialista kuin gootti- ja sinfonisesta metallista, julkaisee loppuvuodesta jatko-osan viime kev\u00e4\u00e4n\u00e4 ilmestyneen Opvs Noir Vol. 1 -albumilleen. Orkesteri l\u00e4htee albumiparin tiimoilta ensi kev\u00e4\u00e4n\u00e4 Euroopan-kiertueelle, joka ulottuu my\u00f6s Suomeen.<\/p>\n<p>Lord of the Lost n\u00e4hd\u00e4\u00e4n 16.3.2026 Tampereen Tavara-asemalla ja seuraavana p\u00e4iv\u00e4n\u00e4 viel\u00e4 Helsingin Tavastia-klubilla. Molempina iltoina lauteet l\u00e4mmittelee Ad Infinitum. Keikkojen lipunmyynti alkaa Tiketiss\u00e4 5.9. kello 13.<\/p>\n<p>Tulevalta Opvs Noir Vol. 2 -albumilta julkaistiin aiemmin t\u00e4ll\u00e4 viikolla ensimm\u00e4isen\u00e4 singlen\u00e4 kappale Raveyard, jolla vierailee Suomen oma K\u00e4\u00e4rij\u00e4, joka Lord of the Lostin tavoin oli mukana Euroviisuissa vuonna 2023. Katso kappaleen kylkeen tehty video <a href=\"https:\/\/www.soundi.fi\/uutiset\/kaarija-ja-lord-of-the-lost-yhdistivat-viimein-voimansa-raveyard-kappaleella-katso-video\/\" target=\"_blank\" rel=\"noreferrer noopener nofollow\">t\u00e4st\u00e4<\/a>.<\/p>\n<p>Lue my\u00f6s: <a href=\"https:\/\/www.soundi.fi\/uutiset\/kaarija-ja-lord-of-the-lost-yhdistivat-viimein-voimansa-raveyard-kappaleella-katso-video\/\" title=\"K\u00e4\u00e4rij\u00e4 ja Lord of the Lost yhdistiv\u00e4t viimein voimansa Raveyard-kappaleella \u2013 Katso video\" class=\"underline-custom !font-montserrat !font-bold !underline-offset-4 !decoration-4 !decoration-tilt-light\" rel=\"nofollow noopener\" target=\"_blank\">K\u00e4\u00e4rij\u00e4 ja Lord of the Lost yhdistiv\u00e4t viimein voimansa Raveyard-kappaleella \u2013 Katso video<\/a><\/p>\n","protected":false},"excerpt":{"rendered":"Saksalainen metallikameleontti Lord of the Lost, jonka musiikissa sekoittuu elementtej\u00e4 niin industrialista kuin gootti- ja sinfonisesta metallista, julkaisee&hellip;\n","protected":false},"author":2,"featured_media":26169,"comment_status":"","ping_status":"","sticky":false,"template":"","format":"standard","meta":{"footnotes":""},"categories":[132],"tags":[137,33,31,30,195,47,32,109],"class_list":{"0":"post-26168","1":"post","2":"type-post","3":"status-publish","4":"format-standard","5":"has-post-thumbnail","7":"category-musiikki","8":"tag-entertainment","9":"tag-fi","10":"tag-finland","11":"tag-finnish","12":"tag-music","13":"tag-musiikki","14":"tag-suomi","15":"tag-viihde"},"share_on_mastodon":{"url":"","error":""},"_links":{"self":[{"href":"https:\/\/www.europesays.com\/fi\/wp-json\/wp\/v2\/posts\/26168","targetHints":{"allow":["GET"]}}],"collection":[{"href":"https:\/\/www.europesays.com\/fi\/wp-json\/wp\/v2\/posts"}],"about":[{"href":"https:\/\/www.europesays.com\/fi\/wp-json\/wp\/v2\/types\/post"}],"author":[{"embeddable":true,"href":"https:\/\/www.europesays.com\/fi\/wp-json\/wp\/v2\/users\/2"}],"replies":[{"embeddable":true,"href":"https:\/\/www.europesays.com\/fi\/wp-json\/wp\/v2\/comments?post=26168"}],"version-history":[{"count":0,"href":"https:\/\/www.europesays.com\/fi\/wp-json\/wp\/v2\/posts\/26168\/revisions"}],"wp:featuredmedia":[{"embeddable":true,"href":"https:\/\/www.europesays.com\/fi\/wp-json\/wp\/v2\/media\/26169"}],"wp:attachment":[{"href":"https:\/\/www.europesays.com\/fi\/wp-json\/wp\/v2\/media?parent=26168"}],"wp:term":[{"taxonomy":"category","embeddable":true,"href":"https:\/\/www.europesays.com\/fi\/wp-json\/wp\/v2\/categories?post=26168"},{"taxonomy":"post_tag","embeddable":true,"href":"https:\/\/www.europesays.com\/fi\/wp-json\/wp\/v2\/tags?post=26168"}],"curies":[{"name":"wp","href":"https:\/\/api.w.org\/{rel}","templated":true}]}}