{"id":26170,"date":"2025-09-05T07:02:08","date_gmt":"2025-09-05T07:02:08","guid":{"rendered":"https:\/\/www.europesays.com\/fi\/26170\/"},"modified":"2025-09-05T07:02:08","modified_gmt":"2025-09-05T07:02:08","slug":"korona-nostaa-paataan-etela-pohjanmaalla-sairaalahoitoa-vaativat-tapaukset-on-todettu-lahinna-ikaihmisilla-etela-pohjanmaa","status":"publish","type":"post","link":"https:\/\/www.europesays.com\/fi\/26170\/","title":{"rendered":"Korona nostaa p\u00e4\u00e4t\u00e4\u00e4n Etel\u00e4-Pohjanmaalla \u2013 \u201dSairaalahoitoa vaativat tapaukset on todettu l\u00e4hinn\u00e4 ik\u00e4ihmisill\u00e4\u201d | Etel\u00e4-Pohjanmaa"},"content":{"rendered":"<p class=\"sc-jYczwO sc-dNFkOE frIBdZ edVjwg yle__article__paragraph\">Pohjalaismaakunnista koronavirusta havaitaan t\u00e4ll\u00e4 hetkell\u00e4 eniten Etel\u00e4-Pohjanmaalla. Syksyn rokotuksiin varustaudutaan kaikilla hyvinvointialueilla.<\/p>\n<p><img decoding=\"async\" alt=\"Elina K\u00e4rn\u00e4 katsoo kameraan. Taustalla sairaalan henkil\u00f6kuntaa.\" src=\"https:\/\/www.europesays.com\/fi\/wp-content\/uploads\/2025\/09\/39-1461197681b2343df754.jpeg\" class=\"sc-dntSTA iywpZY\"\/><\/p>\n<p>Avaa kuvien katselu<\/p>\n<p>Etel\u00e4-Pohjanmaan hyvinvointialueen infektioylil\u00e4\u00e4k\u00e4ri Elina K\u00e4rn\u00e4 kertoo, ett\u00e4 koronatapausm\u00e4\u00e4r\u00e4t ovat nousussa. Kuva: Pasi Takkunen \/ YleJuttu tiivistettyn\u00e4<\/p>\n<ul class=\"sc-dMmcxd iwejNa yle__article__list yle__article__list--ul\">\n<li class=\"sc-fGqoZs fsBJlY\">Koronavirusm\u00e4\u00e4r\u00e4t ovat kasvussa Etel\u00e4-Pohjanmaalla, kertoo infektioylil\u00e4\u00e4k\u00e4ri Elina K\u00e4rn\u00e4.<\/li>\n<li class=\"sc-fGqoZs fsBJlY\">Elokuun viimeisell\u00e4 viikolla koronavirusta l\u00f6ytyi alueella viidest\u00e4 prosentista hengitystien\u00e4ytteist\u00e4.<\/li>\n<li class=\"sc-fGqoZs fsBJlY\">Sairaalassa olevat koronapotilaat ovat p\u00e4\u00e4osin ik\u00e4ihmisi\u00e4.<\/li>\n<li class=\"sc-fGqoZs fsBJlY\">Rokotukset alkavat lokakuussa ik\u00e4ihmisille ja riskiryhmille. Etel\u00e4-Pohjanmaalla ajanvaraus avautuu 22.9.<\/li>\n<\/ul>\n<p class=\"sc-jYczwO sc-ciCoXh frIBdZ cPdSqu yle__article__paragraph\">T\u00e4m\u00e4 on teko\u00e4lyn avulla tuotettu, toimittajan tarkistama tiivistelm\u00e4.<\/p>\n<p class=\"sc-jYczwO sc-ciCoXh frIBdZ cPdSqu yle__article__paragraph\">Koronatapausten m\u00e4\u00e4r\u00e4 on nousussa Etel\u00e4-Pohjanmaan hyvinvointialueella.<\/p>\n<p class=\"sc-jYczwO sc-ciCoXh frIBdZ cPdSqu yle__article__paragraph\">Elokuun viimeisell\u00e4 viikolla viisi prosenttia hengitystien\u00e4ytteist\u00e4 sis\u00e4lsi koronavirusta, kertoo infektioylil\u00e4\u00e4k\u00e4ri <strong class=\"sc-eEHciv kkmMDs yle__article__strong\">Elina K\u00e4rn\u00e4<\/strong>.<\/p>\n<p class=\"sc-jYczwO sc-ciCoXh frIBdZ cPdSqu yle__article__paragraph\">\u2013 My\u00f6s sairaalassa on potilaita, joilla on todettu koronavirusinfektio. He ovat p\u00e4\u00e4s\u00e4\u00e4nt\u00f6isesti ik\u00e4ihmisi\u00e4.<\/p>\n<p class=\"sc-jYczwO sc-ciCoXh frIBdZ cPdSqu yle__article__paragraph\">Terveyden ja hyvinvoinnin laitos (THL) seuraa koronavirusmuunnosten esiintymist\u00e4 muun muassa j\u00e4tevesin\u00e4ytteist\u00e4, jotka tutkitaan 1\u20134 kertaa kuukaudessa seurannassa mukana olevilta j\u00e4tevedenpuhdistamoilta.<\/p>\n<p class=\"sc-jYczwO sc-ciCoXh frIBdZ cPdSqu yle__article__paragraph\">Pohjalaiskunnista mukana on Vaasa, jonka viikon takaisissa j\u00e4tevesin\u00e4ytteiss\u00e4 oli havaittavissa vain pient\u00e4 kasvua koronavirusm\u00e4\u00e4riss\u00e4, kertoo Pohjanmaan hyvinvointialueen infektiotautien ylil\u00e4\u00e4k\u00e4ri <strong class=\"sc-eEHciv kkmMDs yle__article__strong\">Silvia Gr\u00f6nroos-Pada<\/strong>.<\/p>\n<p class=\"sc-jYczwO sc-ciCoXh frIBdZ cPdSqu yle__article__paragraph\">\u2013 Varmasti on ajan kysymys, milloin koronatapaukset ja muut syksyn virustaudit alkavat lis\u00e4\u00e4nty\u00e4, mutta toistaiseksi on rauhallista.<\/p>\n<p class=\"sc-jYczwO sc-ciCoXh frIBdZ cPdSqu yle__article__paragraph\">Niin on Keski-Pohjanmaallakin, sanoo infektioylil\u00e4\u00e4k\u00e4ri <strong class=\"sc-eEHciv kkmMDs yle__article__strong\">Marko Rahkonen<\/strong>.<\/p>\n<p class=\"sc-jYczwO sc-ciCoXh frIBdZ cPdSqu yle__article__paragraph\">\u2013 Tilanne on samankaltainen kuin viime vuonna samaan aikaan, eli viruksia on liikkeell\u00e4, mutta kohtuullisen rauhallinen on tilanne.<\/p>\n<p class=\"sc-jYczwO sc-ciCoXh frIBdZ cPdSqu yle__article__paragraph\">Keski-Pohjanmaan hyvinvointialueella on sairaalahoidossa ollut viime viikkoina yksitt\u00e4isi\u00e4 potilaita, joilla on ollut koronatartunta.<\/p>\n<p>Rokotukset alkavat taas<\/p>\n<p class=\"sc-jYczwO sc-ciCoXh frIBdZ cPdSqu yle__article__paragraph\">Hyvinvointialueet valmistautuvat rokotuskauden alkuun.<\/p>\n<p class=\"sc-jYczwO sc-ciCoXh frIBdZ cPdSqu yle__article__paragraph\">T\u00e4n\u00e4 syksyn\u00e4 THL suosittelee koronarokotteita yli 75-vuotiaille sek\u00e4 vakavasti immuunipuutteisille henkil\u00f6ille. Tehosteannosta suositellaan my\u00f6s hoivakodeissa ja kotihoidossa oleville sek\u00e4 omaishoidettaville ik\u00e4\u00e4ntyneille ihmisille.<\/p>\n<p class=\"sc-jYczwO sc-ciCoXh frIBdZ cPdSqu yle__article__paragraph\">Tehosteannos voi olla tarpeen antaa my\u00f6s muille erityisest\u00e4 syyst\u00e4 yksil\u00f6llisen harkinnan ja l\u00e4\u00e4ketieteellisen riskinarvion perusteella.<\/p>\n<p class=\"sc-jYczwO sc-ciCoXh frIBdZ cPdSqu yle__article__paragraph\">\u2013 Ik\u00e4ihmisten ja riskiryhmien rokotukset alkavat meill\u00e4 lokakuun alkupuolella, kertoo Elina K\u00e4rn\u00e4 Etel\u00e4-Pohjanmaalta. S\u00e4hk\u00f6inen ajanvaraus aukeaa 22.9.<\/p>\n<p class=\"sc-jYczwO sc-ciCoXh frIBdZ cPdSqu yle__article__paragraph\">Keski-Pohjanmaalla rokotusten alkaminen menee todenn\u00e4k\u00f6isesti my\u00f6s lokakuulle.<\/p>\n<p class=\"sc-jYczwO sc-ciCoXh frIBdZ cPdSqu yle__article__paragraph\">Pohjanmaan hyvinvointialueella rokotukset voivat jo alkaa hoivakodeissa. Ajanvarauksella tapahtuvat rokotukset k\u00e4ynnistyv\u00e4t lokakuun puolella.<\/p>\n","protected":false},"excerpt":{"rendered":"Pohjalaismaakunnista koronavirusta havaitaan t\u00e4ll\u00e4 hetkell\u00e4 eniten Etel\u00e4-Pohjanmaalla. Syksyn rokotuksiin varustaudutaan kaikilla hyvinvointialueilla. Avaa kuvien katselu Etel\u00e4-Pohjanmaan hyvinvointialueen infektioylil\u00e4\u00e4k\u00e4ri&hellip;\n","protected":false},"author":2,"featured_media":26171,"comment_status":"","ping_status":"","sticky":false,"template":"","format":"standard","meta":{"footnotes":""},"categories":[165],"tags":[6321,8306,1377,33,31,30,166,451,6930,766,449,8305,764,32,167],"class_list":{"0":"post-26170","1":"post","2":"type-post","3":"status-publish","4":"format-standard","5":"has-post-thumbnail","7":"category-terveys","8":"tag-covid-19","9":"tag-covid-19-rokote","10":"tag-etela-pohjanmaa","11":"tag-fi","12":"tag-finland","13":"tag-finnish","14":"tag-health","15":"tag-keski-pohjanmaa","16":"tag-koronaviruksen-aiheuttama-sairaus","17":"tag-koronavirus","18":"tag-pohjanmaa","19":"tag-rokotus","20":"tag-sairaudet","21":"tag-suomi","22":"tag-terveys"},"share_on_mastodon":{"url":"","error":""},"_links":{"self":[{"href":"https:\/\/www.europesays.com\/fi\/wp-json\/wp\/v2\/posts\/26170","targetHints":{"allow":["GET"]}}],"collection":[{"href":"https:\/\/www.europesays.com\/fi\/wp-json\/wp\/v2\/posts"}],"about":[{"href":"https:\/\/www.europesays.com\/fi\/wp-json\/wp\/v2\/types\/post"}],"author":[{"embeddable":true,"href":"https:\/\/www.europesays.com\/fi\/wp-json\/wp\/v2\/users\/2"}],"replies":[{"embeddable":true,"href":"https:\/\/www.europesays.com\/fi\/wp-json\/wp\/v2\/comments?post=26170"}],"version-history":[{"count":0,"href":"https:\/\/www.europesays.com\/fi\/wp-json\/wp\/v2\/posts\/26170\/revisions"}],"wp:featuredmedia":[{"embeddable":true,"href":"https:\/\/www.europesays.com\/fi\/wp-json\/wp\/v2\/media\/26171"}],"wp:attachment":[{"href":"https:\/\/www.europesays.com\/fi\/wp-json\/wp\/v2\/media?parent=26170"}],"wp:term":[{"taxonomy":"category","embeddable":true,"href":"https:\/\/www.europesays.com\/fi\/wp-json\/wp\/v2\/categories?post=26170"},{"taxonomy":"post_tag","embeddable":true,"href":"https:\/\/www.europesays.com\/fi\/wp-json\/wp\/v2\/tags?post=26170"}],"curies":[{"name":"wp","href":"https:\/\/api.w.org\/{rel}","templated":true}]}}