{"id":261718,"date":"2026-05-29T16:48:11","date_gmt":"2026-05-29T16:48:11","guid":{"rendered":"https:\/\/www.europesays.com\/fi\/261718\/"},"modified":"2026-05-29T16:48:11","modified_gmt":"2026-05-29T16:48:11","slug":"teemu-selanne-aiheuttaa-reaktioita-amerikkalaisissa","status":"publish","type":"post","link":"https:\/\/www.europesays.com\/fi\/261718\/","title":{"rendered":"Teemu Sel\u00e4nne aiheuttaa reaktioita amerikkalaisissa"},"content":{"rendered":"<p>            Eetu Ampuja &amp; Seiskan arkisto\n        <\/p>\n<p class=\"subtitle \">Seiska kysyi amerikkalaisilta Teemu Sel\u00e4nteest\u00e4. Finnish Flash muistuttaa kuulemma filmit\u00e4hte\u00e4.<\/p>\n<p class=\"article-content article-content-width !bg-background\"> lukeutuu Suomen kaikkien aikojen kovimpiin kiekkoilijoihin.<\/p>\n<p class=\"font-weight-bold m-font-weight-bold article-content article-content-width !bg-background\">Videolla amerikkalaiset yritt\u00e4v\u00e4t tunnistaa Teemu Sel\u00e4nnett\u00e4:<\/p>\n<p class=\"article-content article-content-width !bg-background\">Legendaarinen The Finnish Flash m\u00e4tti 1990-luvulla maaleja Winnipeg Jetsiss\u00e4 ja Mighty Ducks of Anaheimissa.<\/p>\n<p class=\"article-content article-content-width !bg-background\">J\u00e4lkimm\u00e4isess\u00e4 Teukka muodosti yhden NHL-historian kovimmista tutkapareista yhdess\u00e4  kanssa.<\/p>\n<p class=\"article-content article-content-width !bg-background\">Teemu tuli, n\u00e4ki ja valloitti Kalifornian kertaheitolla itselleen \u2013 osavaltion, jossa asustaa yh\u00e4 -vaimonsa kanssa.<\/p>\n<p class=\"article-content article-content-width !bg-background\">Mutta miten hyvin Teemu tunnistetaan muualla Amerikassa? Seiska otti h\u00e4rk\u00e4\u00e4 sarvista\u00a0\u2013 ja asiasta selv\u00e4\u00e4.<\/p>\n<p>        <a itemprop=\"url\" href=\"https:\/\/www.seiska.fi\/urheilu\/suomen-nhl-miljonaari-molaytti-selanteista-sisapiiripaljastus\/2137983\" rel=\"nofollow noopener\" target=\"_blank\"><\/p>\n<p>\nNHL-miljon\u00e4\u00e4ri m\u00f6l\u00e4ytti:\n<\/p>\n<p class=\"section-date\">\n        <strong class=\"article-section\" data-section=\"urheilu\"><br \/>\n            urheilu<br \/>\n        <\/strong><br \/>\n        29.4. 06:00\n    <\/p>\n<p>Suomen NHL-miljon\u00e4\u00e4ri m\u00f6l\u00e4ytti: Sel\u00e4nteist\u00e4 sis\u00e4piiripaljastus\n    <\/p>\n<p itemprop=\"description\" class=\"subtitle \">\n    Anaheim Ducksin helsinkil\u00e4isvahti Ville Husso kertoi kiintoisia tietoja Kaliforniasta.\n<\/p>\n<p>        <\/a><\/p>\n<p>                <img decoding=\"async\" src=\"https:\/\/www.europesays.com\/fi\/wp-content\/uploads\/2026\/05\/2166798.webp\" width=\"576\" height=\"408\" alt=\"Legendaarinen tutkapari Teemu Sel\u00e4nne &amp; Paul Kariya aateloitiin Hockey Hall of Fameen 2017.\" loading=\"lazy\" \/>            <\/p>\n<p>\n            Legendaarinen tutkapari Teemu Sel\u00e4nne &amp; Paul Kariya aateloitiin Hockey Hall of Fameen 2017.<br \/>\n            All Over Press\n        <\/p>\n<p>Viski virtaa ja banjo soi<\/p>\n<p class=\"article-content article-content-width !bg-background\">Viiksek\u00e4s reportterimme jalkautui Amerikan syd\u00e4nmaille Nashvilleen, joka tunnetaan melkoisena kantrikaupunkina.<\/p>\n<p class=\"article-content article-content-width !bg-background\">Syv\u00e4ss\u00e4 etel\u00e4ss\u00e4 viski virtaa ja banjo soi, mutta my\u00f6s j\u00e4\u00e4kiekko on l\u00e4hell\u00e4 paikallisten syd\u00e4nt\u00e4.<\/p>\n<p class=\"article-content article-content-width !bg-background\">Maalivahtilegenda\u00a0 on jopa oma patsas aivan Nashvillen ydinkeskustassa, mutta tunteeko t\u00e4\u00e4ll\u00e4 Teukkaa kukaan?<\/p>\n<p>        <a itemprop=\"url\" href=\"https:\/\/www.seiska.fi\/vain-seiskassa\/kuvat-julki-tassa-jenkkitalossa-suomalainen-pekka-asui-taylor-swiftin-naapurina\/2128300\" rel=\"nofollow noopener\" target=\"_blank\"><\/p>\n<p>\nKuvat julki Amerikasta!\n<\/p>\n<p class=\"section-date\">\n        <strong class=\"article-section\" data-section=\"vain seiskassa\"><br \/>\n            vain seiskassa<br \/>\n        <\/strong><br \/>\n        18.4. 09:00\n    <\/p>\n<p>Kuvat julki! T\u00e4ss\u00e4 jenkkitalossa suomalainen Pekka asui Taylor Swiftin naapurina\n    <\/p>\n<p itemprop=\"description\" class=\"subtitle \">\n    Seiska k\u00e4vi paikan p\u00e4\u00e4ll\u00e4 USA:ssa katsastamassa hulppean asuinrakennuksen.\n<\/p>\n<p>        <\/a><\/p>\n<p>                <img decoding=\"async\" src=\"https:\/\/www.europesays.com\/fi\/wp-content\/uploads\/2026\/05\/2166782.webp\" width=\"576\" height=\"639\" alt=\"Nashville Predatorsin NHL-pelaaja Erik Haula kuvattuna Pekka Rinteen patsaan edustalla.\" loading=\"lazy\" \/>            <\/p>\n<p>\n            Nashville Predatorsin NHL-pelaaja Erik Haula kuvattuna Pekka Rinteen patsaan edustalla.<br \/>\n            Eetu Ampuja\n        <\/p>\n<p>Amerikkalaisrouva punastui<\/p>\n<p class=\"article-content article-content-width !bg-background\">Nashvillen ydinkeskustassa pilvenpiirt\u00e4j\u00e4n juurella jututettu  katselee kiinnostuneena Sel\u00e4nteen valokuvaa.<\/p>\n<p class=\"article-content article-content-width !bg-background\">\u2013 Hmm\u2026 N\u00e4en h\u00e4ness\u00e4 hieman . Ja hieman , kotirouva vertaa filmit\u00e4htiin.<\/p>\n<p class=\"article-content article-content-width !bg-background\">\u2013 Se voi johtua h\u00e4nen kasvojen muodostaan.<\/p>\n<p>        <a itemprop=\"url\" href=\"https:\/\/www.seiska.fi\/urheilu\/kuvat-leijonien-tahtivahti-poseeraa-ylapelti-paljaana-huima-lempinimi-amerikassa\/2134100\" rel=\"nofollow noopener\" target=\"_blank\"><\/p>\n<p>\nHuima suosio USA:ssa!\n<\/p>\n<p class=\"section-date\">\n        <strong class=\"article-section\" data-section=\"urheilu\"><br \/>\n            urheilu<br \/>\n        <\/strong><br \/>\n        25.4. 17:00\n    <\/p>\n<p>Kuvat! Leijonien t\u00e4htivahti poseeraa yl\u00e4pelti paljaana \u2013 huima lempinimi Amerikassa\n    <\/p>\n<p itemprop=\"description\" class=\"subtitle \">\n    Big Juicena tunnettu Justus Annunen kaipaa maailmalla kotiin Kempeleeseen.\n<\/p>\n<p>        <\/a><\/p>\n<p class=\"article-content article-content-width !bg-background\">Kristen punastuu silminn\u00e4hden reportterin paljastaessa, ett\u00e4 kyseess\u00e4 on kuuluisa suomalainen j\u00e4\u00e4kiekkoilija.<\/p>\n<p class=\"article-content article-content-width !bg-background\">\u2013 Min\u00e4 niin tiesin! Meinasin oikeasti sanoa, ett\u00e4 l\u00e4tk\u00e4npelaaja. H\u00e4n todellakin n\u00e4ytt\u00e4\u00e4 silt\u00e4, iloinen Kristen nauraa.<\/p>\n<p>                <img decoding=\"async\" src=\"https:\/\/www.europesays.com\/fi\/wp-content\/uploads\/2026\/05\/2166727.webp\" width=\"576\" height=\"773\" alt=\"Kotirouva Kristen punasteli Teemusta kysytt\u00e4ess\u00e4.\" loading=\"lazy\" \/>            <\/p>\n<p>\n            Kotirouva Kristen punasteli Teemusta kysytt\u00e4ess\u00e4.<br \/>\n            Eetu Ampuja\n        <\/p>\n<p>\u201dYeah, yeah, yeah!\u201d<\/p>\n<p class=\"article-content article-content-width !bg-background\">Kalifornialaiset  ja  p\u00e4ivyst\u00e4v\u00e4t Country Music Hall of Famen edustalla. K\u00e4y ilmi, ett\u00e4 Bob on heti oikeilla j\u00e4ljill\u00e4.<\/p>\n<p class=\"article-content article-content-width !bg-background\">\u2013 Onko h\u00e4n j\u00e4\u00e4kiekkoilija? Sanon, ett\u00e4 l\u00e4tk\u00e4npelaaja.<\/p>\n<p class=\"article-content article-content-width !bg-background\">\u2013 Musiikkiartisti? En kyll\u00e4 tied\u00e4, Trevor nieleskelee.<\/p>\n<p class=\"article-content article-content-width !bg-background\">Bob ei ole pysy\u00e4 housuissaan, kun h\u00e4nelle mainitsee Teemu Sel\u00e4nteen nimen.<\/p>\n<p class=\"article-content article-content-width !bg-background\">\u2013 Yeah, yeah, yeah! Tunnistan h\u00e4net nyt, h\u00e4n intoilee.<\/p>\n<p>        <a itemprop=\"url\" href=\"https:\/\/www.seiska.fi\/urheilu\/suomalainen-latkatahti-avautuu-elamastaan-yhdysvalloissa-ranteessa-rolex-ja-kaikkialla-kauniita-naisia\/2140525\" rel=\"nofollow noopener\" target=\"_blank\"><\/p>\n<p>\nSuomalainen l\u00e4tk\u00e4t\u00e4hti USA:ssa\n<\/p>\n<p class=\"section-date\">\n        <strong class=\"article-section\" data-section=\"urheilu\"><br \/>\n            urheilu<br \/>\n        <\/strong><br \/>\n        3.5. 16:00\n    <\/p>\n<p>Suomalainen l\u00e4tk\u00e4t\u00e4hti avautuu el\u00e4m\u00e4st\u00e4\u00e4n Yhdysvalloissa: Ranteessa Rolex ja kaikkialla kauniita naisia\n    <\/p>\n<p itemprop=\"description\" class=\"subtitle \">\n    Suomen kohuttu l\u00e4tk\u00e4lupaus l\u00f6ytyi Nashville Predatorsin pukukopista.\n<\/p>\n<p>        <\/a><\/p>\n<p>                <img decoding=\"async\" src=\"https:\/\/www.europesays.com\/fi\/wp-content\/uploads\/2026\/05\/2166740.webp\" width=\"576\" height=\"639\" alt=\"Trevor ja Mike kertoivat Seiskalle mielipiteens\u00e4 Country Music Hall of Famen edustalla.\" loading=\"lazy\" \/>            <\/p>\n<p>\n            Trevor ja Mike kertoivat Seiskalle mielipiteens\u00e4 Country Music Hall of Famen edustalla.<br \/>\n            Eetu Ampuja\n        <\/p>\n<p>Preds-fanit aivan kuutamolla<\/p>\n<p class=\"article-content article-content-width !bg-background\">Nashville on kova kiekkokaupunki, mutta yll\u00e4tt\u00e4v\u00e4n monet paikallisen Predatorsin fanit tunnistavat vain l\u00e4tk\u00e4pit\u00e4j\u00e4n omat l\u00e4tk\u00e4t\u00e4hdet.<\/p>\n<p class=\"article-content article-content-width !bg-background\"> ja  ovat menossa katsomaan Predatorsin NHL-matsia. Bridgestone Arenan ulkopuolella jututettu kaksikko ihmettelee Sel\u00e4nteen kuvaa.<\/p>\n<p>        <a itemprop=\"url\" href=\"https:\/\/www.seiska.fi\/urheilu\/suomalaiset-tuliaiset-rajayttivat-pankin-usassa-nhl-tahdelta-paljonpuhuva-reaktio\/2147173\" rel=\"nofollow noopener\" target=\"_blank\"><\/p>\n<p>\nVideo julki!\n<\/p>\n<p class=\"section-date\">\n        <strong class=\"article-section\" data-section=\"urheilu\"><br \/>\n            urheilu<br \/>\n        <\/strong><br \/>\n        10.5. 19:00\n    <\/p>\n<p>Suomalaiset tuliaiset r\u00e4j\u00e4yttiv\u00e4t pankin USA:ssa \u2013 NHL-t\u00e4hdelt\u00e4 paljonpuhuva reaktio\n    <\/p>\n<p itemprop=\"description\" class=\"subtitle \">\n    Yhdysvaltojen Nashvilleen koitti varhain joulu, kiitos Seiskan tuliaisten.\n<\/p>\n<p>        <\/a><\/p>\n<p class=\"article-content article-content-width !bg-background\">\u2013 Kuka h\u00e4n on? Ei hajuakaan.<\/p>\n<p class=\"font-weight-bold m-font-weight-bold article-content article-content-width !bg-background\">No mutta jos jotain pit\u00e4\u00e4 arvata?<\/p>\n<p class=\"article-content article-content-width !bg-background\">\u2013 Bisnesmies, Chris heitt\u00e4\u00e4.<\/p>\n<p class=\"article-content article-content-width !bg-background\">\u2013 Viihdytt\u00e4j\u00e4, Tanya tuhahtaa.<\/p>\n<p>                <img decoding=\"async\" src=\"https:\/\/www.europesays.com\/fi\/wp-content\/uploads\/2026\/05\/2166742.webp\" width=\"576\" height=\"639\" alt=\"Tanya ja Chris eiv\u00e4t tunnistaneet Teukka Salamaa.\" loading=\"lazy\" \/>            <\/p>\n<p>\n            Tanya ja Chris eiv\u00e4t tunnistaneet Teukka Salamaa.<br \/>\n            Eetu Ampuja\n        <\/p>\n<p>Todellinen j\u00e4ttipotti<\/p>\n<p class=\"article-content article-content-width !bg-background\">\u00c4\u00e4ni kellossa on aivan toinen, kun asiasta kysyy Anaheim Ducksin faneilta.  hihkaisee heti oikean nimen Sel\u00e4nteen kuvan n\u00e4hdess\u00e4\u00e4n.<\/p>\n<p>        <a itemprop=\"url\" href=\"https:\/\/www.seiska.fi\/urheilu\/jestas-mika-menopeli-tallaisella-autolla-suomalainen-nhl-tahti-ajelee-amerikassa\/2134432\" rel=\"nofollow noopener\" target=\"_blank\"><\/p>\n<p>\nKuvat suoraan Amerikasta!\n<\/p>\n<p class=\"section-date\">\n        <strong class=\"article-section\" data-section=\"urheilu\"><br \/>\n            urheilu<br \/>\n        <\/strong><br \/>\n        25.4. 10:00\n    <\/p>\n<p>Jestas, mik\u00e4 menopeli! T\u00e4llaisella autolla suomalainen NHL-t\u00e4hti ajelee Amerikassa\n    <\/p>\n<p itemprop=\"description\" class=\"subtitle \">\n    NHL-miljon\u00e4\u00e4ri Erik Haula tyytyy 150 tuhannen dollarin \u00f6ky-Audiin.\n<\/p>\n<p>        <\/a><\/p>\n<p class=\"article-content article-content-width !bg-background\">\u2013 Hei, seh\u00e4n on Teemu Sel\u00e4nne! Minulla on parhaillaankin h\u00e4nen paitansa t\u00e4m\u00e4n pelipaidan alla, mies kertoo.<\/p>\n<p class=\"article-content article-content-width !bg-background\">Sanojensa vakuudeksi Mike riisuu pelipaidan ja sen alta paljastuu Sel\u00e4nteen nimell\u00e4 varustettu t-paita.<\/p>\n<p class=\"article-content article-content-width !bg-background\">\u2013 Teemu on legenda, The Finnish Flash. We love Teemu!<\/p>\n<p>                <img decoding=\"async\" src=\"https:\/\/www.europesays.com\/fi\/wp-content\/uploads\/2026\/05\/2166744.webp\" width=\"576\" height=\"360\" alt=\"Lisa ja Mike rakastavat Teemu Sel\u00e4nnett\u00e4.\" loading=\"lazy\" \/>            <\/p>\n<p>\n            Lisa ja Mike rakastavat Teemu Sel\u00e4nnett\u00e4.<br \/>\n            Eetu Ampuja\n        <\/p>\n","protected":false},"excerpt":{"rendered":"Eetu Ampuja &amp; Seiskan arkisto Seiska kysyi amerikkalaisilta Teemu Sel\u00e4nteest\u00e4. Finnish Flash muistuttaa kuulemma filmit\u00e4hte\u00e4. lukeutuu Suomen kaikkien&hellip;\n","protected":false},"author":2,"featured_media":261719,"comment_status":"","ping_status":"","sticky":false,"template":"","format":"standard","meta":{"footnotes":"","_share_on_mastodon":"0"},"categories":[136],"tags":[722,4124,407,18803,137,33,31,30,5362,10608,1143,408,35856,23698,7821,1697,35857,32,3375,9557,160,1700,4125,109,18720,619],"class_list":["post-261718","post","type-post","status-publish","format-standard","has-post-thumbnail","category-julkkikset","tag-amerikka","tag-anaheim-ducks","tag-celebrities","tag-christopher-walken","tag-entertainment","tag-fi","tag-finland","tag-finnish","tag-gallup","tag-hugh-grant","tag-jaakiekko","tag-julkkikset","tag-mighty-ducks-of-anaheim","tag-nashville","tag-nashville-predators","tag-nhl","tag-paul-kariya","tag-suomi","tag-teemu-selanne","tag-tennessee","tag-urheilu","tag-urheilulaji","tag-usa","tag-viihde","tag-winnipeg-jets","tag-yhdysvallat"],"share_on_mastodon":{"url":"https:\/\/pubeurope.com\/@fi\/116658891159782026","error":""},"_links":{"self":[{"href":"https:\/\/www.europesays.com\/fi\/wp-json\/wp\/v2\/posts\/261718","targetHints":{"allow":["GET"]}}],"collection":[{"href":"https:\/\/www.europesays.com\/fi\/wp-json\/wp\/v2\/posts"}],"about":[{"href":"https:\/\/www.europesays.com\/fi\/wp-json\/wp\/v2\/types\/post"}],"author":[{"embeddable":true,"href":"https:\/\/www.europesays.com\/fi\/wp-json\/wp\/v2\/users\/2"}],"replies":[{"embeddable":true,"href":"https:\/\/www.europesays.com\/fi\/wp-json\/wp\/v2\/comments?post=261718"}],"version-history":[{"count":0,"href":"https:\/\/www.europesays.com\/fi\/wp-json\/wp\/v2\/posts\/261718\/revisions"}],"wp:featuredmedia":[{"embeddable":true,"href":"https:\/\/www.europesays.com\/fi\/wp-json\/wp\/v2\/media\/261719"}],"wp:attachment":[{"href":"https:\/\/www.europesays.com\/fi\/wp-json\/wp\/v2\/media?parent=261718"}],"wp:term":[{"taxonomy":"category","embeddable":true,"href":"https:\/\/www.europesays.com\/fi\/wp-json\/wp\/v2\/categories?post=261718"},{"taxonomy":"post_tag","embeddable":true,"href":"https:\/\/www.europesays.com\/fi\/wp-json\/wp\/v2\/tags?post=261718"}],"curies":[{"name":"wp","href":"https:\/\/api.w.org\/{rel}","templated":true}]}}