{"id":26180,"date":"2025-09-05T07:08:07","date_gmt":"2025-09-05T07:08:07","guid":{"rendered":"https:\/\/www.europesays.com\/fi\/26180\/"},"modified":"2025-09-05T07:08:07","modified_gmt":"2025-09-05T07:08:07","slug":"mark-s-zuckerberg-haastoi-facebookin-oikeuteen-uutissuomalainen","status":"publish","type":"post","link":"https:\/\/www.europesays.com\/fi\/26180\/","title":{"rendered":"Mark S. Zuckerberg haastoi Facebookin oikeuteen | Uutissuomalainen"},"content":{"rendered":"<p>Yhdysvaltojen Indianassa asuva asianajaja on haastanut some-alusta Facebookin oikeuteen. Ep\u00e4tavalliseksi asian tekee se, ett\u00e4 haasteen j\u00e4tt\u00e4nyt asianajaja on nimelt\u00e4\u00e4n <strong>Mark Zuckerberg<\/strong>.<\/p>\n<p>Kyseess\u00e4 ei kuitenkaan ole alustan perustanut <strong>Mark Elliot Zuckerberg<\/strong>, vaan Mark Steven Zuckerberg. Haasteen j\u00e4tt\u00e4nyt Zuckerberg sanoo menett\u00e4neens\u00e4 tuhansia dollareita, jotka h\u00e4n on maksanut Facebookille sivunsa mainostamiseksi. H\u00e4nen mukaansa Facebook on toistuvasti sulkenut h\u00e4nen sivunsa &#8221;julkisuuden henkil\u00f6n\u00e4 esiintymisen&#8221; vuoksi.<\/p>\n<p>\u2013\u2009T\u00e4m\u00e4 on kuin ostaisit mainostaulun moottoritien varresta ja maksaisit siit\u00e4. Sitten he tulevat laittamaan j\u00e4ttim\u00e4isen huovan p\u00e4\u00e4lle, etk\u00e4 saa etuja siit\u00e4, mist\u00e4 maksoit, Zuckerberg sanoo.<\/p>\n<p>H\u00e4n sanoo todistaneensa henkil\u00f6llisyytens\u00e4 Facebookille useita kertoja. Alusta sanoo tiedotteessa palauttaneensa Zuckerbergin tilin ja kiitt\u00e4v\u00e4ns\u00e4 t\u00e4t\u00e4 k\u00e4rsiv\u00e4llisyydest\u00e4.<\/p>\n<p>Asiasta kertoo <a href=\"https:\/\/www.bbc.com\/news\/articles\/c5yk810pgkko\" rel=\"nofollow noopener\" target=\"_blank\">BBC<\/a>.<\/p>\n","protected":false},"excerpt":{"rendered":"Yhdysvaltojen Indianassa asuva asianajaja on haastanut some-alusta Facebookin oikeuteen. Ep\u00e4tavalliseksi asian tekee se, ett\u00e4 haasteen j\u00e4tt\u00e4nyt asianajaja on&hellip;\n","protected":false},"author":2,"featured_media":26181,"comment_status":"","ping_status":"","sticky":false,"template":"","format":"standard","meta":{"footnotes":""},"categories":[14],"tags":[2326,22,23,1752,26,27,33,31,30,17,147,3878,53,24,25,28,29,1616,15,18,21,151,32,19,20,56,16,59,60,61],"class_list":{"0":"post-26180","1":"post","2":"type-post","3":"status-publish","4":"format-standard","5":"has-post-thumbnail","7":"category-ulkomaat","8":"tag-bbc","9":"tag-breaking-news","10":"tag-breakingnews","11":"tag-facebook","12":"tag-featured-news","13":"tag-featurednews","14":"tag-fi","15":"tag-finland","16":"tag-finnish","17":"tag-headlines","18":"tag-internet-palvelut","19":"tag-julkisuuden-henkilot","20":"tag-laki-oikeus-ja-rikos","21":"tag-latest-news","22":"tag-latestnews","23":"tag-main-news","24":"tag-mainnews","25":"tag-media-viestinta","26":"tag-news","27":"tag-otsikot","28":"tag-paauutiset","29":"tag-sosiaalinen-media-ja-verkostoituminen","30":"tag-suomi","31":"tag-top-stories","32":"tag-topstories","33":"tag-ulkomaat","34":"tag-uutiset","35":"tag-world","36":"tag-world-news","37":"tag-worldnews"},"share_on_mastodon":{"url":"","error":""},"_links":{"self":[{"href":"https:\/\/www.europesays.com\/fi\/wp-json\/wp\/v2\/posts\/26180","targetHints":{"allow":["GET"]}}],"collection":[{"href":"https:\/\/www.europesays.com\/fi\/wp-json\/wp\/v2\/posts"}],"about":[{"href":"https:\/\/www.europesays.com\/fi\/wp-json\/wp\/v2\/types\/post"}],"author":[{"embeddable":true,"href":"https:\/\/www.europesays.com\/fi\/wp-json\/wp\/v2\/users\/2"}],"replies":[{"embeddable":true,"href":"https:\/\/www.europesays.com\/fi\/wp-json\/wp\/v2\/comments?post=26180"}],"version-history":[{"count":0,"href":"https:\/\/www.europesays.com\/fi\/wp-json\/wp\/v2\/posts\/26180\/revisions"}],"wp:featuredmedia":[{"embeddable":true,"href":"https:\/\/www.europesays.com\/fi\/wp-json\/wp\/v2\/media\/26181"}],"wp:attachment":[{"href":"https:\/\/www.europesays.com\/fi\/wp-json\/wp\/v2\/media?parent=26180"}],"wp:term":[{"taxonomy":"category","embeddable":true,"href":"https:\/\/www.europesays.com\/fi\/wp-json\/wp\/v2\/categories?post=26180"},{"taxonomy":"post_tag","embeddable":true,"href":"https:\/\/www.europesays.com\/fi\/wp-json\/wp\/v2\/tags?post=26180"}],"curies":[{"name":"wp","href":"https:\/\/api.w.org\/{rel}","templated":true}]}}